{"id":1648,"date":"2022-06-05T13:53:58","date_gmt":"2022-06-05T12:53:58","guid":{"rendered":"http:\/\/www.fo-saint-etienne.fr\/fomunvse\/?p=1648"},"modified":"2022-06-09T18:52:53","modified_gmt":"2022-06-09T17:52:53","slug":"info-force-ouvriere-de-la-semaine-21-2022","status":"publish","type":"post","link":"https:\/\/www.fo-saint-etienne.fr\/fomunvse\/?p=1648","title":{"rendered":"Info FORCE OUVRI\u00c8RE de la semaine 21 2022"},"content":{"rendered":"<p><span style=\"font-size: large;\">Comme chaque semaine, vous pourrez retrouver les articles publi\u00e9s\u00a0la\u00a0<b>semaine 21\u00a0<\/b>de l&rsquo;ann\u00e9e 2022 sur le site Internet\u00a0<u><b><a href=\"http:\/\/fo-territoriaux42.fr\/\" target=\"_blank\" rel=\"noopener\" data-saferedirecturl=\"https:\/\/www.google.com\/url?q=http:\/\/fo-territoriaux42.fr&amp;source=gmail&amp;ust=1654518969300000&amp;usg=AOvVaw28RPCF9s248WlREQMeB5fM\">fo-territoriaux42.fr<\/a><\/b><\/u>\u00a0<\/span><span style=\"font-size: large;\"><wbr \/>en cliquant sur le lien de l\u2019article :<\/span><\/p>\n<div>\n<div><b>&#8211;\u00a0<a href=\"http:\/\/www.fo-territoriaux42.fr\/2022\/05\/23\/salaires-les-syndicats-mettent-la-pression-sur-le-nouveau-ministre\/\" target=\"_blank\" rel=\"noopener\" data-saferedirecturl=\"https:\/\/www.google.com\/url?q=http:\/\/www.fo-territoriaux42.fr\/2022\/05\/23\/salaires-les-syndicats-mettent-la-pression-sur-le-nouveau-ministre\/&amp;source=gmail&amp;ust=1654518969300000&amp;usg=AOvVaw14_fm11607aRQfOP7JhPsc\">SALAIRES : LES SYNDICATS METTENT LA PRESSION SUR LE NOUVEAU MINISTRE<\/a><\/p>\n<p>&#8211;\u00a0<a href=\"http:\/\/www.fo-territoriaux42.fr\/2022\/05\/23\/les-agents-publics-se-sont-sentis-plus-sollicites-pendant-la-crise-sanitaire-mais-aussi-plus-utiles\/\" target=\"_blank\" rel=\"noopener\" data-saferedirecturl=\"https:\/\/www.google.com\/url?q=http:\/\/www.fo-territoriaux42.fr\/2022\/05\/23\/les-agents-publics-se-sont-sentis-plus-sollicites-pendant-la-crise-sanitaire-mais-aussi-plus-utiles\/&amp;source=gmail&amp;ust=1654518969300000&amp;usg=AOvVaw3sl26INaPXTLUko-JdJkDI\">LES AGENTS PUBLICS SE SONT SENTIS PLUS SOLLICIT\u00c9S PENDANT LA CRISE SANITAIRE, MAIS AUSSI PLUS \u00ab UTILES \u00bb<\/a><\/p>\n<p>&#8211;\u00a0<a href=\"http:\/\/www.fo-territoriaux42.fr\/2022\/05\/24\/degeler-le-point-dindice-pour-qui-pourquoi\/\" target=\"_blank\" rel=\"noopener\" data-saferedirecturl=\"https:\/\/www.google.com\/url?q=http:\/\/www.fo-territoriaux42.fr\/2022\/05\/24\/degeler-le-point-dindice-pour-qui-pourquoi\/&amp;source=gmail&amp;ust=1654518969300000&amp;usg=AOvVaw3SKlKWhC4tDLH2ogWrUXuJ\">D\u00c9GELER LE POINT D\u2019INDICE : POUR QUI ? POURQUOI ?<\/a><\/p>\n<p>&#8211;\u00a0<a href=\"http:\/\/www.fo-territoriaux42.fr\/2022\/05\/25\/fonction-publique-annulation-partielle-du-decret-sur-les-accords-collectifs\/\" target=\"_blank\" rel=\"noopener\" data-saferedirecturl=\"https:\/\/www.google.com\/url?q=http:\/\/www.fo-territoriaux42.fr\/2022\/05\/25\/fonction-publique-annulation-partielle-du-decret-sur-les-accords-collectifs\/&amp;source=gmail&amp;ust=1654518969300000&amp;usg=AOvVaw3mirm_peirB7a0XleWe11R\">FONCTION PUBLIQUE : ANNULATION PARTIELLE DU D\u00c9CRET SUR LES ACCORDS COLLECTIFS<\/a><\/p>\n<p>&#8211;\u00a0<a href=\"http:\/\/www.fo-territoriaux42.fr\/2022\/05\/25\/la-reforme-des-carrieres-et-des-remunerations-sur-laquelle-planche-ladministration\/\" target=\"_blank\" rel=\"noopener\" data-saferedirecturl=\"https:\/\/www.google.com\/url?q=http:\/\/www.fo-territoriaux42.fr\/2022\/05\/25\/la-reforme-des-carrieres-et-des-remunerations-sur-laquelle-planche-ladministration\/&amp;source=gmail&amp;ust=1654518969300000&amp;usg=AOvVaw01Jd9Mpad8lwV_5U3ApMIU\">LA R\u00c9FORME DES CARRI\u00c8RES ET DES R\u00c9MUN\u00c9RATIONS SUR LAQUELLE PLANCHE L\u2019ADMINISTRATION<\/a><\/p>\n<p>&#8211;\u00a0<a href=\"http:\/\/www.fo-territoriaux42.fr\/2022\/05\/27\/autorisation-speciale-dabsence-covid-19-et-conges-annuels\/\" target=\"_blank\" rel=\"noopener\" data-saferedirecturl=\"https:\/\/www.google.com\/url?q=http:\/\/www.fo-territoriaux42.fr\/2022\/05\/27\/autorisation-speciale-dabsence-covid-19-et-conges-annuels\/&amp;source=gmail&amp;ust=1654518969300000&amp;usg=AOvVaw2yYE9bCLs5VTOh90k2EBL7\">AUTORISATION SP\u00c9CIALE D\u2019ABSENCE COVID-19 ET CONG\u00c9S ANNUELS<\/a><\/b><\/div>\n<\/div>\n","protected":false},"excerpt":{"rendered":"<p>Comme chaque semaine, vous pourrez retrouver les articles publi\u00e9s\u00a0la\u00a0semaine 21\u00a0de l&rsquo;ann\u00e9e 2022 sur le site Internet\u00a0fo-territoriaux42.fr\u00a0en cliquant sur le lien de l\u2019article : &#8211;\u00a0SALAIRES : [&#8230;]<\/p>\n","protected":false},"author":1,"featured_media":0,"comment_status":"closed","ping_status":"closed","sticky":false,"template":"","format":"standard","meta":{"jetpack_post_was_ever_published":false,"_jetpack_newsletter_access":"","_jetpack_dont_email_post_to_subs":false,"_jetpack_newsletter_tier_id":0,"_jetpack_memberships_contains_paywalled_content":false,"_jetpack_memberships_contains_paid_content":false,"footnotes":""},"categories":[17],"tags":[],"class_list":["post-1648","post","type-post","status-publish","format-standard","hentry","category-article"],"jetpack_featured_media_url":"","jetpack_sharing_enabled":true,"jetpack_shortlink":"https:\/\/wp.me\/p9roQz-qA","jetpack_likes_enabled":false,"publishpress_future_action":{"enabled":false,"date":"2026-05-09 13:23:48","action":"change-status","newStatus":"draft","terms":[],"taxonomy":"category","extraData":[]},"publishpress_future_workflow_manual_trigger":{"enabledWorkflows":[]},"_links":{"self":[{"href":"https:\/\/www.fo-saint-etienne.fr\/fomunvse\/index.php?rest_route=\/wp\/v2\/posts\/1648","targetHints":{"allow":["GET"]}}],"collection":[{"href":"https:\/\/www.fo-saint-etienne.fr\/fomunvse\/index.php?rest_route=\/wp\/v2\/posts"}],"about":[{"href":"https:\/\/www.fo-saint-etienne.fr\/fomunvse\/index.php?rest_route=\/wp\/v2\/types\/post"}],"author":[{"embeddable":true,"href":"https:\/\/www.fo-saint-etienne.fr\/fomunvse\/index.php?rest_route=\/wp\/v2\/users\/1"}],"replies":[{"embeddable":true,"href":"https:\/\/www.fo-saint-etienne.fr\/fomunvse\/index.php?rest_route=%2Fwp%2Fv2%2Fcomments&post=1648"}],"version-history":[{"count":1,"href":"https:\/\/www.fo-saint-etienne.fr\/fomunvse\/index.php?rest_route=\/wp\/v2\/posts\/1648\/revisions"}],"predecessor-version":[{"id":1649,"href":"https:\/\/www.fo-saint-etienne.fr\/fomunvse\/index.php?rest_route=\/wp\/v2\/posts\/1648\/revisions\/1649"}],"wp:attachment":[{"href":"https:\/\/www.fo-saint-etienne.fr\/fomunvse\/index.php?rest_route=%2Fwp%2Fv2%2Fmedia&parent=1648"}],"wp:term":[{"taxonomy":"category","embeddable":true,"href":"https:\/\/www.fo-saint-etienne.fr\/fomunvse\/index.php?rest_route=%2Fwp%2Fv2%2Fcategories&post=1648"},{"taxonomy":"post_tag","embeddable":true,"href":"https:\/\/www.fo-saint-etienne.fr\/fomunvse\/index.php?rest_route=%2Fwp%2Fv2%2Ftags&post=1648"}],"curies":[{"name":"wp","href":"https:\/\/api.w.org\/{rel}","templated":true}]}}