{"id":2097,"date":"2024-06-18T09:22:36","date_gmt":"2024-06-18T08:22:36","guid":{"rendered":"http:\/\/www.fo-saint-etienne.fr\/fomunvse\/?p=2097"},"modified":"2025-01-14T01:24:24","modified_gmt":"2025-01-14T00:24:24","slug":"info-force-ouvriere-de-la-semaine-24-2024","status":"publish","type":"post","link":"https:\/\/www.fo-saint-etienne.fr\/fomunvse\/?p=2097","title":{"rendered":"Info FORCE OUVRI\u00c8RE de la semaine 24-2024"},"content":{"rendered":"<p><span style=\"font-size: large;\">Comme chaque semaine, vous retrouverez les articles publi\u00e9s\u00a0la\u00a0<b>semaine\u00a0<span class=\"gmail_default\">24<\/span>\u00a0<\/b>de l&rsquo;ann\u00e9e 2024 sur le site Internet <u><b><a href=\"http:\/\/fo-territoriaux42.fr\/\" target=\"_blank\" rel=\"noopener\" data-saferedirecturl=\"https:\/\/www.google.com\/url?q=http:\/\/fo-territoriaux42.fr\/&amp;source=gmail&amp;ust=1718784850416000&amp;usg=AOvVaw0HFAQV-MA-8Lzuf6uyE79y\">fo-territoriaux42.fr<\/a><\/b><\/u>\u00a0<\/span><span style=\"font-size: large;\"><wbr \/>en cliquant sur le lien de l\u2019article :<\/span><\/p>\n<p><span style=\"font-size: large;\"><b>&#8211;\u00a0<a href=\"http:\/\/www.fo-territoriaux42.fr\/2024\/06\/15\/hausse-de-10-u-du-point-dindice-et-recrutement-de-fonctionnaires-au-programme-du-nouveau-front-populaire\/\" target=\"_blank\" rel=\"noopener\" data-saferedirecturl=\"https:\/\/www.google.com\/url?q=http:\/\/www.fo-territoriaux42.fr\/2024\/06\/15\/hausse-de-10-u-du-point-dindice-et-recrutement-de-fonctionnaires-au-programme-du-nouveau-front-populaire\/&amp;source=gmail&amp;ust=1718784850416000&amp;usg=AOvVaw1xh2H674VeHAKYCk_4UJ78\">HAUSSE DE 10 % DU POINT D\u2019INDICE ET RECRUTEMENT DE FONCTIONNAIRES AU PROGRAMME DU \u00ab NOUVEAU<\/a><\/b> <a href=\"http:\/\/www.fo-territoriaux42.fr\/2024\/06\/15\/hausse-de-10-u-du-point-dindice-et-recrutement-de-fonctionnaires-au-programme-du-nouveau-front-populaire\/\" target=\"_blank\" rel=\"noopener\" data-saferedirecturl=\"https:\/\/www.google.com\/url?q=http:\/\/www.fo-territoriaux42.fr\/2024\/06\/15\/hausse-de-10-u-du-point-dindice-et-recrutement-de-fonctionnaires-au-programme-du-nouveau-front-populaire\/&amp;source=gmail&amp;ust=1718784850416000&amp;usg=AOvVaw1xh2H674VeHAKYCk_4UJ78\">FRONT<\/a><b><a href=\"http:\/\/www.fo-territoriaux42.fr\/2024\/06\/15\/hausse-de-10-u-du-point-dindice-et-recrutement-de-fonctionnaires-au-programme-du-nouveau-front-populaire\/\" target=\"_blank\" rel=\"noopener\" data-saferedirecturl=\"https:\/\/www.google.com\/url?q=http:\/\/www.fo-territoriaux42.fr\/2024\/06\/15\/hausse-de-10-u-du-point-dindice-et-recrutement-de-fonctionnaires-au-programme-du-nouveau-front-populaire\/&amp;source=gmail&amp;ust=1718784850416000&amp;usg=AOvVaw1xh2H674VeHAKYCk_4UJ78\"> POPULAIRE<\/a><\/b><a href=\"http:\/\/www.fo-territoriaux42.fr\/2024\/06\/15\/hausse-de-10-u-du-point-dindice-et-recrutement-de-fonctionnaires-au-programme-du-nouveau-front-populaire\/\" target=\"_blank\" rel=\"noopener\" data-saferedirecturl=\"https:\/\/www.google.com\/url?q=http:\/\/www.fo-territoriaux42.fr\/2024\/06\/15\/hausse-de-10-u-du-point-dindice-et-recrutement-de-fonctionnaires-au-programme-du-nouveau-front-populaire\/&amp;source=gmail&amp;ust=1718784850416000&amp;usg=AOvVaw1xh2H674VeHAKYCk_4UJ78\"> \u00bb<\/a><\/span><\/p>\n<p>&#8211;\u00a0<a href=\"http:\/\/www.fo-territoriaux42.fr\/2024\/06\/15\/la-macronie-continue-a-defendre-sa-reforme-de-la-fonction-publique\/\" target=\"_blank\" rel=\"noopener\" data-saferedirecturl=\"https:\/\/www.google.com\/url?q=http:\/\/www.fo-territoriaux42.fr\/2024\/06\/15\/la-macronie-continue-a-defendre-sa-reforme-de-la-fonction-publique\/&amp;source=gmail&amp;ust=1718784850416000&amp;usg=AOvVaw2NYOTr0qSfnwp5z0QfcpL_\">LA MACRONIE CONTINUE \u00c0 D\u00c9FENDRE SA R\u00c9FORME DE LA FONCTION PUBLIQUE<\/a><\/p>\n<p>&#8211;\u00a0<a href=\"http:\/\/www.fo-territoriaux42.fr\/2024\/06\/15\/declaration-de-la-commission-executive-force-ouvriere-du-13-juin-2024\/\" target=\"_blank\" rel=\"noopener\" data-saferedirecturl=\"https:\/\/www.google.com\/url?q=http:\/\/www.fo-territoriaux42.fr\/2024\/06\/15\/declaration-de-la-commission-executive-force-ouvriere-du-13-juin-2024\/&amp;source=gmail&amp;ust=1718784850416000&amp;usg=AOvVaw3wSrI2Rj3kwfyovNGSfLNM\">D\u00c9CLARATION DE LA COMMISSION EX\u00c9CUTIVE FORCE OUVRI\u00c8RE DU 13 JUIN 2024<\/a><\/p>\n<p>&#8211;\u00a0<a href=\"http:\/\/www.fo-territoriaux42.fr\/2024\/06\/15\/compte-rendu-fo-du-du-csfpt-du-29-mai-2024\/\" target=\"_blank\" rel=\"noopener\" data-saferedirecturl=\"https:\/\/www.google.com\/url?q=http:\/\/www.fo-territoriaux42.fr\/2024\/06\/15\/compte-rendu-fo-du-du-csfpt-du-29-mai-2024\/&amp;source=gmail&amp;ust=1718784850417000&amp;usg=AOvVaw18UUT0PmSc_eMFg2o8luZD\">COMPTE-RENDU FO DU CSFPT DU 29 MAI 2024<\/a><\/p>\n<p>&#8211;\u00a0<a href=\"http:\/\/www.fo-territoriaux42.fr\/2024\/06\/15\/elections-legislatives-anticipees-les-agents-territoriaux-a-nouveau-sur-le-pont\/\" target=\"_blank\" rel=\"noopener\" data-saferedirecturl=\"https:\/\/www.google.com\/url?q=http:\/\/www.fo-territoriaux42.fr\/2024\/06\/15\/elections-legislatives-anticipees-les-agents-territoriaux-a-nouveau-sur-le-pont\/&amp;source=gmail&amp;ust=1718784850417000&amp;usg=AOvVaw0G_624KymCxmqvO34q3MC9\">\u00c9LECTIONS L\u00c9GISLATIVES ANTICIP\u00c9ES LES AGENTS TERRITORIAUX \u00c0 NOUVEAU SUR LE PONT<\/a><\/p>\n<p>&#8211;\u00a0<a href=\"http:\/\/www.fo-territoriaux42.fr\/2024\/06\/11\/la-gauche-et-son-front-populaire-promettent-une-hausse-des-salaires-dans-la-fonction-publique\/\" target=\"_blank\" rel=\"noopener\" data-saferedirecturl=\"https:\/\/www.google.com\/url?q=http:\/\/www.fo-territoriaux42.fr\/2024\/06\/11\/la-gauche-et-son-front-populaire-promettent-une-hausse-des-salaires-dans-la-fonction-publique\/&amp;source=gmail&amp;ust=1718784850417000&amp;usg=AOvVaw3rtIGlCX8twDc9dIwhWnrp\">LA GAUCHE ET SON \u00ab FRONT POPULAIRE \u00bb PROMETTENT UNE HAUSSE DES SALAIRES DANS LA FONCTION PUBLIQUE<\/a><\/p>\n<p>&#8211;\u00a0<a href=\"http:\/\/www.fo-territoriaux42.fr\/2024\/06\/10\/la-reforme-de-la-fonction-publique-gelee-apres-la-dissolution\/\" target=\"_blank\" rel=\"noopener\" data-saferedirecturl=\"https:\/\/www.google.com\/url?q=http:\/\/www.fo-territoriaux42.fr\/2024\/06\/10\/la-reforme-de-la-fonction-publique-gelee-apres-la-dissolution\/&amp;source=gmail&amp;ust=1718784850417000&amp;usg=AOvVaw18kNCmI-nrHrVBW7ZCASn-\">LA R\u00c9FORME DE LA FONCTION PUBLIQUE GEL\u00c9E APR\u00c8S LA DISSOLUTION<\/a><\/p>\n<p>&#8211;\u00a0<a href=\"http:\/\/www.fo-territoriaux42.fr\/2024\/06\/10\/retour-de-la-periode-de-reserve-electorale-quelles-consequences-pour-les-agents-publiques\/\" target=\"_blank\" rel=\"noopener\" data-saferedirecturl=\"https:\/\/www.google.com\/url?q=http:\/\/www.fo-territoriaux42.fr\/2024\/06\/10\/retour-de-la-periode-de-reserve-electorale-quelles-consequences-pour-les-agents-publiques\/&amp;source=gmail&amp;ust=1718784850417000&amp;usg=AOvVaw1xCN8thQR4LKydpw7kfZCe\">RETOUR DE LA P\u00c9RIODE DE R\u00c9SERVE \u00c9LECTORALE : QUELLES CONS\u00c9QUENCES POUR LES AGENTS PUBLIQUES ?<\/a><\/p>\n<p>&#8211;\u00a0<a href=\"http:\/\/www.fo-territoriaux42.fr\/2024\/06\/10\/dissolution-un-aveu-dechec\/\" target=\"_blank\" rel=\"noopener\" data-saferedirecturl=\"https:\/\/www.google.com\/url?q=http:\/\/www.fo-territoriaux42.fr\/2024\/06\/10\/dissolution-un-aveu-dechec\/&amp;source=gmail&amp;ust=1718784850417000&amp;usg=AOvVaw12B4OO5ZG4Fr87IrCWC7yT\">DISSOLUTION : UN AVEU D\u2019\u00c9CHEC !<\/a><\/p>\n","protected":false},"excerpt":{"rendered":"<p>Comme chaque semaine, vous retrouverez les articles publi\u00e9s\u00a0la\u00a0semaine\u00a024\u00a0de l&rsquo;ann\u00e9e 2024 sur le site Internet fo-territoriaux42.fr\u00a0en cliquant sur le lien de l\u2019article : &#8211;\u00a0HAUSSE DE 10 [&#8230;]<\/p>\n","protected":false},"author":1,"featured_media":0,"comment_status":"closed","ping_status":"closed","sticky":false,"template":"","format":"standard","meta":{"jetpack_post_was_ever_published":false,"_jetpack_newsletter_access":"","_jetpack_dont_email_post_to_subs":false,"_jetpack_newsletter_tier_id":0,"_jetpack_memberships_contains_paywalled_content":false,"_jetpack_memberships_contains_paid_content":false,"footnotes":""},"categories":[17],"tags":[],"class_list":["post-2097","post","type-post","status-publish","format-standard","hentry","category-article"],"jetpack_featured_media_url":"","jetpack_sharing_enabled":true,"jetpack_shortlink":"https:\/\/wp.me\/p9roQz-xP","jetpack_likes_enabled":false,"publishpress_future_action":{"enabled":false,"date":"2026-05-10 17:41:20","action":"change-status","newStatus":"draft","terms":[],"taxonomy":"category","extraData":[]},"publishpress_future_workflow_manual_trigger":{"enabledWorkflows":[]},"_links":{"self":[{"href":"https:\/\/www.fo-saint-etienne.fr\/fomunvse\/index.php?rest_route=\/wp\/v2\/posts\/2097","targetHints":{"allow":["GET"]}}],"collection":[{"href":"https:\/\/www.fo-saint-etienne.fr\/fomunvse\/index.php?rest_route=\/wp\/v2\/posts"}],"about":[{"href":"https:\/\/www.fo-saint-etienne.fr\/fomunvse\/index.php?rest_route=\/wp\/v2\/types\/post"}],"author":[{"embeddable":true,"href":"https:\/\/www.fo-saint-etienne.fr\/fomunvse\/index.php?rest_route=\/wp\/v2\/users\/1"}],"replies":[{"embeddable":true,"href":"https:\/\/www.fo-saint-etienne.fr\/fomunvse\/index.php?rest_route=%2Fwp%2Fv2%2Fcomments&post=2097"}],"version-history":[{"count":2,"href":"https:\/\/www.fo-saint-etienne.fr\/fomunvse\/index.php?rest_route=\/wp\/v2\/posts\/2097\/revisions"}],"predecessor-version":[{"id":2099,"href":"https:\/\/www.fo-saint-etienne.fr\/fomunvse\/index.php?rest_route=\/wp\/v2\/posts\/2097\/revisions\/2099"}],"wp:attachment":[{"href":"https:\/\/www.fo-saint-etienne.fr\/fomunvse\/index.php?rest_route=%2Fwp%2Fv2%2Fmedia&parent=2097"}],"wp:term":[{"taxonomy":"category","embeddable":true,"href":"https:\/\/www.fo-saint-etienne.fr\/fomunvse\/index.php?rest_route=%2Fwp%2Fv2%2Fcategories&post=2097"},{"taxonomy":"post_tag","embeddable":true,"href":"https:\/\/www.fo-saint-etienne.fr\/fomunvse\/index.php?rest_route=%2Fwp%2Fv2%2Ftags&post=2097"}],"curies":[{"name":"wp","href":"https:\/\/api.w.org\/{rel}","templated":true}]}}