{"id":2105,"date":"2024-06-29T17:47:11","date_gmt":"2024-06-29T16:47:11","guid":{"rendered":"http:\/\/www.fo-saint-etienne.fr\/fomunvse\/?p=2105"},"modified":"2025-01-14T01:24:24","modified_gmt":"2025-01-14T00:24:24","slug":"info-force-ouvriere-de-la-semaine-25-2024","status":"publish","type":"post","link":"https:\/\/www.fo-saint-etienne.fr\/fomunvse\/?p=2105","title":{"rendered":"Info FORCE OUVRI\u00c8RE de la semaine 25-2024"},"content":{"rendered":"<p><span style=\"font-size: large;\">Comme chaque semaine, vous retrouverez les articles publi\u00e9s\u00a0la\u00a0<b>semaine\u00a0<span class=\"gmail_default\">25<\/span>\u00a0<\/b>de l&rsquo;ann\u00e9e 2024 sur le site Internet <u><b><a href=\"http:\/\/fo-territoriaux42.fr\/\" target=\"_blank\" rel=\"noopener\" data-saferedirecturl=\"https:\/\/www.google.com\/url?q=http:\/\/fo-territoriaux42.fr\/&amp;source=gmail&amp;ust=1719765030517000&amp;usg=AOvVaw0tH4KFtUEvDcQtaUw3bSIJ\">fo-territoriaux42.fr<\/a><\/b><\/u>\u00a0<\/span><span style=\"font-size: large;\"><wbr \/>en cliquant sur le lien de l\u2019article :<\/span><\/p>\n<p><span style=\"font-size: large;\"><b><a href=\"http:\/\/www.fo-territoriaux42.fr\/2024\/06\/20\/editorial-de-frederic-souillot-du-19-juin-2024-ne-pas-dissoudre-nos-valeurs\/\" target=\"_blank\" rel=\"noopener\" data-saferedirecturl=\"https:\/\/www.google.com\/url?q=http:\/\/www.fo-territoriaux42.fr\/2024\/06\/20\/editorial-de-frederic-souillot-du-19-juin-2024-ne-pas-dissoudre-nos-valeurs\/&amp;source=gmail&amp;ust=1719765030517000&amp;usg=AOvVaw0a6JW41TVSDuWf7HR8iv_2\">&#8211; \u00c9DITORIAL DE FR\u00c9D\u00c9RIC SOUILLOT DU 19 JUIN 2024 : \u00ab NE PAS DISSOUDRE NOS VALEURS \u00bb<\/a><\/b><\/span><\/p>\n<p><a href=\"http:\/\/www.fo-territoriaux42.fr\/2024\/06\/20\/le-camp-macron-promet-de-nouvelles-revalorisations-dans-la-fonction-publique\/\" target=\"_blank\" rel=\"noopener\" data-saferedirecturl=\"https:\/\/www.google.com\/url?q=http:\/\/www.fo-territoriaux42.fr\/2024\/06\/20\/le-camp-macron-promet-de-nouvelles-revalorisations-dans-la-fonction-publique\/&amp;source=gmail&amp;ust=1719765030517000&amp;usg=AOvVaw3vHc0_P5zXGtokLYYpldrH\">&#8211; LE CAMP MACRON PROMET DE NOUVELLES REVALORISATIONS DANS LA FONCTION PUBLIQUE<\/a><\/p>\n<p><a href=\"http:\/\/www.fo-territoriaux42.fr\/2024\/06\/20\/le-conseil-detat-reconnait-la-legitimite-dun-arret-de-travail-pour-burn-out\/\" target=\"_blank\" rel=\"noopener\" data-saferedirecturl=\"https:\/\/www.google.com\/url?q=http:\/\/www.fo-territoriaux42.fr\/2024\/06\/20\/le-conseil-detat-reconnait-la-legitimite-dun-arret-de-travail-pour-burn-out\/&amp;source=gmail&amp;ust=1719765030517000&amp;usg=AOvVaw312iHQigIov3cEev8TeP_t\">&#8211; LE CONSEIL D\u2019\u00c9TAT RECONNA\u00ceT LA L\u00c9GITIMIT\u00c9 D\u2019UN ARR\u00caT DE TRAVAIL POUR BURN-OUT<\/a><\/p>\n<p><a href=\"http:\/\/www.fo-territoriaux42.fr\/2024\/06\/19\/un-avenir-meilleur-pour-les-fonctionnaires-et-les-services-publics\/\" target=\"_blank\" rel=\"noopener\" data-saferedirecturl=\"https:\/\/www.google.com\/url?q=http:\/\/www.fo-territoriaux42.fr\/2024\/06\/19\/un-avenir-meilleur-pour-les-fonctionnaires-et-les-services-publics\/&amp;source=gmail&amp;ust=1719765030517000&amp;usg=AOvVaw3z-NMSvrUbWRC6YDtb7P7u\">&#8211; UN AVENIR MEILLEUR POUR LES FONCTIONNAIRES ET LES SERVICES PUBLICS ?<\/a><\/p>\n<p><a href=\"http:\/\/www.fo-territoriaux42.fr\/2024\/06\/19\/declaration-fo-au-csfpt-du-19-juin-2024\/\" target=\"_blank\" rel=\"noopener\" data-saferedirecturl=\"https:\/\/www.google.com\/url?q=http:\/\/www.fo-territoriaux42.fr\/2024\/06\/19\/declaration-fo-au-csfpt-du-19-juin-2024\/&amp;source=gmail&amp;ust=1719765030517000&amp;usg=AOvVaw12a3AxXN1yKzxFcT4UPKuY\">&#8211; D\u00c9CLARATION FO AU CSFPT DU 19 JUIN 2024<\/a><\/p>\n<p><a href=\"http:\/\/www.fo-territoriaux42.fr\/2024\/06\/19\/en-cas-de-suppression-dune-regie-les-agents-doivent-etre-reclasses\/\" target=\"_blank\" rel=\"noopener\" data-saferedirecturl=\"https:\/\/www.google.com\/url?q=http:\/\/www.fo-territoriaux42.fr\/2024\/06\/19\/en-cas-de-suppression-dune-regie-les-agents-doivent-etre-reclasses\/&amp;source=gmail&amp;ust=1719765030517000&amp;usg=AOvVaw0vUID7ulCa_zqWo8yKhERc\">&#8211; EN CAS DE SUPPRESSION D\u2019UNE R\u00c9GIE, LES AGENTS DOIVENT \u00caTRE RECLASS\u00c9S<\/a><\/p>\n<p><a href=\"http:\/\/www.fo-territoriaux42.fr\/2024\/06\/18\/charge-de-travail-irritation-et-manque-de-reconnaissance-pesent-sur-les-territoriaux\/\" target=\"_blank\" rel=\"noopener\" data-saferedirecturl=\"https:\/\/www.google.com\/url?q=http:\/\/www.fo-territoriaux42.fr\/2024\/06\/18\/charge-de-travail-irritation-et-manque-de-reconnaissance-pesent-sur-les-territoriaux\/&amp;source=gmail&amp;ust=1719765030518000&amp;usg=AOvVaw1HtlE4fW6CfcVaM7gaWA3w\">&#8211; CHARGE DE TRAVAIL, IRRITATION ET MANQUE DE RECONNAISSANCE P\u00c8SENT SUR LES TERRITORIAUX<\/a><\/p>\n<p><a href=\"http:\/\/www.fo-territoriaux42.fr\/2024\/06\/17\/syndicalisme-et-independance\/\" target=\"_blank\" rel=\"noopener\" data-saferedirecturl=\"https:\/\/www.google.com\/url?q=http:\/\/www.fo-territoriaux42.fr\/2024\/06\/17\/syndicalisme-et-independance\/&amp;source=gmail&amp;ust=1719765030518000&amp;usg=AOvVaw2baSeEhzs-14qbAULU2Bg_\">&#8211; SYNDICALISME ET IND\u00c9PENDANCE !<\/a><\/p>\n<p><a href=\"http:\/\/www.fo-territoriaux42.fr\/2024\/06\/17\/face-au-rn-des-syndicats-de-la-fonction-publique-en-ordre-disperse\/\" target=\"_blank\" rel=\"noopener\" data-saferedirecturl=\"https:\/\/www.google.com\/url?q=http:\/\/www.fo-territoriaux42.fr\/2024\/06\/17\/face-au-rn-des-syndicats-de-la-fonction-publique-en-ordre-disperse\/&amp;source=gmail&amp;ust=1719765030518000&amp;usg=AOvVaw3RcMnPd01UT52dtnD_Y_JS\">&#8211; FACE AU RN, DES SYNDICATS DE LA FONCTION PUBLIQUE EN ORDRE DISPERS\u00c9<\/a><\/p>\n","protected":false},"excerpt":{"rendered":"<p>Comme chaque semaine, vous retrouverez les articles publi\u00e9s\u00a0la\u00a0semaine\u00a025\u00a0de l&rsquo;ann\u00e9e 2024 sur le site Internet fo-territoriaux42.fr\u00a0en cliquant sur le lien de l\u2019article : &#8211; \u00c9DITORIAL DE [&#8230;]<\/p>\n","protected":false},"author":1,"featured_media":0,"comment_status":"closed","ping_status":"closed","sticky":false,"template":"","format":"standard","meta":{"jetpack_post_was_ever_published":false,"_jetpack_newsletter_access":"","_jetpack_dont_email_post_to_subs":false,"_jetpack_newsletter_tier_id":0,"_jetpack_memberships_contains_paywalled_content":false,"_jetpack_memberships_contains_paid_content":false,"footnotes":""},"categories":[17],"tags":[],"class_list":["post-2105","post","type-post","status-publish","format-standard","hentry","category-article"],"jetpack_featured_media_url":"","jetpack_sharing_enabled":true,"jetpack_shortlink":"https:\/\/wp.me\/p9roQz-xX","jetpack_likes_enabled":false,"publishpress_future_action":{"enabled":false,"date":"2026-05-10 17:38:53","action":"change-status","newStatus":"draft","terms":[],"taxonomy":"category","extraData":[]},"publishpress_future_workflow_manual_trigger":{"enabledWorkflows":[]},"_links":{"self":[{"href":"https:\/\/www.fo-saint-etienne.fr\/fomunvse\/index.php?rest_route=\/wp\/v2\/posts\/2105","targetHints":{"allow":["GET"]}}],"collection":[{"href":"https:\/\/www.fo-saint-etienne.fr\/fomunvse\/index.php?rest_route=\/wp\/v2\/posts"}],"about":[{"href":"https:\/\/www.fo-saint-etienne.fr\/fomunvse\/index.php?rest_route=\/wp\/v2\/types\/post"}],"author":[{"embeddable":true,"href":"https:\/\/www.fo-saint-etienne.fr\/fomunvse\/index.php?rest_route=\/wp\/v2\/users\/1"}],"replies":[{"embeddable":true,"href":"https:\/\/www.fo-saint-etienne.fr\/fomunvse\/index.php?rest_route=%2Fwp%2Fv2%2Fcomments&post=2105"}],"version-history":[{"count":2,"href":"https:\/\/www.fo-saint-etienne.fr\/fomunvse\/index.php?rest_route=\/wp\/v2\/posts\/2105\/revisions"}],"predecessor-version":[{"id":2107,"href":"https:\/\/www.fo-saint-etienne.fr\/fomunvse\/index.php?rest_route=\/wp\/v2\/posts\/2105\/revisions\/2107"}],"wp:attachment":[{"href":"https:\/\/www.fo-saint-etienne.fr\/fomunvse\/index.php?rest_route=%2Fwp%2Fv2%2Fmedia&parent=2105"}],"wp:term":[{"taxonomy":"category","embeddable":true,"href":"https:\/\/www.fo-saint-etienne.fr\/fomunvse\/index.php?rest_route=%2Fwp%2Fv2%2Fcategories&post=2105"},{"taxonomy":"post_tag","embeddable":true,"href":"https:\/\/www.fo-saint-etienne.fr\/fomunvse\/index.php?rest_route=%2Fwp%2Fv2%2Ftags&post=2105"}],"curies":[{"name":"wp","href":"https:\/\/api.w.org\/{rel}","templated":true}]}}