{"id":2113,"date":"2024-07-15T16:21:58","date_gmt":"2024-07-15T15:21:58","guid":{"rendered":"http:\/\/www.fo-saint-etienne.fr\/fomunvse\/?p=2113"},"modified":"2025-01-14T01:24:23","modified_gmt":"2025-01-14T00:24:23","slug":"info-force-ouvriere-de-la-semaine-28-2024","status":"publish","type":"post","link":"https:\/\/www.fo-saint-etienne.fr\/fomunvse\/?p=2113","title":{"rendered":"Info FORCE OUVRI\u00c8RE de la semaine 28-2024"},"content":{"rendered":"<p><span style=\"font-size: large;\">Comme chaque semaine, vous retrouverez les articles publi\u00e9s\u00a0la\u00a0<b>semaine\u00a0<span class=\"gmail_default\">28<\/span>\u00a0<\/b>de l&rsquo;ann\u00e9e 2024 sur le site Internet <u><b><a href=\"http:\/\/fo-territoriaux42.fr\/\" target=\"_blank\" rel=\"noopener\" data-saferedirecturl=\"https:\/\/www.google.com\/url?q=http:\/\/fo-territoriaux42.fr\/&amp;source=gmail&amp;ust=1721141913936000&amp;usg=AOvVaw2r4aKQoFnyoBVJvb6DusnF\">fo-territoriaux42.fr<\/a><\/b><\/u>\u00a0<\/span><span style=\"font-size: large;\"><wbr \/>en cliquant sur le lien de l\u2019article :<\/span><\/p>\n<p><span style=\"font-size: large;\"><b>&#8211;\u00a0<a href=\"http:\/\/www.fo-territoriaux42.fr\/2024\/07\/12\/pour-force-ouvriere-lurgence-cest-de-repondre-aux-revendications\/\" target=\"_blank\" rel=\"noopener\" data-saferedirecturl=\"https:\/\/www.google.com\/url?q=http:\/\/www.fo-territoriaux42.fr\/2024\/07\/12\/pour-force-ouvriere-lurgence-cest-de-repondre-aux-revendications\/&amp;source=gmail&amp;ust=1721141913936000&amp;usg=AOvVaw3LJRVJjSaKz7sFDafnnrWr\">POUR FORCE OUVRI\u00c8RE, L\u2019URGENCE C\u2019EST DE R\u00c9PONDRE AUX REVENDICATIONS<\/a><\/p>\n<p>&#8211;\u00a0<a href=\"http:\/\/www.fo-territoriaux42.fr\/2024\/07\/12\/compte-rendu-fo-du-csfpt-du-5-juillet-2024\/\" target=\"_blank\" rel=\"noopener\" data-saferedirecturl=\"https:\/\/www.google.com\/url?q=http:\/\/www.fo-territoriaux42.fr\/2024\/07\/12\/compte-rendu-fo-du-csfpt-du-5-juillet-2024\/&amp;source=gmail&amp;ust=1721141913936000&amp;usg=AOvVaw1HjZ-RrpNSabalomCMz30y\">COMPTE RENDU FO DU CSFPT DU 5 JUILLET 2024<\/a><\/p>\n<p>&#8211;\u00a0<a href=\"http:\/\/www.fo-territoriaux42.fr\/2024\/07\/12\/le-nombre-de-contractuels-continue-daugmenter-dans-la-fonction-publique\/\" target=\"_blank\" rel=\"noopener\" data-saferedirecturl=\"https:\/\/www.google.com\/url?q=http:\/\/www.fo-territoriaux42.fr\/2024\/07\/12\/le-nombre-de-contractuels-continue-daugmenter-dans-la-fonction-publique\/&amp;source=gmail&amp;ust=1721141913936000&amp;usg=AOvVaw2SduZ1ztO3IBHUHy83Mh0b\">LE NOMBRE DE CONTRACTUELS CONTINUE D\u2019AUGMENTER DANS LA FONCTION PUBLIQUE<\/a><\/p>\n<p>&#8211;\u00a0<a href=\"http:\/\/www.fo-territoriaux42.fr\/2024\/07\/11\/declaration-de-la-commission-executive-fo-la-republique-toujours-les-revendications-tout-de-suite\/\" target=\"_blank\" rel=\"noopener\" data-saferedirecturl=\"https:\/\/www.google.com\/url?q=http:\/\/www.fo-territoriaux42.fr\/2024\/07\/11\/declaration-de-la-commission-executive-fo-la-republique-toujours-les-revendications-tout-de-suite\/&amp;source=gmail&amp;ust=1721141913936000&amp;usg=AOvVaw3cSCmCduullHxdB5hYX4we\">D\u00c9CLARATION DE LA COMMISSION EX\u00c9CUTIVE FO : LA R\u00c9PUBLIQUE TOUJOURS, LES REVENDICATIONS TOUT DE SUITE<\/a><\/p>\n<p>&#8211;\u00a0<a href=\"http:\/\/www.fo-territoriaux42.fr\/2024\/07\/11\/lanceurs-dalerte-dans-la-fonction-publique-certaines-communes-doivent-mettre-en-place-un-systeme-de-signalement\/\" target=\"_blank\" rel=\"noopener\" data-saferedirecturl=\"https:\/\/www.google.com\/url?q=http:\/\/www.fo-territoriaux42.fr\/2024\/07\/11\/lanceurs-dalerte-dans-la-fonction-publique-certaines-communes-doivent-mettre-en-place-un-systeme-de-signalement\/&amp;source=gmail&amp;ust=1721141913936000&amp;usg=AOvVaw1NCK2BwI3Fms0uQVpAGsEz\">\u00ab LANCEURS D\u2019ALERTE \u00bb DANS LA FONCTION PUBLIQUE : CERTAINES COMMUNES DOIVENT METTRE EN PLACE UN SYST\u00c8ME DE SIGNALEMENT!<\/a><\/p>\n<p>&#8211;\u00a0<a href=\"http:\/\/www.fo-territoriaux42.fr\/2024\/07\/10\/procedures-disciplinaires-debat-autour-du-droit-des-fonctionnaires-de-se-taire\/\" target=\"_blank\" rel=\"noopener\" data-saferedirecturl=\"https:\/\/www.google.com\/url?q=http:\/\/www.fo-territoriaux42.fr\/2024\/07\/10\/procedures-disciplinaires-debat-autour-du-droit-des-fonctionnaires-de-se-taire\/&amp;source=gmail&amp;ust=1721141913936000&amp;usg=AOvVaw2NzHz09Zc9rbDWjzTmTeqe\">PROC\u00c9DURES DISCIPLINAIRES : D\u00c9BAT AUTOUR DU DROIT DES FONCTIONNAIRES DE SE TAIRE<\/a><\/p>\n<p>&#8211;\u00a0<a href=\"http:\/\/www.fo-territoriaux42.fr\/2024\/07\/09\/concours-examens-professionnels-recrutements-le-recours-a-la-visioconference-est-elargi\/\" target=\"_blank\" rel=\"noopener\" data-saferedirecturl=\"https:\/\/www.google.com\/url?q=http:\/\/www.fo-territoriaux42.fr\/2024\/07\/09\/concours-examens-professionnels-recrutements-le-recours-a-la-visioconference-est-elargi\/&amp;source=gmail&amp;ust=1721141913936000&amp;usg=AOvVaw3YxE6dcl0qi8KBjt734iLG\">CONCOURS, EXAMENS PROFESSIONNELS, RECRUTEMENTS : LE RECOURS \u00c0 LA VISIOCONF\u00c9RENCE EST \u00c9LARGI<\/a><\/p>\n<p>&#8211;\u00a0<a href=\"http:\/\/www.fo-territoriaux42.fr\/2024\/07\/08\/le-regime-de-la-protection-fonctionnelle-etendu-dans-la-fonction-publique\/\" target=\"_blank\" rel=\"noopener\" data-saferedirecturl=\"https:\/\/www.google.com\/url?q=http:\/\/www.fo-territoriaux42.fr\/2024\/07\/08\/le-regime-de-la-protection-fonctionnelle-etendu-dans-la-fonction-publique\/&amp;source=gmail&amp;ust=1721141913936000&amp;usg=AOvVaw2X5RQlf8tcSlPUG4EAFnN4\">LE R\u00c9GIME DE LA PROTECTION FONCTIONNELLE \u00c9TENDU DANS LA FONCTION PUBLIQUE<\/a><\/b><\/span><\/p>\n","protected":false},"excerpt":{"rendered":"<p>Comme chaque semaine, vous retrouverez les articles publi\u00e9s\u00a0la\u00a0semaine\u00a028\u00a0de l&rsquo;ann\u00e9e 2024 sur le site Internet fo-territoriaux42.fr\u00a0en cliquant sur le lien de l\u2019article : &#8211;\u00a0POUR FORCE OUVRI\u00c8RE, [&#8230;]<\/p>\n","protected":false},"author":1,"featured_media":0,"comment_status":"closed","ping_status":"closed","sticky":false,"template":"","format":"standard","meta":{"jetpack_post_was_ever_published":false,"_jetpack_newsletter_access":"","_jetpack_dont_email_post_to_subs":false,"_jetpack_newsletter_tier_id":0,"_jetpack_memberships_contains_paywalled_content":false,"_jetpack_memberships_contains_paid_content":false,"footnotes":""},"categories":[17],"tags":[],"class_list":["post-2113","post","type-post","status-publish","format-standard","hentry","category-article"],"jetpack_featured_media_url":"","jetpack_sharing_enabled":true,"jetpack_shortlink":"https:\/\/wp.me\/p9roQz-y5","jetpack_likes_enabled":false,"publishpress_future_action":{"enabled":false,"date":"2026-05-10 17:37:56","action":"change-status","newStatus":"draft","terms":[],"taxonomy":"category","extraData":[]},"publishpress_future_workflow_manual_trigger":{"enabledWorkflows":[]},"_links":{"self":[{"href":"https:\/\/www.fo-saint-etienne.fr\/fomunvse\/index.php?rest_route=\/wp\/v2\/posts\/2113","targetHints":{"allow":["GET"]}}],"collection":[{"href":"https:\/\/www.fo-saint-etienne.fr\/fomunvse\/index.php?rest_route=\/wp\/v2\/posts"}],"about":[{"href":"https:\/\/www.fo-saint-etienne.fr\/fomunvse\/index.php?rest_route=\/wp\/v2\/types\/post"}],"author":[{"embeddable":true,"href":"https:\/\/www.fo-saint-etienne.fr\/fomunvse\/index.php?rest_route=\/wp\/v2\/users\/1"}],"replies":[{"embeddable":true,"href":"https:\/\/www.fo-saint-etienne.fr\/fomunvse\/index.php?rest_route=%2Fwp%2Fv2%2Fcomments&post=2113"}],"version-history":[{"count":1,"href":"https:\/\/www.fo-saint-etienne.fr\/fomunvse\/index.php?rest_route=\/wp\/v2\/posts\/2113\/revisions"}],"predecessor-version":[{"id":2114,"href":"https:\/\/www.fo-saint-etienne.fr\/fomunvse\/index.php?rest_route=\/wp\/v2\/posts\/2113\/revisions\/2114"}],"wp:attachment":[{"href":"https:\/\/www.fo-saint-etienne.fr\/fomunvse\/index.php?rest_route=%2Fwp%2Fv2%2Fmedia&parent=2113"}],"wp:term":[{"taxonomy":"category","embeddable":true,"href":"https:\/\/www.fo-saint-etienne.fr\/fomunvse\/index.php?rest_route=%2Fwp%2Fv2%2Fcategories&post=2113"},{"taxonomy":"post_tag","embeddable":true,"href":"https:\/\/www.fo-saint-etienne.fr\/fomunvse\/index.php?rest_route=%2Fwp%2Fv2%2Ftags&post=2113"}],"curies":[{"name":"wp","href":"https:\/\/api.w.org\/{rel}","templated":true}]}}