{"id":2128,"date":"2024-09-09T09:30:18","date_gmt":"2024-09-09T08:30:18","guid":{"rendered":"http:\/\/www.fo-saint-etienne.fr\/fomunvse\/?p=2128"},"modified":"2025-01-14T01:23:24","modified_gmt":"2025-01-14T00:23:24","slug":"info-force-ouvriere-de-la-semaine-36-2024","status":"publish","type":"post","link":"https:\/\/www.fo-saint-etienne.fr\/fomunvse\/?p=2128","title":{"rendered":"Info FORCE OUVRI\u00c8RE de la semaine 36-2024"},"content":{"rendered":"<div>\n<p><span style=\"font-size: large;\">Comme chaque semaine, vous retrouverez les articles publi\u00e9s\u00a0la\u00a0<b>semaine\u00a0<span class=\"gmail_default\">3<\/span><span class=\"gmail_default\">6\u00a0<\/span><\/b><\/span><span style=\"font-size: large;\">de l&rsquo;ann\u00e9e 2024 sur le site Internet <u><b><a href=\"http:\/\/fo-territoriaux42.fr\/\" target=\"_blank\" rel=\"noopener\" data-saferedirecturl=\"https:\/\/www.google.com\/url?q=http:\/\/fo-territoriaux42.fr\/&amp;source=gmail&amp;ust=1725956437770000&amp;usg=AOvVaw1CIPfPT9ef9GR87qmutgVE\">fo-territoriaux42.fr<\/a><\/b><\/u>\u00a0<\/span><span style=\"font-size: large;\"><wbr \/>en cliquant sur le lien de l\u2019article :<\/span><\/p>\n<\/div>\n<div><span style=\"font-size: large;\"><b>&#8211;\u00a0<a href=\"http:\/\/www.fo-territoriaux42.fr\/2024\/09\/06\/declaration-de-la-commission-executive-fo-du-5-septembre-2024-les-revendications-tout-de-suite\/\" target=\"_blank\" rel=\"noopener\" data-saferedirecturl=\"https:\/\/www.google.com\/url?q=http:\/\/www.fo-territoriaux42.fr\/2024\/09\/06\/declaration-de-la-commission-executive-fo-du-5-septembre-2024-les-revendications-tout-de-suite\/&amp;source=gmail&amp;ust=1725956437770000&amp;usg=AOvVaw3dJrIj1_iAbyp3yxNxwdRh\">D\u00c9CLARATION DE LA COMMISSION EX\u00c9CUTIVE FO DU 5 SEPTEMBRE 2024 : LES REVENDICATIONS TOUT DE SUITE<\/a><\/p>\n<p>&#8211;\u00a0<a href=\"http:\/\/www.fo-territoriaux42.fr\/2024\/09\/06\/alerte-sur-les-finances-de-la-caisse-de-retraite-des-fonctionnaires-territoriaux-et-hospitaliers\/\" target=\"_blank\" rel=\"noopener\" data-saferedirecturl=\"https:\/\/www.google.com\/url?q=http:\/\/www.fo-territoriaux42.fr\/2024\/09\/06\/alerte-sur-les-finances-de-la-caisse-de-retraite-des-fonctionnaires-territoriaux-et-hospitaliers\/&amp;source=gmail&amp;ust=1725956437770000&amp;usg=AOvVaw3h-2xz5lIiU5TFAc2YH__N\">ALERTE SUR LES FINANCES DE LA CAISSE DE RETRAITE DES FONCTIONNAIRES TERRITORIAUX ET HOSPITALIERS<\/a><\/p>\n<p>&#8211;\u00a0<a href=\"http:\/\/www.fo-territoriaux42.fr\/2024\/09\/05\/arret-maladie-les-fonctionnaires-malades-de-lausterite-et-de-leurs-employeurs\/\" target=\"_blank\" rel=\"noopener\" data-saferedirecturl=\"https:\/\/www.google.com\/url?q=http:\/\/www.fo-territoriaux42.fr\/2024\/09\/05\/arret-maladie-les-fonctionnaires-malades-de-lausterite-et-de-leurs-employeurs\/&amp;source=gmail&amp;ust=1725956437770000&amp;usg=AOvVaw2ShkcX-CF77b4uHWg-eXvN\">ARR\u00caT MALADIE : LES FONCTIONNAIRES MALADES DE L\u2019AUST\u00c9RIT\u00c9 ET DE LEURS EMPLOYEURS !<\/a><\/p>\n<p>&#8211;\u00a0<a href=\"http:\/\/www.fo-territoriaux42.fr\/2024\/09\/04\/septembre-2024-le-no-mans-land-gouvernemental\/\" target=\"_blank\" rel=\"noopener\" data-saferedirecturl=\"https:\/\/www.google.com\/url?q=http:\/\/www.fo-territoriaux42.fr\/2024\/09\/04\/septembre-2024-le-no-mans-land-gouvernemental\/&amp;source=gmail&amp;ust=1725956437770000&amp;usg=AOvVaw05UCDTyZJdKvnRdg3Spjs9\">SEPTEMBRE 2024 : LE NO MAN\u2019S LAND GOUVERNEMENTAL !<\/a><\/p>\n<p>&#8211;\u00a0<a href=\"http:\/\/www.fo-territoriaux42.fr\/2024\/09\/04\/aggravation-du-deficit-public-ciblees-par-le-gouvernement-les-collectivites-denoncent-un-mensonge-populiste\/\" target=\"_blank\" rel=\"noopener\" data-saferedirecturl=\"https:\/\/www.google.com\/url?q=http:\/\/www.fo-territoriaux42.fr\/2024\/09\/04\/aggravation-du-deficit-public-ciblees-par-le-gouvernement-les-collectivites-denoncent-un-mensonge-populiste\/&amp;source=gmail&amp;ust=1725956437770000&amp;usg=AOvVaw2KAE8RgGnIeZv2gOKcHymY\">AGGRAVATION DU D\u00c9FICIT PUBLIC : CIBL\u00c9ES PAR LE GOUVERNEMENT LES COLLECTIVIT\u00c9S D\u00c9NONCENT UN \u00ab MENSONGE POPULISTE \u00bb<\/a><\/p>\n<p>&#8211;\u00a0<a href=\"http:\/\/www.fo-territoriaux42.fr\/2024\/09\/04\/les-pistes-explosives-des-inspections-pour-reduire-labsenteisme-dans-la-fonction-publique\/\" target=\"_blank\" rel=\"noopener\" data-saferedirecturl=\"https:\/\/www.google.com\/url?q=http:\/\/www.fo-territoriaux42.fr\/2024\/09\/04\/les-pistes-explosives-des-inspections-pour-reduire-labsenteisme-dans-la-fonction-publique\/&amp;source=gmail&amp;ust=1725956437770000&amp;usg=AOvVaw2xB0q9YO2JgfyUwGwP3AEP\">LES PISTES EXPLOSIVES DES INSPECTIONS POUR R\u00c9DUIRE L\u2019ABSENT\u00c9ISME DANS LA FONCTION PUBLIQUE<\/a><\/p>\n<p>&#8211;\u00a0<a href=\"http:\/\/www.fo-territoriaux42.fr\/2024\/09\/03\/priorite-de-recrutement-dun-fonctionnaire-sur-un-poste-vacant\/\" target=\"_blank\" rel=\"noopener\" data-saferedirecturl=\"https:\/\/www.google.com\/url?q=http:\/\/www.fo-territoriaux42.fr\/2024\/09\/03\/priorite-de-recrutement-dun-fonctionnaire-sur-un-poste-vacant\/&amp;source=gmail&amp;ust=1725956437770000&amp;usg=AOvVaw1X2IARZNdrJHCzA2r6hxKy\">PRIORIT\u00c9 DE RECRUTEMENT D\u2019UN FONCTIONNAIRE SUR UN POSTE VACANT<\/a><\/p>\n<p>&#8211;\u00a0<a href=\"http:\/\/www.fo-territoriaux42.fr\/2024\/09\/03\/gipa-2024-les-agents-publics-veulent-beneficier-dun-nouveau-coup-de-pouce-financier\/\" target=\"_blank\" rel=\"noopener\" data-saferedirecturl=\"https:\/\/www.google.com\/url?q=http:\/\/www.fo-territoriaux42.fr\/2024\/09\/03\/gipa-2024-les-agents-publics-veulent-beneficier-dun-nouveau-coup-de-pouce-financier\/&amp;source=gmail&amp;ust=1725956437770000&amp;usg=AOvVaw2XZRYyQOFoZYFxeSukDfQT\">GIPA 2024 : LES AGENTS PUBLICS VEULENT B\u00c9N\u00c9FICIER D\u2019UN NOUVEAU COUP DE POUCE FINANCIER<\/a><\/p>\n<p>&#8211;\u00a0<a href=\"http:\/\/www.fo-territoriaux42.fr\/2024\/09\/02\/droit-a-conges-maladie-pour-les-agents-contractuels\/\" target=\"_blank\" rel=\"noopener\" data-saferedirecturl=\"https:\/\/www.google.com\/url?q=http:\/\/www.fo-territoriaux42.fr\/2024\/09\/02\/droit-a-conges-maladie-pour-les-agents-contractuels\/&amp;source=gmail&amp;ust=1725956437770000&amp;usg=AOvVaw17icTyq3nWlp7mmYwgtPMB\">DROIT \u00c0 CONG\u00c9S MALADIE POUR LES AGENTS CONTRACTUELS \u2026<\/a><\/b><\/span><\/div>\n","protected":false},"excerpt":{"rendered":"<p>Comme chaque semaine, vous retrouverez les articles publi\u00e9s\u00a0la\u00a0semaine\u00a036\u00a0de l&rsquo;ann\u00e9e 2024 sur le site Internet fo-territoriaux42.fr\u00a0en cliquant sur le lien de l\u2019article : &#8211;\u00a0D\u00c9CLARATION DE LA [&#8230;]<\/p>\n","protected":false},"author":1,"featured_media":0,"comment_status":"closed","ping_status":"closed","sticky":false,"template":"","format":"standard","meta":{"jetpack_post_was_ever_published":false,"_jetpack_newsletter_access":"","_jetpack_dont_email_post_to_subs":false,"_jetpack_newsletter_tier_id":0,"_jetpack_memberships_contains_paywalled_content":false,"_jetpack_memberships_contains_paid_content":false,"footnotes":""},"categories":[17],"tags":[],"class_list":["post-2128","post","type-post","status-publish","format-standard","hentry","category-article"],"jetpack_featured_media_url":"","jetpack_sharing_enabled":true,"jetpack_shortlink":"https:\/\/wp.me\/p9roQz-yk","jetpack_likes_enabled":false,"publishpress_future_action":{"enabled":false,"date":"2026-05-10 17:38:23","action":"change-status","newStatus":"draft","terms":[],"taxonomy":"category","extraData":[]},"publishpress_future_workflow_manual_trigger":{"enabledWorkflows":[]},"_links":{"self":[{"href":"https:\/\/www.fo-saint-etienne.fr\/fomunvse\/index.php?rest_route=\/wp\/v2\/posts\/2128","targetHints":{"allow":["GET"]}}],"collection":[{"href":"https:\/\/www.fo-saint-etienne.fr\/fomunvse\/index.php?rest_route=\/wp\/v2\/posts"}],"about":[{"href":"https:\/\/www.fo-saint-etienne.fr\/fomunvse\/index.php?rest_route=\/wp\/v2\/types\/post"}],"author":[{"embeddable":true,"href":"https:\/\/www.fo-saint-etienne.fr\/fomunvse\/index.php?rest_route=\/wp\/v2\/users\/1"}],"replies":[{"embeddable":true,"href":"https:\/\/www.fo-saint-etienne.fr\/fomunvse\/index.php?rest_route=%2Fwp%2Fv2%2Fcomments&post=2128"}],"version-history":[{"count":1,"href":"https:\/\/www.fo-saint-etienne.fr\/fomunvse\/index.php?rest_route=\/wp\/v2\/posts\/2128\/revisions"}],"predecessor-version":[{"id":2129,"href":"https:\/\/www.fo-saint-etienne.fr\/fomunvse\/index.php?rest_route=\/wp\/v2\/posts\/2128\/revisions\/2129"}],"wp:attachment":[{"href":"https:\/\/www.fo-saint-etienne.fr\/fomunvse\/index.php?rest_route=%2Fwp%2Fv2%2Fmedia&parent=2128"}],"wp:term":[{"taxonomy":"category","embeddable":true,"href":"https:\/\/www.fo-saint-etienne.fr\/fomunvse\/index.php?rest_route=%2Fwp%2Fv2%2Fcategories&post=2128"},{"taxonomy":"post_tag","embeddable":true,"href":"https:\/\/www.fo-saint-etienne.fr\/fomunvse\/index.php?rest_route=%2Fwp%2Fv2%2Ftags&post=2128"}],"curies":[{"name":"wp","href":"https:\/\/api.w.org\/{rel}","templated":true}]}}