{"id":2131,"date":"2024-09-16T07:57:56","date_gmt":"2024-09-16T06:57:56","guid":{"rendered":"http:\/\/www.fo-saint-etienne.fr\/fomunvse\/?p=2131"},"modified":"2025-01-14T01:23:24","modified_gmt":"2025-01-14T00:23:24","slug":"info-force-ouvriere-de-la-semaine-37-2024","status":"publish","type":"post","link":"https:\/\/www.fo-saint-etienne.fr\/fomunvse\/?p=2131","title":{"rendered":"Info FORCE OUVRI\u00c8RE de la semaine 37-2024"},"content":{"rendered":"<div>\n<p><span style=\"font-size: large;\">Comme chaque semaine, vous retrouverez les articles publi\u00e9s\u00a0la\u00a0<b>semaine\u00a0<span class=\"gmail_default\">3<\/span><span class=\"gmail_default\">7\u00a0<\/span><\/b><\/span><span style=\"font-size: large;\">de l&rsquo;ann\u00e9e 2024 sur le site Internet <u><b><a href=\"http:\/\/fo-territoriaux42.fr\/\" target=\"_blank\" rel=\"noopener\" data-saferedirecturl=\"https:\/\/www.google.com\/url?q=http:\/\/fo-territoriaux42.fr\/&amp;source=gmail&amp;ust=1726554350054000&amp;usg=AOvVaw0zKjk-vdObb6ysRrR30vva\">fo-territoriaux42.fr<\/a><\/b><\/u>\u00a0<\/span><span style=\"font-size: large;\"><wbr \/>en cliquant sur le lien de l\u2019article :<\/span><\/p>\n<\/div>\n<div><span style=\"font-size: large;\"><b>&#8211;\u00a0<a href=\"http:\/\/www.fo-territoriaux42.fr\/2024\/09\/14\/le-regime-des-autorisations-dabsence-du-secteur-public-dans-le-viseur-des-inspections\/\" target=\"_blank\" rel=\"noopener\" data-saferedirecturl=\"https:\/\/www.google.com\/url?q=http:\/\/www.fo-territoriaux42.fr\/2024\/09\/14\/le-regime-des-autorisations-dabsence-du-secteur-public-dans-le-viseur-des-inspections\/&amp;source=gmail&amp;ust=1726554350054000&amp;usg=AOvVaw2W3Nn4ITY92CpOJpw_a79I\">LE R\u00c9GIME DES AUTORISATIONS D\u2019ABSENCE DU SECTEUR PUBLIC DANS LE VISEUR DES INSPECTIONS<\/a><\/p>\n<p>&#8211;\u00a0<a href=\"http:\/\/www.fo-territoriaux42.fr\/2024\/09\/12\/depenses-des-collectivites-manque-de-connaissance-ou-propos-malveillants\/\" target=\"_blank\" rel=\"noopener\" data-saferedirecturl=\"https:\/\/www.google.com\/url?q=http:\/\/www.fo-territoriaux42.fr\/2024\/09\/12\/depenses-des-collectivites-manque-de-connaissance-ou-propos-malveillants\/&amp;source=gmail&amp;ust=1726554350054000&amp;usg=AOvVaw24Er08F39uINugcRZKnRuf\">D\u00c9PENSES DES COLLECTIVIT\u00c9S : MANQUE DE CONNAISSANCE OU PROPOS MALVEILLANTS ?<\/a><\/p>\n<p>&#8211;\u00a0<a href=\"http:\/\/www.fo-territoriaux42.fr\/2024\/09\/12\/des-economies-sur-le-dos-des-fonctionnaires-malades-inadmissible-et-discriminatoire\/\" target=\"_blank\" rel=\"noopener\" data-saferedirecturl=\"https:\/\/www.google.com\/url?q=http:\/\/www.fo-territoriaux42.fr\/2024\/09\/12\/des-economies-sur-le-dos-des-fonctionnaires-malades-inadmissible-et-discriminatoire\/&amp;source=gmail&amp;ust=1726554350054000&amp;usg=AOvVaw0DBX7A8PBL7lplrjVt0ZtN\">DES \u00c9CONOMIES SUR LE DOS DES FONCTIONNAIRES MALADES ! INADMISSIBLE ET DISCRIMINATOIRE<\/a><\/p>\n<p>&#8211;\u00a0<a href=\"http:\/\/www.fo-territoriaux42.fr\/2024\/09\/11\/arrets-maladie-des-fonctionnaires-les-syndicats-denoncent-les-vieilles-lunes-des-inspections\/\" target=\"_blank\" rel=\"noopener\" data-saferedirecturl=\"https:\/\/www.google.com\/url?q=http:\/\/www.fo-territoriaux42.fr\/2024\/09\/11\/arrets-maladie-des-fonctionnaires-les-syndicats-denoncent-les-vieilles-lunes-des-inspections\/&amp;source=gmail&amp;ust=1726554350054000&amp;usg=AOvVaw3WTyOWZNt_1mREVctdUkMh\">ARR\u00caTS MALADIE DES FONCTIONNAIRES : LES SYNDICATS D\u00c9NONCENT LES \u00ab VIEILLES LUNES \u00bb DES INSPECTIONS<\/a><\/p>\n<p>&#8211;\u00a0<a href=\"http:\/\/www.fo-territoriaux42.fr\/2024\/09\/11\/courrier-fo-fonction-publique-a-michel-barnier-premier-ministre\/\" target=\"_blank\" rel=\"noopener\" data-saferedirecturl=\"https:\/\/www.google.com\/url?q=http:\/\/www.fo-territoriaux42.fr\/2024\/09\/11\/courrier-fo-fonction-publique-a-michel-barnier-premier-ministre\/&amp;source=gmail&amp;ust=1726554350054000&amp;usg=AOvVaw1Dbv53t-2eKs4i3vvyHp_n\">COURRIER FO FONCTION PUBLIQUE \u00c0 MICHEL BARNIER, PREMIER MINISTRE<\/a><\/p>\n<p>&#8211;\u00a0<a href=\"http:\/\/www.fo-territoriaux42.fr\/2024\/09\/11\/deces-de-lilian-dejean-employe-municipal-a-la-mairie-de-grenoble\/\" target=\"_blank\" rel=\"noopener\" data-saferedirecturl=\"https:\/\/www.google.com\/url?q=http:\/\/www.fo-territoriaux42.fr\/2024\/09\/11\/deces-de-lilian-dejean-employe-municipal-a-la-mairie-de-grenoble\/&amp;source=gmail&amp;ust=1726554350054000&amp;usg=AOvVaw2IAhoBTLozAmjBw39XbS4y\">D\u00c9C\u00c8S DE LILIAN DEJEAN, EMPLOY\u00c9 MUNICIPAL \u00c0 LA MAIRIE DE GRENOBLE<\/a><\/b><\/span><\/div>\n","protected":false},"excerpt":{"rendered":"<p>Comme chaque semaine, vous retrouverez les articles publi\u00e9s\u00a0la\u00a0semaine\u00a037\u00a0de l&rsquo;ann\u00e9e 2024 sur le site Internet fo-territoriaux42.fr\u00a0en cliquant sur le lien de l\u2019article : &#8211;\u00a0LE R\u00c9GIME DES [&#8230;]<\/p>\n","protected":false},"author":1,"featured_media":0,"comment_status":"closed","ping_status":"closed","sticky":false,"template":"","format":"standard","meta":{"jetpack_post_was_ever_published":false,"_jetpack_newsletter_access":"","_jetpack_dont_email_post_to_subs":false,"_jetpack_newsletter_tier_id":0,"_jetpack_memberships_contains_paywalled_content":false,"_jetpack_memberships_contains_paid_content":false,"footnotes":""},"categories":[17],"tags":[],"class_list":["post-2131","post","type-post","status-publish","format-standard","hentry","category-article"],"jetpack_featured_media_url":"","jetpack_sharing_enabled":true,"jetpack_shortlink":"https:\/\/wp.me\/p9roQz-yn","jetpack_likes_enabled":false,"publishpress_future_action":{"enabled":false,"date":"2026-05-10 17:39:41","action":"change-status","newStatus":"draft","terms":[],"taxonomy":"category","extraData":[]},"publishpress_future_workflow_manual_trigger":{"enabledWorkflows":[]},"_links":{"self":[{"href":"https:\/\/www.fo-saint-etienne.fr\/fomunvse\/index.php?rest_route=\/wp\/v2\/posts\/2131","targetHints":{"allow":["GET"]}}],"collection":[{"href":"https:\/\/www.fo-saint-etienne.fr\/fomunvse\/index.php?rest_route=\/wp\/v2\/posts"}],"about":[{"href":"https:\/\/www.fo-saint-etienne.fr\/fomunvse\/index.php?rest_route=\/wp\/v2\/types\/post"}],"author":[{"embeddable":true,"href":"https:\/\/www.fo-saint-etienne.fr\/fomunvse\/index.php?rest_route=\/wp\/v2\/users\/1"}],"replies":[{"embeddable":true,"href":"https:\/\/www.fo-saint-etienne.fr\/fomunvse\/index.php?rest_route=%2Fwp%2Fv2%2Fcomments&post=2131"}],"version-history":[{"count":1,"href":"https:\/\/www.fo-saint-etienne.fr\/fomunvse\/index.php?rest_route=\/wp\/v2\/posts\/2131\/revisions"}],"predecessor-version":[{"id":2132,"href":"https:\/\/www.fo-saint-etienne.fr\/fomunvse\/index.php?rest_route=\/wp\/v2\/posts\/2131\/revisions\/2132"}],"wp:attachment":[{"href":"https:\/\/www.fo-saint-etienne.fr\/fomunvse\/index.php?rest_route=%2Fwp%2Fv2%2Fmedia&parent=2131"}],"wp:term":[{"taxonomy":"category","embeddable":true,"href":"https:\/\/www.fo-saint-etienne.fr\/fomunvse\/index.php?rest_route=%2Fwp%2Fv2%2Fcategories&post=2131"},{"taxonomy":"post_tag","embeddable":true,"href":"https:\/\/www.fo-saint-etienne.fr\/fomunvse\/index.php?rest_route=%2Fwp%2Fv2%2Ftags&post=2131"}],"curies":[{"name":"wp","href":"https:\/\/api.w.org\/{rel}","templated":true}]}}