{"id":2133,"date":"2024-09-23T10:22:50","date_gmt":"2024-09-23T09:22:50","guid":{"rendered":"http:\/\/www.fo-saint-etienne.fr\/fomunvse\/?p=2133"},"modified":"2025-01-14T01:23:24","modified_gmt":"2025-01-14T00:23:24","slug":"info-force-ouvriere-de-la-semaine-38-2024","status":"publish","type":"post","link":"https:\/\/www.fo-saint-etienne.fr\/fomunvse\/?p=2133","title":{"rendered":"Info FORCE OUVRI\u00c8RE de la semaine 38-2024"},"content":{"rendered":"<h5>Comme chaque semaine, vous pourrez retrouver les articles publi\u00e9s\u00a0la\u00a0<b>semaine 38<\/b>\u00a0de l&rsquo;ann\u00e9e 2024\u00a0sur le site\u00a0<b><u><a id=\"m_-5974312323315258223OWAab087103-2b2e-3696-b2b0-09bd17267b9b\" href=\"http:\/\/fo-territoriaux42.fr\/\" target=\"_blank\" rel=\"noopener noreferrer\" data-saferedirecturl=\"https:\/\/www.google.com\/url?q=http:\/\/fo-territoriaux42.fr\/&amp;source=gmail&amp;ust=1727167406052000&amp;usg=AOvVaw0gclevs0iQSQ99hBDyycxL\">fo-territoriaux42.fr<\/a><\/u><\/b><b>\u00a0<\/b>en cliquant sur le lien de l\u2019article :<\/h5>\n<div id=\"m_-5974312323315258223x_m_-8264758569609247493m_2125939709831483180m_8605431188700927724m_-5268778611184007213m_2218905248562791247m_-2732192679086906822m_-564163207339110696m_-8821682912180137107m_-8651440349478695942m_8436482457094362317m_4068865356668855807m_2495342990946428957m_8955003486445247536m_489402522131219479m_6897392431107214727m_-2111456172133188261m_-8531409625308600464gmail-:14l\">\n<div id=\"m_-5974312323315258223x_m_-8264758569609247493m_2125939709831483180m_8605431188700927724m_-5268778611184007213m_2218905248562791247m_-2732192679086906822m_-564163207339110696m_-8821682912180137107m_-8651440349478695942m_8436482457094362317m_4068865356668855807m_2495342990946428957m_8955003486445247536m_489402522131219479m_6897392431107214727m_-2111456172133188261m_-8531409625308600464m_9078759871860642640m_-4578101658567518005m_6877778903535475849m_-1346890274730460038m_-1971223529545819942m_2874254017306964985m_-8005308222673450342m_-7582357359056224442m_-7102386442997228273m_3154329171731615607m_-7987583982041383973m_8530848238018411294m_8422657632240434848m_8514000190580117509m_3503734928333383936m_448916484236082522m_6168210164393022651m_-4039452016822755604m_6414012380521021305m_-6651468755979835597m_2846400304464580385m_-3006458413535511740m_-6781402329705206424m_-1971830238646711706m_1237306930157258745m_5941789573772148211m_5303440277293926546m_8206797908396656384m_5977996855659289597m_1867863525584491712m_-957991158289988903m_7038753398734962662m_-3991801556001032743m_-3096346467740653540m_4370613130245891317m_9050046132604484076m_-1106469965701799879m_9146210294877663494m_-2935049649579702101m_4135301342125882338m_4844686586428795917m_859141426170790468m_-7152093028746260118m_-9156439495979444972m_-2723185463592760123m_-7740683066049293401m_8601813564072443197m_5729116052793812941gmail-:13s\">\n<div>\n<p><b>&#8211; <a id=\"m_-5974312323315258223OWAa2e1f72c-97cb-dd60-f18e-c4c599a1e10d\" href=\"http:\/\/www.fo-territoriaux42.fr\/2024\/09\/21\/les-salaires-baissent-dans-la-fonction-publique-sous-le-poids-de-linflation\/\" target=\"_blank\" rel=\"noopener\" data-saferedirecturl=\"https:\/\/www.google.com\/url?q=http:\/\/www.fo-territoriaux42.fr\/2024\/09\/21\/les-salaires-baissent-dans-la-fonction-publique-sous-le-poids-de-linflation\/&amp;source=gmail&amp;ust=1727167406052000&amp;usg=AOvVaw0J76wS3ji-u6O4SuY5NffD\">LES SALAIRES BAISSENT DANS LA FONCTION PUBLIQUE SOUS LE POIDS DE L\u2019INFLATION<\/a><\/b><\/p>\n<p>&#8211;\u00a0<a id=\"m_-5974312323315258223OWAe6e69aa0-9d2a-1d49-373b-cd6a56aa08ea\" href=\"http:\/\/www.fo-territoriaux42.fr\/2024\/09\/18\/editorial-de-frederic-souillot-du-18-septembre-2024-cest-la-rentree-sauf-pour-le-gouvernement\/\" target=\"_blank\" rel=\"noopener\" data-saferedirecturl=\"https:\/\/www.google.com\/url?q=http:\/\/www.fo-territoriaux42.fr\/2024\/09\/18\/editorial-de-frederic-souillot-du-18-septembre-2024-cest-la-rentree-sauf-pour-le-gouvernement\/&amp;source=gmail&amp;ust=1727167406052000&amp;usg=AOvVaw2FiyntzyA-8vNapIm-Pslq\">\u00c9DITORIAL DE FR\u00c9D\u00c9RIC SOUILLOT DU 18 SEPTEMBRE 2024 : \u00ab C\u2019EST LA RENTR\u00c9E\u2026 SAUF POUR LE GOUVERNEMENT! \u00bb<\/a><\/p>\n<p>&#8211;\u00a0<a id=\"m_-5974312323315258223OWA2eec2bbc-4964-951d-d045-57d48d125755\" href=\"http:\/\/www.fo-territoriaux42.fr\/2024\/09\/17\/pour-une-scolarisation-adaptee-aux-besoins-de-chaque-eleve-petition-nationale\/\" target=\"_blank\" rel=\"noopener\" data-saferedirecturl=\"https:\/\/www.google.com\/url?q=http:\/\/www.fo-territoriaux42.fr\/2024\/09\/17\/pour-une-scolarisation-adaptee-aux-besoins-de-chaque-eleve-petition-nationale\/&amp;source=gmail&amp;ust=1727167406052000&amp;usg=AOvVaw2f3NfEoSC6dQG4pXcrvnzS\">POUR UNE SCOLARISATION ADAPT\u00c9E AUX BESOINS DE CHAQUE \u00c9L\u00c8VE : P\u00c9TITION NATIONALE FO<\/a><\/p>\n<p>&#8211;\u00a0<a id=\"m_-5974312323315258223OWA788a494b-86c0-4851-2cfe-3db315653813\" href=\"http:\/\/www.fo-territoriaux42.fr\/2024\/09\/17\/prevoyance-maintien-de-salaire-fo-sengage-la-protection-sociale-complementaire\/\" target=\"_blank\" rel=\"noopener\" data-saferedirecturl=\"https:\/\/www.google.com\/url?q=http:\/\/www.fo-territoriaux42.fr\/2024\/09\/17\/prevoyance-maintien-de-salaire-fo-sengage-la-protection-sociale-complementaire\/&amp;source=gmail&amp;ust=1727167406052000&amp;usg=AOvVaw349nJTUgDrFxjRby_5YomI\">PR\u00c9VOYANCE, MAINTIEN DE SALAIRE, FO S\u2019ENGAGE : LA PROTECTION SOCIALE COMPL\u00c9MENTAIRE<\/a><\/p>\n<p>&#8211;\u00a0<a id=\"m_-5974312323315258223OWAe24299c9-4099-8299-09cd-76f60cc416b0\" href=\"http:\/\/www.fo-territoriaux42.fr\/2024\/09\/17\/les-syndicats-de-la-fonction-publique-interpellent-michel-barnier\/\" target=\"_blank\" rel=\"noopener\" data-saferedirecturl=\"https:\/\/www.google.com\/url?q=http:\/\/www.fo-territoriaux42.fr\/2024\/09\/17\/les-syndicats-de-la-fonction-publique-interpellent-michel-barnier\/&amp;source=gmail&amp;ust=1727167406052000&amp;usg=AOvVaw0OcCKkMf04taDicsrGc_hY\">LES SYNDICATS DE LA FONCTION PUBLIQUE INTERPELLENT MICHEL BARNIER<\/a><\/p>\n<p>&#8211;\u00a0<a id=\"m_-5974312323315258223OWA1ed73ad0-f4d9-2806-104a-442269ea7a1d\" href=\"http:\/\/www.fo-territoriaux42.fr\/2024\/09\/17\/extension-de-la-prime-segur-pour-departement-de-france-cest-toujours-non\/\" target=\"_blank\" rel=\"noopener\" data-saferedirecturl=\"https:\/\/www.google.com\/url?q=http:\/\/www.fo-territoriaux42.fr\/2024\/09\/17\/extension-de-la-prime-segur-pour-departement-de-france-cest-toujours-non\/&amp;source=gmail&amp;ust=1727167406052000&amp;usg=AOvVaw1S3GdpCKVSor0Y1AI32jAy\">EXTENSION DE LA PRIME S\u00c9GUR : POUR D\u00c9PARTEMENT DE FRANCE, C\u2019EST TOUJOURS NON<\/a><\/p>\n<p>&#8211;\u00a0<a id=\"m_-5974312323315258223OWA05dc6323-c514-5d16-aa09-b96cddb6f2a0\" href=\"http:\/\/www.fo-territoriaux42.fr\/2024\/09\/16\/revalorisation-des-secretaires-generaux-de-mairie-beaucoup-de-questions-sans-reponse\/\" target=\"_blank\" rel=\"noopener\" data-saferedirecturl=\"https:\/\/www.google.com\/url?q=http:\/\/www.fo-territoriaux42.fr\/2024\/09\/16\/revalorisation-des-secretaires-generaux-de-mairie-beaucoup-de-questions-sans-reponse\/&amp;source=gmail&amp;ust=1727167406052000&amp;usg=AOvVaw3juHbeBIhl4MSQpWobjKV6\">REVALORISATION DES SECR\u00c9TAIRES G\u00c9N\u00c9RAUX DE MAIRIE : BEAUCOUP DE QUESTIONS SANS R\u00c9PONSE<\/a><\/p>\n<\/div>\n<\/div>\n<\/div>\n","protected":false},"excerpt":{"rendered":"<p>Comme chaque semaine, vous pourrez retrouver les articles publi\u00e9s\u00a0la\u00a0semaine 38\u00a0de l&rsquo;ann\u00e9e 2024\u00a0sur le site\u00a0fo-territoriaux42.fr\u00a0en cliquant sur le lien de l\u2019article : &#8211; LES SALAIRES BAISSENT [&#8230;]<\/p>\n","protected":false},"author":1,"featured_media":0,"comment_status":"closed","ping_status":"closed","sticky":false,"template":"","format":"standard","meta":{"jetpack_post_was_ever_published":false,"_jetpack_newsletter_access":"","_jetpack_dont_email_post_to_subs":false,"_jetpack_newsletter_tier_id":0,"_jetpack_memberships_contains_paywalled_content":false,"_jetpack_memberships_contains_paid_content":false,"footnotes":""},"categories":[17],"tags":[],"class_list":["post-2133","post","type-post","status-publish","format-standard","hentry","category-article"],"jetpack_featured_media_url":"","jetpack_sharing_enabled":true,"jetpack_shortlink":"https:\/\/wp.me\/p9roQz-yp","jetpack_likes_enabled":false,"publishpress_future_action":{"enabled":false,"date":"2026-05-10 17:46:35","action":"change-status","newStatus":"draft","terms":[],"taxonomy":"category","extraData":[]},"publishpress_future_workflow_manual_trigger":{"enabledWorkflows":[]},"_links":{"self":[{"href":"https:\/\/www.fo-saint-etienne.fr\/fomunvse\/index.php?rest_route=\/wp\/v2\/posts\/2133","targetHints":{"allow":["GET"]}}],"collection":[{"href":"https:\/\/www.fo-saint-etienne.fr\/fomunvse\/index.php?rest_route=\/wp\/v2\/posts"}],"about":[{"href":"https:\/\/www.fo-saint-etienne.fr\/fomunvse\/index.php?rest_route=\/wp\/v2\/types\/post"}],"author":[{"embeddable":true,"href":"https:\/\/www.fo-saint-etienne.fr\/fomunvse\/index.php?rest_route=\/wp\/v2\/users\/1"}],"replies":[{"embeddable":true,"href":"https:\/\/www.fo-saint-etienne.fr\/fomunvse\/index.php?rest_route=%2Fwp%2Fv2%2Fcomments&post=2133"}],"version-history":[{"count":2,"href":"https:\/\/www.fo-saint-etienne.fr\/fomunvse\/index.php?rest_route=\/wp\/v2\/posts\/2133\/revisions"}],"predecessor-version":[{"id":2135,"href":"https:\/\/www.fo-saint-etienne.fr\/fomunvse\/index.php?rest_route=\/wp\/v2\/posts\/2133\/revisions\/2135"}],"wp:attachment":[{"href":"https:\/\/www.fo-saint-etienne.fr\/fomunvse\/index.php?rest_route=%2Fwp%2Fv2%2Fmedia&parent=2133"}],"wp:term":[{"taxonomy":"category","embeddable":true,"href":"https:\/\/www.fo-saint-etienne.fr\/fomunvse\/index.php?rest_route=%2Fwp%2Fv2%2Fcategories&post=2133"},{"taxonomy":"post_tag","embeddable":true,"href":"https:\/\/www.fo-saint-etienne.fr\/fomunvse\/index.php?rest_route=%2Fwp%2Fv2%2Ftags&post=2133"}],"curies":[{"name":"wp","href":"https:\/\/api.w.org\/{rel}","templated":true}]}}