{"id":2137,"date":"2024-09-30T08:07:33","date_gmt":"2024-09-30T07:07:33","guid":{"rendered":"http:\/\/www.fo-saint-etienne.fr\/fomunvse\/?p=2137"},"modified":"2025-01-14T01:23:24","modified_gmt":"2025-01-14T00:23:24","slug":"info-force-ouvriere-de-la-semaine-39-2024","status":"publish","type":"post","link":"https:\/\/www.fo-saint-etienne.fr\/fomunvse\/?p=2137","title":{"rendered":"Info FORCE OUVRI\u00c8RE de la semaine 39-2024"},"content":{"rendered":"<div>\n<p><span style=\"font-size: large;\">Comme chaque semaine, vous retrouverez les articles publi\u00e9s\u00a0la\u00a0<b>semaine\u00a0<span class=\"gmail_default\">3<\/span><span class=\"gmail_default\">9\u00a0<\/span><\/b><\/span><span style=\"font-size: large;\">de l&rsquo;ann\u00e9e 2024 sur le site Internet <u><b><a href=\"http:\/\/fo-territoriaux42.fr\/\" target=\"_blank\" rel=\"noopener\" data-saferedirecturl=\"https:\/\/www.google.com\/url?q=http:\/\/fo-territoriaux42.fr\/&amp;source=gmail&amp;ust=1727765832531000&amp;usg=AOvVaw0I8KGqoLEn_crePQfbiHnl\">fo-territoriaux42.fr<\/a><\/b><\/u>\u00a0<\/span><span style=\"font-size: large;\"><wbr \/>en cliquant sur le lien de l\u2019article :<\/span><\/p>\n<\/div>\n<div><b><span style=\"font-size: large;\">&#8211;\u00a0<a href=\"http:\/\/www.fo-territoriaux42.fr\/2024\/09\/26\/resolution-du-comite-confederale-nationale-ccn-fo-des-24-et-25-septembre-2024\/\" target=\"_blank\" rel=\"noopener\" data-saferedirecturl=\"https:\/\/www.google.com\/url?q=http:\/\/www.fo-territoriaux42.fr\/2024\/09\/26\/resolution-du-comite-confederale-nationale-ccn-fo-des-24-et-25-septembre-2024\/&amp;source=gmail&amp;ust=1727765832531000&amp;usg=AOvVaw2ElJSyM4TICTxauJOuIRZK\">R\u00c9SOLUTION DU COMIT\u00c9 CONF\u00c9D\u00c9RAL NATIONAL (CCN) FO DES 24 ET 25 SEPTEMBRE 2024<\/a><\/p>\n<p>&#8211;\u00a0<a href=\"http:\/\/www.fo-territoriaux42.fr\/2024\/09\/26\/un-nouveau-ministre-en-faveur-de-la-fonction-publique\/\" target=\"_blank\" rel=\"noopener\" data-saferedirecturl=\"https:\/\/www.google.com\/url?q=http:\/\/www.fo-territoriaux42.fr\/2024\/09\/26\/un-nouveau-ministre-en-faveur-de-la-fonction-publique\/&amp;source=gmail&amp;ust=1727765832531000&amp;usg=AOvVaw1IjY_GTdA5WNaFkCjyaNww\">UN NOUVEAU MINISTRE EN FAVEUR DE LA FONCTION PUBLIQUE ?<\/a><\/p>\n<p>&#8211;\u00a0<a href=\"http:\/\/www.fo-territoriaux42.fr\/2024\/09\/26\/les-fonctionnaires-ne-peuvent-pas-etre-evalues-par-nimporte-qui\/\" target=\"_blank\" rel=\"noopener\" data-saferedirecturl=\"https:\/\/www.google.com\/url?q=http:\/\/www.fo-territoriaux42.fr\/2024\/09\/26\/les-fonctionnaires-ne-peuvent-pas-etre-evalues-par-nimporte-qui\/&amp;source=gmail&amp;ust=1727765832531000&amp;usg=AOvVaw1qlP81p-C9fIXFWgnP5Hwc\">LES FONCTIONNAIRES NE PEUVENT PAS \u00caTRE \u00c9VALU\u00c9S PAR N\u2019IMPORTE QUI<\/a><\/p>\n<p>&#8211;\u00a0<a href=\"http:\/\/www.fo-territoriaux42.fr\/2024\/09\/26\/la-bonification-indiciaire-des-fonctionnaires-peut-etre-versee-de-maniere-tournante-dans-un-service\/\" target=\"_blank\" rel=\"noopener\" data-saferedirecturl=\"https:\/\/www.google.com\/url?q=http:\/\/www.fo-territoriaux42.fr\/2024\/09\/26\/la-bonification-indiciaire-des-fonctionnaires-peut-etre-versee-de-maniere-tournante-dans-un-service\/&amp;source=gmail&amp;ust=1727765832531000&amp;usg=AOvVaw3N2Be2iK852V50uFt5Aus3\">LA BONIFICATION INDICIAIRE DES FONCTIONNAIRES PEUT \u00caTRE VERS\u00c9E DE MANI\u00c8RE TOURNANTE DANS UN SERVICE<\/a><\/p>\n<p>&#8211;\u00a0<a href=\"http:\/\/www.fo-territoriaux42.fr\/2024\/09\/26\/pour-ses-debuts-a-la-fonction-publique-guillaume-kasbarian-promet-de-debureaucratiser\/\" target=\"_blank\" rel=\"noopener\" data-saferedirecturl=\"https:\/\/www.google.com\/url?q=http:\/\/www.fo-territoriaux42.fr\/2024\/09\/26\/pour-ses-debuts-a-la-fonction-publique-guillaume-kasbarian-promet-de-debureaucratiser\/&amp;source=gmail&amp;ust=1727765832531000&amp;usg=AOvVaw2I2Cxurqfak7h1q34I5Ee1\">POUR SES D\u00c9BUTS \u00c0 LA FONCTION PUBLIQUE, GUILLAUME KASBARIAN PROMET DE \u00ab D\u00c9BUREAUCRATISER \u00bb<\/a><\/p>\n<p>&#8211;\u00a0<a href=\"http:\/\/www.fo-territoriaux42.fr\/2024\/09\/25\/pourquoi-la-haine-contre-les-fonctionnaires-est-elle-si-repandue\/\" target=\"_blank\" rel=\"noopener\" data-saferedirecturl=\"https:\/\/www.google.com\/url?q=http:\/\/www.fo-territoriaux42.fr\/2024\/09\/25\/pourquoi-la-haine-contre-les-fonctionnaires-est-elle-si-repandue\/&amp;source=gmail&amp;ust=1727765832531000&amp;usg=AOvVaw3FfY_UnEdNM8fHnyfYotDV\">POURQUOI LA HAINE CONTRE LES FONCTIONNAIRES EST-ELLE SI R\u00c9PANDUE ?<\/a><\/span><\/b><\/div>\n<div><\/div>\n","protected":false},"excerpt":{"rendered":"<p>Comme chaque semaine, vous retrouverez les articles publi\u00e9s\u00a0la\u00a0semaine\u00a039\u00a0de l&rsquo;ann\u00e9e 2024 sur le site Internet fo-territoriaux42.fr\u00a0en cliquant sur le lien de l\u2019article : &#8211;\u00a0R\u00c9SOLUTION DU COMIT\u00c9 [&#8230;]<\/p>\n","protected":false},"author":1,"featured_media":0,"comment_status":"closed","ping_status":"closed","sticky":false,"template":"","format":"standard","meta":{"jetpack_post_was_ever_published":false,"_jetpack_newsletter_access":"","_jetpack_dont_email_post_to_subs":false,"_jetpack_newsletter_tier_id":0,"_jetpack_memberships_contains_paywalled_content":false,"_jetpack_memberships_contains_paid_content":false,"footnotes":""},"categories":[17],"tags":[],"class_list":["post-2137","post","type-post","status-publish","format-standard","hentry","category-article"],"jetpack_featured_media_url":"","jetpack_sharing_enabled":true,"jetpack_shortlink":"https:\/\/wp.me\/p9roQz-yt","jetpack_likes_enabled":false,"publishpress_future_action":{"enabled":false,"date":"2026-05-10 17:40:22","action":"change-status","newStatus":"draft","terms":[],"taxonomy":"category","extraData":[]},"publishpress_future_workflow_manual_trigger":{"enabledWorkflows":[]},"_links":{"self":[{"href":"https:\/\/www.fo-saint-etienne.fr\/fomunvse\/index.php?rest_route=\/wp\/v2\/posts\/2137","targetHints":{"allow":["GET"]}}],"collection":[{"href":"https:\/\/www.fo-saint-etienne.fr\/fomunvse\/index.php?rest_route=\/wp\/v2\/posts"}],"about":[{"href":"https:\/\/www.fo-saint-etienne.fr\/fomunvse\/index.php?rest_route=\/wp\/v2\/types\/post"}],"author":[{"embeddable":true,"href":"https:\/\/www.fo-saint-etienne.fr\/fomunvse\/index.php?rest_route=\/wp\/v2\/users\/1"}],"replies":[{"embeddable":true,"href":"https:\/\/www.fo-saint-etienne.fr\/fomunvse\/index.php?rest_route=%2Fwp%2Fv2%2Fcomments&post=2137"}],"version-history":[{"count":1,"href":"https:\/\/www.fo-saint-etienne.fr\/fomunvse\/index.php?rest_route=\/wp\/v2\/posts\/2137\/revisions"}],"predecessor-version":[{"id":2138,"href":"https:\/\/www.fo-saint-etienne.fr\/fomunvse\/index.php?rest_route=\/wp\/v2\/posts\/2137\/revisions\/2138"}],"wp:attachment":[{"href":"https:\/\/www.fo-saint-etienne.fr\/fomunvse\/index.php?rest_route=%2Fwp%2Fv2%2Fmedia&parent=2137"}],"wp:term":[{"taxonomy":"category","embeddable":true,"href":"https:\/\/www.fo-saint-etienne.fr\/fomunvse\/index.php?rest_route=%2Fwp%2Fv2%2Fcategories&post=2137"},{"taxonomy":"post_tag","embeddable":true,"href":"https:\/\/www.fo-saint-etienne.fr\/fomunvse\/index.php?rest_route=%2Fwp%2Fv2%2Ftags&post=2137"}],"curies":[{"name":"wp","href":"https:\/\/api.w.org\/{rel}","templated":true}]}}