{"id":2139,"date":"2024-10-07T08:56:00","date_gmt":"2024-10-07T07:56:00","guid":{"rendered":"http:\/\/www.fo-saint-etienne.fr\/fomunvse\/?p=2139"},"modified":"2025-01-14T01:23:23","modified_gmt":"2025-01-14T00:23:23","slug":"info-force-ouvriere-de-la-semaine-40-2024","status":"publish","type":"post","link":"https:\/\/www.fo-saint-etienne.fr\/fomunvse\/?p=2139","title":{"rendered":"Info FORCE OUVRI\u00c8RE de la semaine 40-2024"},"content":{"rendered":"<div>Comme chaque semaine, vous pourrez retrouver les articles publi\u00e9s\u00a0la\u00a0semaine 40\u00a0de l&rsquo;ann\u00e9e 2024\u00a0sur le site\u00a0<u><a id=\"m_4250150130059870286OWA531dad3a-a027-b1c6-eb0c-f6ea511c1b8b\" href=\"http:\/\/fo-territoriaux42.fr\/\" target=\"_blank\" rel=\"noopener noreferrer\" data-saferedirecturl=\"https:\/\/www.google.com\/url?q=http:\/\/fo-territoriaux42.fr\/&amp;source=gmail&amp;ust=1728373706554000&amp;usg=AOvVaw3OubDvmURoCCo2HaIsZnmx\">fo-territoriaux42.fr<\/a><\/u>\u00a0en cliquant sur le lien de l\u2019article :<\/p>\n<\/div>\n<div id=\"m_4250150130059870286x_m_-6480771340871424277m_-504461119117572092m_5870282664489299649m_-8264758569609247493m_2125939709831483180m_8605431188700927724m_-5268778611184007213m_2218905248562791247m_-2732192679086906822m_-564163207339110696m_-8821682912180137107m_-8651440349478695942m_8436482457094362317m_4068865356668855807m_2495342990946428957m_8955003486445247536m_489402522131219479m_6897392431107214727m_-2111456172133188261m_-8531409625308600464gmail-:14l\">\n<div id=\"m_4250150130059870286x_m_-6480771340871424277m_-504461119117572092m_5870282664489299649m_-8264758569609247493m_2125939709831483180m_8605431188700927724m_-5268778611184007213m_2218905248562791247m_-2732192679086906822m_-564163207339110696m_-8821682912180137107m_-8651440349478695942m_8436482457094362317m_4068865356668855807m_2495342990946428957m_8955003486445247536m_489402522131219479m_6897392431107214727m_-2111456172133188261m_-8531409625308600464m_9078759871860642640m_-4578101658567518005m_6877778903535475849m_-1346890274730460038m_-1971223529545819942m_2874254017306964985m_-8005308222673450342m_-7582357359056224442m_-7102386442997228273m_3154329171731615607m_-7987583982041383973m_8530848238018411294m_8422657632240434848m_8514000190580117509m_3503734928333383936m_448916484236082522m_6168210164393022651m_-4039452016822755604m_6414012380521021305m_-6651468755979835597m_2846400304464580385m_-3006458413535511740m_-6781402329705206424m_-1971830238646711706m_1237306930157258745m_5941789573772148211m_5303440277293926546m_8206797908396656384m_5977996855659289597m_1867863525584491712m_-957991158289988903m_7038753398734962662m_-3991801556001032743m_-3096346467740653540m_4370613130245891317m_9050046132604484076m_-1106469965701799879m_9146210294877663494m_-2935049649579702101m_4135301342125882338m_4844686586428795917m_859141426170790468m_-7152093028746260118m_-9156439495979444972m_-2723185463592760123m_-7740683066049293401m_8601813564072443197m_5729116052793812941gmail-:13s\">\n<div><b>&#8211;\u00a0<a id=\"m_4250150130059870286OWAb405906a-9c9d-8797-1c51-099a342a08c0\" href=\"http:\/\/www.fo-territoriaux42.fr\/2024\/10\/03\/discours-de-politique-generale-le-premier-ministre-oublie-les-fonctionnaires\/\" target=\"_blank\" rel=\"noopener\" data-saferedirecturl=\"https:\/\/www.google.com\/url?q=http:\/\/www.fo-territoriaux42.fr\/2024\/10\/03\/discours-de-politique-generale-le-premier-ministre-oublie-les-fonctionnaires\/&amp;source=gmail&amp;ust=1728373706554000&amp;usg=AOvVaw1OsNlSDmrVzNmgm45eQuoj\">DISCOURS DE POLITIQUE G\u00c9N\u00c9RALE : LE PREMIER MINISTRE OUBLIE LES FONCTIONNAIRES !<\/a><\/p>\n<p>&#8211;\u00a0<a id=\"m_4250150130059870286OWAbf7393bf-db7a-d63f-9df5-1e639ed93730\" href=\"http:\/\/www.fo-territoriaux42.fr\/2024\/10\/03\/les-agents-des-collectivites-dans-le-viseur-de-la-cour-des-comptes\/\" target=\"_blank\" rel=\"noopener\" data-saferedirecturl=\"https:\/\/www.google.com\/url?q=http:\/\/www.fo-territoriaux42.fr\/2024\/10\/03\/les-agents-des-collectivites-dans-le-viseur-de-la-cour-des-comptes\/&amp;source=gmail&amp;ust=1728373706554000&amp;usg=AOvVaw3jQf7gw_D1SsA2S2sEM6mc\">LES AGENTS DES COLLECTIVIT\u00c9S DANS LE VISEUR DE LA COUR DES COMPTES<\/a><\/p>\n<p>&#8211;\u00a0<a id=\"m_4250150130059870286OWA1a8730ce-060a-126a-293a-e52af29cbe82\" href=\"http:\/\/www.fo-territoriaux42.fr\/2024\/10\/02\/editorial-de-frederic-souillot-du-2-octobre-2024-redonner-la-place-qui-est-la-sienne-a-la-negociation-collective-enfin\/\" target=\"_blank\" rel=\"noopener\" data-saferedirecturl=\"https:\/\/www.google.com\/url?q=http:\/\/www.fo-territoriaux42.fr\/2024\/10\/02\/editorial-de-frederic-souillot-du-2-octobre-2024-redonner-la-place-qui-est-la-sienne-a-la-negociation-collective-enfin\/&amp;source=gmail&amp;ust=1728373706554000&amp;usg=AOvVaw36HjedLN7S95JNFOalgUyl\">\u00c9DITORIAL DE FR\u00c9D\u00c9RIC SOUILLOT DU 2 OCTOBRE 2024 : \u00ab REDONNER LA PLACE QUI EST LA SIENNE \u00c0 LA N\u00c9GOCIATION COLLECTIVE : ENFIN? \u00bb<\/a><\/p>\n<p>&#8211;\u00a0<a id=\"m_4250150130059870286OWAd1856514-2206-fb01-1e90-59acd54772a9\" href=\"http:\/\/www.fo-territoriaux42.fr\/2024\/10\/02\/declaration-de-politique-generale-premiere-reaction-de-fo\/\" target=\"_blank\" rel=\"noopener\" data-saferedirecturl=\"https:\/\/www.google.com\/url?q=http:\/\/www.fo-territoriaux42.fr\/2024\/10\/02\/declaration-de-politique-generale-premiere-reaction-de-fo\/&amp;source=gmail&amp;ust=1728373706554000&amp;usg=AOvVaw0-ldp7qKiHIfEy3q0OM1Q2\">D\u00c9CLARATION DE POLITIQUE G\u00c9N\u00c9RALE : PREMI\u00c8RE R\u00c9ACTIONS FO<\/a><\/p>\n<p>&#8211;\u00a0<a id=\"m_4250150130059870286OWA292cc827-6b3a-8b83-a31b-61d1263ee76a\" href=\"http:\/\/www.fo-territoriaux42.fr\/2024\/10\/02\/la-cour-des-comptes-pousse-a-la-suppression-de-100-000-postes-dans-les-collectivites\/\" target=\"_blank\" rel=\"noopener\" data-saferedirecturl=\"https:\/\/www.google.com\/url?q=http:\/\/www.fo-territoriaux42.fr\/2024\/10\/02\/la-cour-des-comptes-pousse-a-la-suppression-de-100-000-postes-dans-les-collectivites\/&amp;source=gmail&amp;ust=1728373706554000&amp;usg=AOvVaw1ru7cVtZgtiW8THJ2OOCGj\">LA COUR DES COMPTES POUSSE \u00c0 LA SUPPRESSION DE 100 000 POSTES DANS LES COLLECTIVIT\u00c9S<\/a><\/p>\n<p>&#8211;\u00a0<a id=\"m_4250150130059870286OWAfaab3d4e-061d-b2d3-34ed-869bc5638d59\" href=\"http:\/\/www.fo-territoriaux42.fr\/2024\/09\/30\/la-caisse-de-retraite-des-fonctionnaires-territoriaux-et-hospitaliers-dans-le-rouge\/\" target=\"_blank\" rel=\"noopener\" data-saferedirecturl=\"https:\/\/www.google.com\/url?q=http:\/\/www.fo-territoriaux42.fr\/2024\/09\/30\/la-caisse-de-retraite-des-fonctionnaires-territoriaux-et-hospitaliers-dans-le-rouge\/&amp;source=gmail&amp;ust=1728373706554000&amp;usg=AOvVaw0tbFWNWnei5QLuROwoGySv\">LA CAISSE DE RETRAITE DES FONCTIONNAIRES TERRITORIAUX ET HOSPITALIERS DANS LE ROUGE<\/a><\/b><\/div>\n<\/div>\n<\/div>\n","protected":false},"excerpt":{"rendered":"<p>Comme chaque semaine, vous pourrez retrouver les articles publi\u00e9s\u00a0la\u00a0semaine 40\u00a0de l&rsquo;ann\u00e9e 2024\u00a0sur le site\u00a0fo-territoriaux42.fr\u00a0en cliquant sur le lien de l\u2019article : &#8211;\u00a0DISCOURS DE POLITIQUE G\u00c9N\u00c9RALE [&#8230;]<\/p>\n","protected":false},"author":1,"featured_media":0,"comment_status":"closed","ping_status":"closed","sticky":false,"template":"","format":"standard","meta":{"jetpack_post_was_ever_published":false,"_jetpack_newsletter_access":"","_jetpack_dont_email_post_to_subs":false,"_jetpack_newsletter_tier_id":0,"_jetpack_memberships_contains_paywalled_content":false,"_jetpack_memberships_contains_paid_content":false,"footnotes":""},"categories":[17],"tags":[],"class_list":["post-2139","post","type-post","status-publish","format-standard","hentry","category-article"],"jetpack_featured_media_url":"","jetpack_sharing_enabled":true,"jetpack_shortlink":"https:\/\/wp.me\/p9roQz-yv","jetpack_likes_enabled":false,"publishpress_future_action":{"enabled":false,"date":"2026-05-10 17:37:46","action":"change-status","newStatus":"draft","terms":[],"taxonomy":"category","extraData":[]},"publishpress_future_workflow_manual_trigger":{"enabledWorkflows":[]},"_links":{"self":[{"href":"https:\/\/www.fo-saint-etienne.fr\/fomunvse\/index.php?rest_route=\/wp\/v2\/posts\/2139","targetHints":{"allow":["GET"]}}],"collection":[{"href":"https:\/\/www.fo-saint-etienne.fr\/fomunvse\/index.php?rest_route=\/wp\/v2\/posts"}],"about":[{"href":"https:\/\/www.fo-saint-etienne.fr\/fomunvse\/index.php?rest_route=\/wp\/v2\/types\/post"}],"author":[{"embeddable":true,"href":"https:\/\/www.fo-saint-etienne.fr\/fomunvse\/index.php?rest_route=\/wp\/v2\/users\/1"}],"replies":[{"embeddable":true,"href":"https:\/\/www.fo-saint-etienne.fr\/fomunvse\/index.php?rest_route=%2Fwp%2Fv2%2Fcomments&post=2139"}],"version-history":[{"count":2,"href":"https:\/\/www.fo-saint-etienne.fr\/fomunvse\/index.php?rest_route=\/wp\/v2\/posts\/2139\/revisions"}],"predecessor-version":[{"id":2141,"href":"https:\/\/www.fo-saint-etienne.fr\/fomunvse\/index.php?rest_route=\/wp\/v2\/posts\/2139\/revisions\/2141"}],"wp:attachment":[{"href":"https:\/\/www.fo-saint-etienne.fr\/fomunvse\/index.php?rest_route=%2Fwp%2Fv2%2Fmedia&parent=2139"}],"wp:term":[{"taxonomy":"category","embeddable":true,"href":"https:\/\/www.fo-saint-etienne.fr\/fomunvse\/index.php?rest_route=%2Fwp%2Fv2%2Fcategories&post=2139"},{"taxonomy":"post_tag","embeddable":true,"href":"https:\/\/www.fo-saint-etienne.fr\/fomunvse\/index.php?rest_route=%2Fwp%2Fv2%2Ftags&post=2139"}],"curies":[{"name":"wp","href":"https:\/\/api.w.org\/{rel}","templated":true}]}}