{"id":2160,"date":"2024-10-28T10:36:36","date_gmt":"2024-10-28T09:36:36","guid":{"rendered":"http:\/\/www.fo-saint-etienne.fr\/fomunvse\/?p=2160"},"modified":"2025-01-14T01:23:23","modified_gmt":"2025-01-14T00:23:23","slug":"info-force-ouvriere-de-la-semaine-43-2024","status":"publish","type":"post","link":"https:\/\/www.fo-saint-etienne.fr\/fomunvse\/?p=2160","title":{"rendered":"Info FORCE OUVRI\u00c8RE de la semaine 43-2024"},"content":{"rendered":"<div>\n<p><span style=\"font-size: large;\">Comme chaque semaine, vous retrouverez les articles publi\u00e9s\u00a0la\u00a0<b>semaine\u00a0<span class=\"gmail_default\">43<\/span> <\/b><\/span><span style=\"font-size: large;\">de l&rsquo;ann\u00e9e 2024 sur le site Internet <u><b><a href=\"http:\/\/fo-territoriaux42.fr\/\" target=\"_blank\" rel=\"noopener\" data-saferedirecturl=\"https:\/\/www.google.com\/url?q=http:\/\/fo-territoriaux42.fr\/&amp;source=gmail&amp;ust=1729577134118000&amp;usg=AOvVaw2PGJvqQC-NgGLFsZWHZ_kh\">fo-territoriaux42.fr<\/a><\/b><\/u>\u00a0<\/span><span style=\"font-size: large;\"><wbr \/>en cliquant sur le lien de l\u2019article :<\/span><\/p>\n<\/div>\n<div>\n<p><span style=\"font-size: large;\"><b>&#8211;<a href=\"http:\/\/www.fo-territoriaux42.fr\/2024\/10\/27\/inondations-quelles-sont-les-conditions-pour-etre-indemnise\/\" target=\"_blank\" rel=\"noopener\" data-saferedirecturl=\"https:\/\/www.google.com\/url?q=http:\/\/www.fo-territoriaux42.fr\/2024\/10\/27\/inondations-quelles-sont-les-conditions-pour-etre-indemnise\/&amp;source=gmail&amp;ust=1730194241067000&amp;usg=AOvVaw0aci2HLsCn43BU14g7tB5e\">\u00a0INONDATIONS : QUELLES SONT LES CONDITIONS POUR \u00caTRE INDEMNIS\u00c9 ?<\/a><\/b><\/span><\/p>\n<p>&#8211;\u00a0<a href=\"http:\/\/www.fo-territoriaux42.fr\/2024\/10\/27\/financement-des-aesh-pendant-la-pose-meridienne-letat-manque-a-ses-obligations\/\" target=\"_blank\" rel=\"noopener\" data-saferedirecturl=\"https:\/\/www.google.com\/url?q=http:\/\/www.fo-territoriaux42.fr\/2024\/10\/27\/financement-des-aesh-pendant-la-pose-meridienne-letat-manque-a-ses-obligations\/&amp;source=gmail&amp;ust=1730194241067000&amp;usg=AOvVaw0J2X9KsXUuVF8yt9cCd6lW\">FINANCEMENT DES AESH PENDANT LA POSE M\u00c9RIDIENNE : L\u2019\u00c9TAT MANQUE \u00c0 SES OBLIGATIONS<\/a><\/p>\n<p>&#8211;\u00a0<span style=\"font-size: large;\"><b><a href=\"http:\/\/www.fo-territoriaux42.fr\/2024\/10\/27\/fonctionnaires-guillaume-kasbarian-confirme-la-suppression-de-la-prime-de-pouvoir-dachat-gipa\/\" target=\"_blank\" rel=\"noopener\" data-saferedirecturl=\"https:\/\/www.google.com\/url?q=http:\/\/www.fo-territoriaux42.fr\/2024\/10\/27\/fonctionnaires-guillaume-kasbarian-confirme-la-suppression-de-la-prime-de-pouvoir-dachat-gipa\/&amp;source=gmail&amp;ust=1730194241067000&amp;usg=AOvVaw3PKRK1ZVXwRYv-Fttv3BI6\">FONCTIONNAIRES : GUILLAUME KASBARIAN CONFIRME LA SUPPRESSION DE LA PRIME DE POUVOIR D\u2019ACHAT (GIPA)<\/a><\/b><\/span><b><\/b><\/p>\n<p>&#8211;\u00a0<a href=\"http:\/\/www.fo-territoriaux42.fr\/2024\/10\/24\/face-aux-politiques-dausterite-fo-territoriaux-appelle-a-la-mobilisation\/\" target=\"_blank\" rel=\"noopener\" data-saferedirecturl=\"https:\/\/www.google.com\/url?q=http:\/\/www.fo-territoriaux42.fr\/2024\/10\/24\/face-aux-politiques-dausterite-fo-territoriaux-appelle-a-la-mobilisation\/&amp;source=gmail&amp;ust=1730194241067000&amp;usg=AOvVaw2BKYJNryFLte33doAZ1csT\">FACE AUX POLITIQUES D\u2019AUST\u00c9RIT\u00c9 FO TERRITORIAUX APPELLE \u00c0 LA MOBILISATION<\/a><\/p>\n<p>&#8211;\u00a0<a href=\"http:\/\/www.fo-territoriaux42.fr\/2024\/10\/24\/communique-intersyndical-des-os-de-la-fp-projet-de-loi-de-finances-la-fonction-publique-territoriale-ne-doivent-pas-payer-la-crise\/\" target=\"_blank\" rel=\"noopener\" data-saferedirecturl=\"https:\/\/www.google.com\/url?q=http:\/\/www.fo-territoriaux42.fr\/2024\/10\/24\/communique-intersyndical-des-os-de-la-fp-projet-de-loi-de-finances-la-fonction-publique-territoriale-ne-doivent-pas-payer-la-crise\/&amp;source=gmail&amp;ust=1730194241067000&amp;usg=AOvVaw26BZQH5n4y4UBJhng6E6x0\">COMMUNIQU\u00c9 INTERSYNDICAL DES OS DE LA FP : \u00ab PROJET DE LOI DE FINANCES \u2013 LA FONCTION PUBLIQUE TERRITORIALE NE DOIVENT PAS PAYER LA CRISE \u00bb<\/a><\/p>\n<p>&#8211;\u00a0<a href=\"http:\/\/www.fo-territoriaux42.fr\/2024\/10\/24\/effectifs-merite-licenciements-guillaume-kasbarian-laisse-les-options-ouverts\/\" target=\"_blank\" rel=\"noopener\" data-saferedirecturl=\"https:\/\/www.google.com\/url?q=http:\/\/www.fo-territoriaux42.fr\/2024\/10\/24\/effectifs-merite-licenciements-guillaume-kasbarian-laisse-les-options-ouverts\/&amp;source=gmail&amp;ust=1730194241067000&amp;usg=AOvVaw2sF8paPTe2w5-qgqIxupaA\">EFFECTIFS, M\u00c9RITE, LICENCIEMENTS : GUILLAUME KASBARIAN LAISSE LES OPTIONS OUVERTS<\/a><\/p>\n<p>&#8211;\u00a0<a href=\"http:\/\/www.fo-territoriaux42.fr\/2024\/10\/22\/fonction-publique-le-debat-sur-le-jour-de-carence-une-enieme-fois-relance\/\" target=\"_blank\" rel=\"noopener\" data-saferedirecturl=\"https:\/\/www.google.com\/url?q=http:\/\/www.fo-territoriaux42.fr\/2024\/10\/22\/fonction-publique-le-debat-sur-le-jour-de-carence-une-enieme-fois-relance\/&amp;source=gmail&amp;ust=1730194241067000&amp;usg=AOvVaw2TKEda8adQBBTkdYwehcxo\">FONCTION PUBLIQUE : LE D\u00c9BAT SUR LE JOUR DE CARENCE UNE \u00c9NI\u00c8ME FOIS RELANC\u00c9<\/a><\/p>\n<p>&#8211;\u00a0<a href=\"http:\/\/www.fo-territoriaux42.fr\/2024\/10\/21\/fonction-publique-le-projet-de-loi-ni-conserve-ni-abandonne\/\" target=\"_blank\" rel=\"noopener\" data-saferedirecturl=\"https:\/\/www.google.com\/url?q=http:\/\/www.fo-territoriaux42.fr\/2024\/10\/21\/fonction-publique-le-projet-de-loi-ni-conserve-ni-abandonne\/&amp;source=gmail&amp;ust=1730194241067000&amp;usg=AOvVaw2BOnVzD7yrboOFQRm0gh87\">FONCTION PUBLIQUE : LE PROJET DE LOI \u00ab NI CONSERV\u00c9, NI ABANDONN\u00c9 \u00bb ?<\/a><\/p>\n<\/div>\n","protected":false},"excerpt":{"rendered":"<p>Comme chaque semaine, vous retrouverez les articles publi\u00e9s\u00a0la\u00a0semaine\u00a043 de l&rsquo;ann\u00e9e 2024 sur le site Internet fo-territoriaux42.fr\u00a0en cliquant sur le lien de l\u2019article : &#8211;\u00a0INONDATIONS : [&#8230;]<\/p>\n","protected":false},"author":1,"featured_media":0,"comment_status":"closed","ping_status":"closed","sticky":false,"template":"","format":"standard","meta":{"jetpack_post_was_ever_published":false,"_jetpack_newsletter_access":"","_jetpack_dont_email_post_to_subs":false,"_jetpack_newsletter_tier_id":0,"_jetpack_memberships_contains_paywalled_content":false,"_jetpack_memberships_contains_paid_content":false,"footnotes":""},"categories":[17],"tags":[],"class_list":["post-2160","post","type-post","status-publish","format-standard","hentry","category-article"],"jetpack_featured_media_url":"","jetpack_sharing_enabled":true,"jetpack_shortlink":"https:\/\/wp.me\/p9roQz-yQ","jetpack_likes_enabled":false,"publishpress_future_action":{"enabled":false,"date":"2026-05-10 17:41:24","action":"change-status","newStatus":"draft","terms":[],"taxonomy":"category","extraData":[]},"publishpress_future_workflow_manual_trigger":{"enabledWorkflows":[]},"_links":{"self":[{"href":"https:\/\/www.fo-saint-etienne.fr\/fomunvse\/index.php?rest_route=\/wp\/v2\/posts\/2160","targetHints":{"allow":["GET"]}}],"collection":[{"href":"https:\/\/www.fo-saint-etienne.fr\/fomunvse\/index.php?rest_route=\/wp\/v2\/posts"}],"about":[{"href":"https:\/\/www.fo-saint-etienne.fr\/fomunvse\/index.php?rest_route=\/wp\/v2\/types\/post"}],"author":[{"embeddable":true,"href":"https:\/\/www.fo-saint-etienne.fr\/fomunvse\/index.php?rest_route=\/wp\/v2\/users\/1"}],"replies":[{"embeddable":true,"href":"https:\/\/www.fo-saint-etienne.fr\/fomunvse\/index.php?rest_route=%2Fwp%2Fv2%2Fcomments&post=2160"}],"version-history":[{"count":4,"href":"https:\/\/www.fo-saint-etienne.fr\/fomunvse\/index.php?rest_route=\/wp\/v2\/posts\/2160\/revisions"}],"predecessor-version":[{"id":2164,"href":"https:\/\/www.fo-saint-etienne.fr\/fomunvse\/index.php?rest_route=\/wp\/v2\/posts\/2160\/revisions\/2164"}],"wp:attachment":[{"href":"https:\/\/www.fo-saint-etienne.fr\/fomunvse\/index.php?rest_route=%2Fwp%2Fv2%2Fmedia&parent=2160"}],"wp:term":[{"taxonomy":"category","embeddable":true,"href":"https:\/\/www.fo-saint-etienne.fr\/fomunvse\/index.php?rest_route=%2Fwp%2Fv2%2Fcategories&post=2160"},{"taxonomy":"post_tag","embeddable":true,"href":"https:\/\/www.fo-saint-etienne.fr\/fomunvse\/index.php?rest_route=%2Fwp%2Fv2%2Ftags&post=2160"}],"curies":[{"name":"wp","href":"https:\/\/api.w.org\/{rel}","templated":true}]}}