{"id":2165,"date":"2024-11-04T10:05:32","date_gmt":"2024-11-04T09:05:32","guid":{"rendered":"http:\/\/www.fo-saint-etienne.fr\/fomunvse\/?p=2165"},"modified":"2025-01-14T01:23:23","modified_gmt":"2025-01-14T00:23:23","slug":"info-force-ouvriere-de-la-semaine-44-2024","status":"publish","type":"post","link":"https:\/\/www.fo-saint-etienne.fr\/fomunvse\/?p=2165","title":{"rendered":"Info FORCE OUVRI\u00c8RE de la semaine 44-2024"},"content":{"rendered":"<div>\n<p><span style=\"font-size: large;\">Comme chaque semaine, vous retrouverez les articles publi\u00e9s\u00a0la\u00a0<b>semaine\u00a0<span class=\"gmail_default\">44<\/span><span class=\"gmail_default\">\u00a0<\/span><\/b><\/span><span style=\"font-size: large;\">de l&rsquo;ann\u00e9e 2024 sur le site Internet <u><b><a href=\"http:\/\/fo-territoriaux42.fr\/\" target=\"_blank\" rel=\"noopener\" data-saferedirecturl=\"https:\/\/www.google.com\/url?q=http:\/\/fo-territoriaux42.fr\/&amp;source=gmail&amp;ust=1730795661028000&amp;usg=AOvVaw0HRhy2bBhYTeX2ZXaleTVT\">fo-territoriaux42.fr<\/a><\/b><\/u>\u00a0<\/span><span style=\"font-size: large;\"><wbr \/>en cliquant sur le lien de l\u2019article :<\/span><\/p>\n<\/div>\n<p><span style=\"font-size: large;\"><b>&#8211;\u00a0<a href=\"http:\/\/www.fo-territoriaux42.fr\/2024\/10\/31\/fonction-publique-les-attaques-pleuvent-sur-les-agents\/\" target=\"_blank\" rel=\"noopener\" data-saferedirecturl=\"https:\/\/www.google.com\/url?q=http:\/\/www.fo-territoriaux42.fr\/2024\/10\/31\/fonction-publique-les-attaques-pleuvent-sur-les-agents\/&amp;source=gmail&amp;ust=1730795661028000&amp;usg=AOvVaw2xHdzu68NPL-M8-d0mP_3w\">FONCTION PUBLIQUE : LES ATTAQUES PLEUVENT SUR LES AGENTS<\/a><\/p>\n<p>&#8211;\u00a0<a href=\"http:\/\/www.fo-territoriaux42.fr\/2024\/10\/30\/editorial-de-frederic-souillot-du-30-octobre-2024-ferveur-et-determination\/\" target=\"_blank\" rel=\"noopener\" data-saferedirecturl=\"https:\/\/www.google.com\/url?q=http:\/\/www.fo-territoriaux42.fr\/2024\/10\/30\/editorial-de-frederic-souillot-du-30-octobre-2024-ferveur-et-determination\/&amp;source=gmail&amp;ust=1730795661028000&amp;usg=AOvVaw2gxw2wej5leJvhXty7_Nm6\">\u00c9DITORIAL DE FR\u00c9D\u00c9RIC SOUILLOT DU 30 OCTOBRE 2024 : \u00ab FERVEUR ET D\u00c9TERMINATION! \u00bb<\/a><\/p>\n<p>&#8211;\u00a0<a href=\"http:\/\/www.fo-territoriaux42.fr\/2024\/10\/30\/fonction-publique-les-syndicats-engagent-le-bras-de-fer-avec-le-gouvernement\/\" target=\"_blank\" rel=\"noopener\" data-saferedirecturl=\"https:\/\/www.google.com\/url?q=http:\/\/www.fo-territoriaux42.fr\/2024\/10\/30\/fonction-publique-les-syndicats-engagent-le-bras-de-fer-avec-le-gouvernement\/&amp;source=gmail&amp;ust=1730795661028000&amp;usg=AOvVaw3e9Dg_ovJO7vzZo_Ljuxaf\">FONCTION PUBLIQUE : LES SYNDICATS ENGAGENT LE BRAS DE FER AVEC LE GOUVERNEMENT<\/a><\/p>\n<p>&#8211;\u00a0<a href=\"http:\/\/www.fo-territoriaux42.fr\/2024\/10\/29\/le-sens-du-service-public-appelle-a-un-vrai-debat-sur-la-prevention-de-lusure-professionnelle-et-de-labsenteisme-dans-la-fonction-publique\/\" target=\"_blank\" rel=\"noopener\" data-saferedirecturl=\"https:\/\/www.google.com\/url?q=http:\/\/www.fo-territoriaux42.fr\/2024\/10\/29\/le-sens-du-service-public-appelle-a-un-vrai-debat-sur-la-prevention-de-lusure-professionnelle-et-de-labsenteisme-dans-la-fonction-publique\/&amp;source=gmail&amp;ust=1730795661028000&amp;usg=AOvVaw3iloZ-Xzw1hQpwFYKRlHmG\">LE SENS DU SERVICE PUBLIC APPELLE \u00c0 UN VRAI D\u00c9BAT SUR LA PR\u00c9VENTION DE L\u2019USURE PROFESSIONNELLE ET DE L\u2019ABSENT\u00c9ISME DANS LA FONCTION PUBLIQUE<\/a><\/p>\n<p>&#8211;\u00a0<a href=\"http:\/\/www.fo-territoriaux42.fr\/2024\/10\/29\/jour-de-carence-une-efficacite-souvent-mise-en-doute-dans-la-fonction-publique\/\" target=\"_blank\" rel=\"noopener\" data-saferedirecturl=\"https:\/\/www.google.com\/url?q=http:\/\/www.fo-territoriaux42.fr\/2024\/10\/29\/jour-de-carence-une-efficacite-souvent-mise-en-doute-dans-la-fonction-publique\/&amp;source=gmail&amp;ust=1730795661028000&amp;usg=AOvVaw2DhF-toDESl8bFKz-O5wBL\">JOUR DE CARENCE : UNE EFFICACIT\u00c9 SOUVENT MISE EN DOUTE DANS LA FONCTION PUBLIQUE<\/a><\/p>\n<p>&#8211;\u00a0<a href=\"http:\/\/www.fo-territoriaux42.fr\/2024\/10\/28\/budget-le-gouvernement-sacharne-sur-les-agents-publics\/\" target=\"_blank\" rel=\"noopener\" data-saferedirecturl=\"https:\/\/www.google.com\/url?q=http:\/\/www.fo-territoriaux42.fr\/2024\/10\/28\/budget-le-gouvernement-sacharne-sur-les-agents-publics\/&amp;source=gmail&amp;ust=1730795661028000&amp;usg=AOvVaw3P9o6sPxecT-spnN2vwRdm\">BUDGET : LE GOUVERNEMENT S\u2019ACHARNE SUR LES AGENTS PUBLICS<\/a><\/b><\/span><\/p>\n","protected":false},"excerpt":{"rendered":"<p>Comme chaque semaine, vous retrouverez les articles publi\u00e9s\u00a0la\u00a0semaine\u00a044\u00a0de l&rsquo;ann\u00e9e 2024 sur le site Internet fo-territoriaux42.fr\u00a0en cliquant sur le lien de l\u2019article : &#8211;\u00a0FONCTION PUBLIQUE : [&#8230;]<\/p>\n","protected":false},"author":1,"featured_media":0,"comment_status":"closed","ping_status":"closed","sticky":false,"template":"","format":"standard","meta":{"jetpack_post_was_ever_published":false,"_jetpack_newsletter_access":"","_jetpack_dont_email_post_to_subs":false,"_jetpack_newsletter_tier_id":0,"_jetpack_memberships_contains_paywalled_content":false,"_jetpack_memberships_contains_paid_content":false,"footnotes":""},"categories":[17],"tags":[],"class_list":["post-2165","post","type-post","status-publish","format-standard","hentry","category-article"],"jetpack_featured_media_url":"","jetpack_sharing_enabled":true,"jetpack_shortlink":"https:\/\/wp.me\/p9roQz-yV","jetpack_likes_enabled":false,"publishpress_future_action":{"enabled":false,"date":"2026-05-10 17:48:22","action":"change-status","newStatus":"draft","terms":[],"taxonomy":"category","extraData":[]},"publishpress_future_workflow_manual_trigger":{"enabledWorkflows":[]},"_links":{"self":[{"href":"https:\/\/www.fo-saint-etienne.fr\/fomunvse\/index.php?rest_route=\/wp\/v2\/posts\/2165","targetHints":{"allow":["GET"]}}],"collection":[{"href":"https:\/\/www.fo-saint-etienne.fr\/fomunvse\/index.php?rest_route=\/wp\/v2\/posts"}],"about":[{"href":"https:\/\/www.fo-saint-etienne.fr\/fomunvse\/index.php?rest_route=\/wp\/v2\/types\/post"}],"author":[{"embeddable":true,"href":"https:\/\/www.fo-saint-etienne.fr\/fomunvse\/index.php?rest_route=\/wp\/v2\/users\/1"}],"replies":[{"embeddable":true,"href":"https:\/\/www.fo-saint-etienne.fr\/fomunvse\/index.php?rest_route=%2Fwp%2Fv2%2Fcomments&post=2165"}],"version-history":[{"count":1,"href":"https:\/\/www.fo-saint-etienne.fr\/fomunvse\/index.php?rest_route=\/wp\/v2\/posts\/2165\/revisions"}],"predecessor-version":[{"id":2166,"href":"https:\/\/www.fo-saint-etienne.fr\/fomunvse\/index.php?rest_route=\/wp\/v2\/posts\/2165\/revisions\/2166"}],"wp:attachment":[{"href":"https:\/\/www.fo-saint-etienne.fr\/fomunvse\/index.php?rest_route=%2Fwp%2Fv2%2Fmedia&parent=2165"}],"wp:term":[{"taxonomy":"category","embeddable":true,"href":"https:\/\/www.fo-saint-etienne.fr\/fomunvse\/index.php?rest_route=%2Fwp%2Fv2%2Fcategories&post=2165"},{"taxonomy":"post_tag","embeddable":true,"href":"https:\/\/www.fo-saint-etienne.fr\/fomunvse\/index.php?rest_route=%2Fwp%2Fv2%2Ftags&post=2165"}],"curies":[{"name":"wp","href":"https:\/\/api.w.org\/{rel}","templated":true}]}}