{"id":2172,"date":"2024-11-12T08:51:21","date_gmt":"2024-11-12T07:51:21","guid":{"rendered":"http:\/\/www.fo-saint-etienne.fr\/fomunvse\/?p=2172"},"modified":"2025-01-14T01:23:23","modified_gmt":"2025-01-14T00:23:23","slug":"info-force-ouvriere-de-la-semaine-45-2024","status":"publish","type":"post","link":"https:\/\/www.fo-saint-etienne.fr\/fomunvse\/?p=2172","title":{"rendered":"Info FORCE OUVRI\u00c8RE de la semaine 45-2024"},"content":{"rendered":"<div>\n<p><span style=\"font-size: large;\">Comme chaque semaine, vous retrouverez les articles publi\u00e9s\u00a0la\u00a0<b>semaine\u00a0<span class=\"gmail_default\">45<\/span><span class=\"gmail_default\">\u00a0<\/span><\/b><\/span><span style=\"font-size: large;\">de l&rsquo;ann\u00e9e 2024 sur le site Internet\u00a0<u><b><a href=\"http:\/\/fo-territoriaux42.fr\/\" target=\"_blank\" rel=\"noopener\" data-saferedirecturl=\"https:\/\/www.google.com\/url?q=http:\/\/fo-territoriaux42.fr\/&amp;source=gmail&amp;ust=1731483472651000&amp;usg=AOvVaw0WXXAURUzZ-cTvGaQ49Ifw\">fo-territoriaux42.fr<\/a><\/b><\/u>\u00a0<\/span><span style=\"font-size: large;\"><wbr \/>en cliquant sur le lien de l\u2019article :<\/span><\/p>\n<\/div>\n<p><span style=\"font-size: large;\"><b>&#8211;\u00a0<a href=\"http:\/\/www.fo-territoriaux42.fr\/2024\/11\/09\/un-gouvernement-anti-fonction-publique\/\" target=\"_blank\" rel=\"noopener\" data-saferedirecturl=\"https:\/\/www.google.com\/url?q=http:\/\/www.fo-territoriaux42.fr\/2024\/11\/09\/un-gouvernement-anti-fonction-publique\/&amp;source=gmail&amp;ust=1731483472651000&amp;usg=AOvVaw0Y5hwkzGTW5IT9S4Ve_37N\">UN GOUVERNEMENT ANTI FONCTION PUBLIQUE<\/a><\/p>\n<p>&#8211;\u00a0<a href=\"http:\/\/www.fo-territoriaux42.fr\/2024\/11\/09\/lappel-a-la-greve-dans-la-fonction-publique-un-test-de-lunite-et-de-la-force-syndicales\/\" target=\"_blank\" rel=\"noopener\" data-saferedirecturl=\"https:\/\/www.google.com\/url?q=http:\/\/www.fo-territoriaux42.fr\/2024\/11\/09\/lappel-a-la-greve-dans-la-fonction-publique-un-test-de-lunite-et-de-la-force-syndicales\/&amp;source=gmail&amp;ust=1731483472651000&amp;usg=AOvVaw1aVt14hf_mpgZDb7QAJRXB\">L\u2019APPEL \u00c0 LA GR\u00c8VE DANS LA FONCTION PUBLIQUE, UN TEST DE L\u2019UNIT\u00c9 ET DE LA FORCE SYNDICALES<\/a><\/p>\n<p>&#8211;\u00a0<a href=\"http:\/\/www.fo-territoriaux42.fr\/2024\/11\/09\/ce-que-le-ministre-kasbarian-a-precisement-dit-aux-syndicats-de-la-fonction-publique\/\" target=\"_blank\" rel=\"noopener\" data-saferedirecturl=\"https:\/\/www.google.com\/url?q=http:\/\/www.fo-territoriaux42.fr\/2024\/11\/09\/ce-que-le-ministre-kasbarian-a-precisement-dit-aux-syndicats-de-la-fonction-publique\/&amp;source=gmail&amp;ust=1731483472651000&amp;usg=AOvVaw2mjsdj-J3k6NgI5PB8vA1G\">CE QUE LE MINISTRE KASBARIAN A PR\u00c9CIS\u00c9MENT DIT AUX SYNDICATS DE LA FONCTION PUBLIQUE<\/a><\/p>\n<p>&#8211;\u00a0<a href=\"http:\/\/www.fo-territoriaux42.fr\/2024\/11\/09\/fonction-publique-labandon-du-projet-de-loi-guerini-ne-calme-pas-la-grogne-des-syndicats\/\" target=\"_blank\" rel=\"noopener\" data-saferedirecturl=\"https:\/\/www.google.com\/url?q=http:\/\/www.fo-territoriaux42.fr\/2024\/11\/09\/fonction-publique-labandon-du-projet-de-loi-guerini-ne-calme-pas-la-grogne-des-syndicats\/&amp;source=gmail&amp;ust=1731483472651000&amp;usg=AOvVaw22P7RT6dXSSKV8MdnkhSie\">FONCTION PUBLIQUE : L\u2019ABANDON DU PROJET DE LOI \u00ab GUERINI \u00bb NE CALME PAS LA GROGNE DES SYNDICATS<\/a><\/p>\n<p>&#8211;\u00a0<a href=\"http:\/\/www.fo-territoriaux42.fr\/2024\/11\/07\/meme-en-arret-maladie-les-fonctionnaires-peuvent-etre-sanctionnes\/\" target=\"_blank\" rel=\"noopener\" data-saferedirecturl=\"https:\/\/www.google.com\/url?q=http:\/\/www.fo-territoriaux42.fr\/2024\/11\/07\/meme-en-arret-maladie-les-fonctionnaires-peuvent-etre-sanctionnes\/&amp;source=gmail&amp;ust=1731483472651000&amp;usg=AOvVaw3xy4SNeQvHN_AFlja79dvV\">M\u00caME EN ARR\u00caT MALADIE, LES FONCTIONNAIRES PEUVENT \u00caTRE SANCTIONN\u00c9S<\/a><\/p>\n<p>&#8211;\u00a0<a href=\"http:\/\/www.fo-territoriaux42.fr\/2024\/11\/07\/de-nouvelles-coupes-budgetaires-annoncees-les-collectivites-encore-touchees\/\" target=\"_blank\" rel=\"noopener\" data-saferedirecturl=\"https:\/\/www.google.com\/url?q=http:\/\/www.fo-territoriaux42.fr\/2024\/11\/07\/de-nouvelles-coupes-budgetaires-annoncees-les-collectivites-encore-touchees\/&amp;source=gmail&amp;ust=1731483472651000&amp;usg=AOvVaw2o9YUc-Tk7MYIy7AeZyq79\">DE NOUVELLES COUPES BUDG\u00c9TAIRES ANNONC\u00c9ES, LES COLLECTIVIT\u00c9S ENCORE TOUCH\u00c9ES<\/a><\/p>\n<p>&#8211;\u00a0<a href=\"http:\/\/www.fo-territoriaux42.fr\/2024\/11\/06\/retraites-des-fonctionnaires-les-deputes-annulent-la-hausse-des-cotisations-des-collectivites\/\" target=\"_blank\" rel=\"noopener\" data-saferedirecturl=\"https:\/\/www.google.com\/url?q=http:\/\/www.fo-territoriaux42.fr\/2024\/11\/06\/retraites-des-fonctionnaires-les-deputes-annulent-la-hausse-des-cotisations-des-collectivites\/&amp;source=gmail&amp;ust=1731483472651000&amp;usg=AOvVaw3DXBzqq6AzRZpc4SQ-s0Sg\">RETRAITES DES FONCTIONNAIRES : LES D\u00c9PUT\u00c9S ANNULENT LA HAUSSE DES COTISATIONS DES COLLECTIVIT\u00c9S<\/a><\/p>\n<p>&#8211;\u00a0<a href=\"http:\/\/www.fo-territoriaux42.fr\/2024\/11\/05\/trois-jours-de-carence-dans-la-fonction-publique-un-coup-dur-pour-les-femmes\/\" target=\"_blank\" rel=\"noopener\" data-saferedirecturl=\"https:\/\/www.google.com\/url?q=http:\/\/www.fo-territoriaux42.fr\/2024\/11\/05\/trois-jours-de-carence-dans-la-fonction-publique-un-coup-dur-pour-les-femmes\/&amp;source=gmail&amp;ust=1731483472651000&amp;usg=AOvVaw3czpwXzazuMrUrKzcHC2kc\">TROIS JOURS DE CARENCE DANS LA FONCTION PUBLIQUE : UN COUP DUR POUR LES FEMMES<\/a><\/p>\n<p>&#8211;\u00a0<a href=\"http:\/\/www.fo-territoriaux42.fr\/2024\/11\/05\/pour-une-reforme-du-delit-de-harcelement-moral-au-travail\/\" target=\"_blank\" rel=\"noopener\" data-saferedirecturl=\"https:\/\/www.google.com\/url?q=http:\/\/www.fo-territoriaux42.fr\/2024\/11\/05\/pour-une-reforme-du-delit-de-harcelement-moral-au-travail\/&amp;source=gmail&amp;ust=1731483472651000&amp;usg=AOvVaw0egv47FMVpgTw07r39-Lip\">POUR UNE R\u00c9FORME DU D\u00c9LIT DE HARC\u00c8LEMENT MORAL AU TRAVAIL<\/a><\/b><\/span><\/p>\n","protected":false},"excerpt":{"rendered":"<p>Comme chaque semaine, vous retrouverez les articles publi\u00e9s\u00a0la\u00a0semaine\u00a045\u00a0de l&rsquo;ann\u00e9e 2024 sur le site Internet\u00a0fo-territoriaux42.fr\u00a0en cliquant sur le lien de l\u2019article : &#8211;\u00a0UN GOUVERNEMENT ANTI FONCTION [&#8230;]<\/p>\n","protected":false},"author":1,"featured_media":0,"comment_status":"closed","ping_status":"closed","sticky":false,"template":"","format":"standard","meta":{"jetpack_post_was_ever_published":false,"_jetpack_newsletter_access":"","_jetpack_dont_email_post_to_subs":false,"_jetpack_newsletter_tier_id":0,"_jetpack_memberships_contains_paywalled_content":false,"_jetpack_memberships_contains_paid_content":false,"footnotes":""},"categories":[17],"tags":[],"class_list":["post-2172","post","type-post","status-publish","format-standard","hentry","category-article"],"jetpack_featured_media_url":"","jetpack_sharing_enabled":true,"jetpack_shortlink":"https:\/\/wp.me\/p9roQz-z2","jetpack_likes_enabled":false,"publishpress_future_action":{"enabled":false,"date":"2026-05-10 17:38:58","action":"change-status","newStatus":"draft","terms":[],"taxonomy":"category","extraData":[]},"publishpress_future_workflow_manual_trigger":{"enabledWorkflows":[]},"_links":{"self":[{"href":"https:\/\/www.fo-saint-etienne.fr\/fomunvse\/index.php?rest_route=\/wp\/v2\/posts\/2172","targetHints":{"allow":["GET"]}}],"collection":[{"href":"https:\/\/www.fo-saint-etienne.fr\/fomunvse\/index.php?rest_route=\/wp\/v2\/posts"}],"about":[{"href":"https:\/\/www.fo-saint-etienne.fr\/fomunvse\/index.php?rest_route=\/wp\/v2\/types\/post"}],"author":[{"embeddable":true,"href":"https:\/\/www.fo-saint-etienne.fr\/fomunvse\/index.php?rest_route=\/wp\/v2\/users\/1"}],"replies":[{"embeddable":true,"href":"https:\/\/www.fo-saint-etienne.fr\/fomunvse\/index.php?rest_route=%2Fwp%2Fv2%2Fcomments&post=2172"}],"version-history":[{"count":1,"href":"https:\/\/www.fo-saint-etienne.fr\/fomunvse\/index.php?rest_route=\/wp\/v2\/posts\/2172\/revisions"}],"predecessor-version":[{"id":2173,"href":"https:\/\/www.fo-saint-etienne.fr\/fomunvse\/index.php?rest_route=\/wp\/v2\/posts\/2172\/revisions\/2173"}],"wp:attachment":[{"href":"https:\/\/www.fo-saint-etienne.fr\/fomunvse\/index.php?rest_route=%2Fwp%2Fv2%2Fmedia&parent=2172"}],"wp:term":[{"taxonomy":"category","embeddable":true,"href":"https:\/\/www.fo-saint-etienne.fr\/fomunvse\/index.php?rest_route=%2Fwp%2Fv2%2Fcategories&post=2172"},{"taxonomy":"post_tag","embeddable":true,"href":"https:\/\/www.fo-saint-etienne.fr\/fomunvse\/index.php?rest_route=%2Fwp%2Fv2%2Ftags&post=2172"}],"curies":[{"name":"wp","href":"https:\/\/api.w.org\/{rel}","templated":true}]}}