{"id":2174,"date":"2024-11-19T11:12:44","date_gmt":"2024-11-19T10:12:44","guid":{"rendered":"http:\/\/www.fo-saint-etienne.fr\/fomunvse\/?p=2174"},"modified":"2025-01-14T01:23:23","modified_gmt":"2025-01-14T00:23:23","slug":"info-force-ouvriere-de-la-semaine-46-2024","status":"publish","type":"post","link":"https:\/\/www.fo-saint-etienne.fr\/fomunvse\/?p=2174","title":{"rendered":"Info FORCE OUVRI\u00c8RE de la semaine 46-2024"},"content":{"rendered":"<div>\n<p><span style=\"font-size: large;\">Comme chaque semaine, vous retrouverez les articles publi\u00e9s\u00a0la\u00a0<b>semaine\u00a0<span class=\"gmail_default\">46<\/span><span class=\"gmail_default\">\u00a0<\/span><\/b><\/span><span style=\"font-size: large;\">de l&rsquo;ann\u00e9e 2024 sur le site Internet\u00a0<u><b><a href=\"http:\/\/fo-territoriaux42.fr\/\" target=\"_blank\" rel=\"noopener\" data-saferedirecturl=\"https:\/\/www.google.com\/url?q=http:\/\/fo-territoriaux42.fr\/&amp;source=gmail&amp;ust=1732095769534000&amp;usg=AOvVaw2_vWq7Fj1xUq5M30yRQFrn\">fo-territoriaux42.fr<\/a><\/b><\/u>\u00a0<\/span><span style=\"font-size: large;\"><wbr \/>en cliquant sur le lien de l\u2019article :<\/span><\/p>\n<\/div>\n<p><span style=\"font-size: large;\"><b>&#8211;\u00a0<a href=\"http:\/\/www.fo-territoriaux42.fr\/2024\/11\/15\/le-modele-du-ministre-kasbarian-ladministration-trump\/\" target=\"_blank\" rel=\"noopener\" data-saferedirecturl=\"https:\/\/www.google.com\/url?q=http:\/\/www.fo-territoriaux42.fr\/2024\/11\/15\/le-modele-du-ministre-kasbarian-ladministration-trump\/&amp;source=gmail&amp;ust=1732095769534000&amp;usg=AOvVaw0bbSuRv8Vfuyxfxle_ASq2\">LE MOD\u00c8LE DU MINISTRE KASBARIAN : L\u2019ADMINISTRATION TRUMP !<\/a><\/p>\n<p>&#8211;\u00a0<a href=\"http:\/\/www.fo-territoriaux42.fr\/2024\/11\/14\/les-syndicats-de-la-fonction-publique-appellent-a-la-greve-le-5-decembre\/\" target=\"_blank\" rel=\"noopener\" data-saferedirecturl=\"https:\/\/www.google.com\/url?q=http:\/\/www.fo-territoriaux42.fr\/2024\/11\/14\/les-syndicats-de-la-fonction-publique-appellent-a-la-greve-le-5-decembre\/&amp;source=gmail&amp;ust=1732095769534000&amp;usg=AOvVaw0lNaUEiBSAyDH3pyH4E7Fz\">LES SYNDICATS DE LA FONCTION PUBLIQUE APPELLENT \u00c0 LA GR\u00c8VE LE 5 D\u00c9CEMBRE<\/a><\/p>\n<p>&#8211;\u00a0<a href=\"http:\/\/www.fo-territoriaux42.fr\/2024\/11\/13\/salaries-seniors-une-etude-pour-mieux-apprehender-les-facteurs-de-risques-de-desinsertion-professionnelle\/\" target=\"_blank\" rel=\"noopener\" data-saferedirecturl=\"https:\/\/www.google.com\/url?q=http:\/\/www.fo-territoriaux42.fr\/2024\/11\/13\/salaries-seniors-une-etude-pour-mieux-apprehender-les-facteurs-de-risques-de-desinsertion-professionnelle\/&amp;source=gmail&amp;ust=1732095769534000&amp;usg=AOvVaw3yhHOipGof3n6UiwTzF19u\">SALARI\u00c9S S\u00c9NIORS : UNE \u00c9TUDE POUR MIEUX APPR\u00c9HENDER LES FACTEURS DE RISQUES DE D\u00c9SINSERTION PROFESSIONNELLE<\/a><\/p>\n<p>&#8211;\u00a0<a href=\"http:\/\/www.fo-territoriaux42.fr\/2024\/11\/13\/editorial-de-frederic-souillot-du-13-novembre-2024-mobilisation-pour-lemploi\/\" target=\"_blank\" rel=\"noopener\" data-saferedirecturl=\"https:\/\/www.google.com\/url?q=http:\/\/www.fo-territoriaux42.fr\/2024\/11\/13\/editorial-de-frederic-souillot-du-13-novembre-2024-mobilisation-pour-lemploi\/&amp;source=gmail&amp;ust=1732095769534000&amp;usg=AOvVaw1I4YxFvGav5tINrxZrAhEd\">\u00c9DITORIAL DE FR\u00c9D\u00c9RIC SOUILLOT DU 13 NOVEMBRE 2024 : \u00ab MOBILISATION POUR L\u2019EMPLOI ! \u00bb<\/a><\/p>\n<p>&#8211;\u00a0<a href=\"http:\/\/www.fo-territoriaux42.fr\/2024\/11\/13\/fonction-publique-lunite-syndicale-a-lepreuve\/\" target=\"_blank\" rel=\"noopener\" data-saferedirecturl=\"https:\/\/www.google.com\/url?q=http:\/\/www.fo-territoriaux42.fr\/2024\/11\/13\/fonction-publique-lunite-syndicale-a-lepreuve\/&amp;source=gmail&amp;ust=1732095769534000&amp;usg=AOvVaw2ZVdTXkMxeyQC-P3tSMnWd\">FONCTION PUBLIQUE : L\u2019UNIT\u00c9 SYNDICALE \u00c0 L\u2019\u00c9PREUVE<\/a><\/p>\n<p>&#8211;\u00a0<a href=\"http:\/\/www.fo-territoriaux42.fr\/2024\/11\/12\/les-deputes-approuvent-en-commission-la-baisse-de-la-remuneration-des-fonctionnaires-en-arret-maladie\/\" target=\"_blank\" rel=\"noopener\" data-saferedirecturl=\"https:\/\/www.google.com\/url?q=http:\/\/www.fo-territoriaux42.fr\/2024\/11\/12\/les-deputes-approuvent-en-commission-la-baisse-de-la-remuneration-des-fonctionnaires-en-arret-maladie\/&amp;source=gmail&amp;ust=1732095769534000&amp;usg=AOvVaw3xWXiaA07OIZudmIwMjqiA\">LES D\u00c9PUT\u00c9S APPROUVENT EN COMMISSION LA BAISSE DE LA R\u00c9MUN\u00c9RATION DES FONCTIONNAIRES EN ARR\u00caT MALADIE<\/a><\/p>\n<p>&#8211;\u00a0<a href=\"http:\/\/www.fo-territoriaux42.fr\/2024\/11\/11\/realiser-un-mesurage-de-lexposition-professionnelles-au-radon\/\" target=\"_blank\" rel=\"noopener\" data-saferedirecturl=\"https:\/\/www.google.com\/url?q=http:\/\/www.fo-territoriaux42.fr\/2024\/11\/11\/realiser-un-mesurage-de-lexposition-professionnelles-au-radon\/&amp;source=gmail&amp;ust=1732095769534000&amp;usg=AOvVaw37kx7robfQTlRGDzycuN3h\">R\u00c9ALISER UN MESURAGE DE L\u2019EXPOSITION PROFESSIONNELLES AU RADON<\/a><\/b><\/span><\/p>\n","protected":false},"excerpt":{"rendered":"<p>Comme chaque semaine, vous retrouverez les articles publi\u00e9s\u00a0la\u00a0semaine\u00a046\u00a0de l&rsquo;ann\u00e9e 2024 sur le site Internet\u00a0fo-territoriaux42.fr\u00a0en cliquant sur le lien de l\u2019article : &#8211;\u00a0LE MOD\u00c8LE DU MINISTRE [&#8230;]<\/p>\n","protected":false},"author":1,"featured_media":0,"comment_status":"closed","ping_status":"closed","sticky":false,"template":"","format":"standard","meta":{"jetpack_post_was_ever_published":false,"_jetpack_newsletter_access":"","_jetpack_dont_email_post_to_subs":false,"_jetpack_newsletter_tier_id":0,"_jetpack_memberships_contains_paywalled_content":false,"_jetpack_memberships_contains_paid_content":false,"footnotes":""},"categories":[17],"tags":[],"class_list":["post-2174","post","type-post","status-publish","format-standard","hentry","category-article"],"jetpack_featured_media_url":"","jetpack_sharing_enabled":true,"jetpack_shortlink":"https:\/\/wp.me\/p9roQz-z4","jetpack_likes_enabled":false,"publishpress_future_action":{"enabled":false,"date":"2026-05-10 17:39:50","action":"change-status","newStatus":"draft","terms":[],"taxonomy":"category","extraData":[]},"publishpress_future_workflow_manual_trigger":{"enabledWorkflows":[]},"_links":{"self":[{"href":"https:\/\/www.fo-saint-etienne.fr\/fomunvse\/index.php?rest_route=\/wp\/v2\/posts\/2174","targetHints":{"allow":["GET"]}}],"collection":[{"href":"https:\/\/www.fo-saint-etienne.fr\/fomunvse\/index.php?rest_route=\/wp\/v2\/posts"}],"about":[{"href":"https:\/\/www.fo-saint-etienne.fr\/fomunvse\/index.php?rest_route=\/wp\/v2\/types\/post"}],"author":[{"embeddable":true,"href":"https:\/\/www.fo-saint-etienne.fr\/fomunvse\/index.php?rest_route=\/wp\/v2\/users\/1"}],"replies":[{"embeddable":true,"href":"https:\/\/www.fo-saint-etienne.fr\/fomunvse\/index.php?rest_route=%2Fwp%2Fv2%2Fcomments&post=2174"}],"version-history":[{"count":1,"href":"https:\/\/www.fo-saint-etienne.fr\/fomunvse\/index.php?rest_route=\/wp\/v2\/posts\/2174\/revisions"}],"predecessor-version":[{"id":2175,"href":"https:\/\/www.fo-saint-etienne.fr\/fomunvse\/index.php?rest_route=\/wp\/v2\/posts\/2174\/revisions\/2175"}],"wp:attachment":[{"href":"https:\/\/www.fo-saint-etienne.fr\/fomunvse\/index.php?rest_route=%2Fwp%2Fv2%2Fmedia&parent=2174"}],"wp:term":[{"taxonomy":"category","embeddable":true,"href":"https:\/\/www.fo-saint-etienne.fr\/fomunvse\/index.php?rest_route=%2Fwp%2Fv2%2Fcategories&post=2174"},{"taxonomy":"post_tag","embeddable":true,"href":"https:\/\/www.fo-saint-etienne.fr\/fomunvse\/index.php?rest_route=%2Fwp%2Fv2%2Ftags&post=2174"}],"curies":[{"name":"wp","href":"https:\/\/api.w.org\/{rel}","templated":true}]}}