{"id":2177,"date":"2024-11-25T08:48:42","date_gmt":"2024-11-25T07:48:42","guid":{"rendered":"http:\/\/www.fo-saint-etienne.fr\/fomunvse\/?p=2177"},"modified":"2025-01-14T01:23:22","modified_gmt":"2025-01-14T00:23:22","slug":"info-force-ouvriere-de-la-semaine-47-2024","status":"publish","type":"post","link":"https:\/\/www.fo-saint-etienne.fr\/fomunvse\/?p=2177","title":{"rendered":"Info FORCE OUVRI\u00c8RE de la semaine 47-2024"},"content":{"rendered":"<div>\n<p><span style=\"font-size: large;\">Comme chaque semaine, vous retrouverez les articles publi\u00e9s\u00a0la\u00a0<b>semaine\u00a0<span class=\"gmail_default\">47<\/span><span class=\"gmail_default\">\u00a0<\/span><\/b><\/span><span style=\"font-size: large;\">de l&rsquo;ann\u00e9e 2024 sur le site Internet <u><b><a href=\"http:\/\/fo-territoriaux42.fr\/\" target=\"_blank\" rel=\"noopener\" data-saferedirecturl=\"https:\/\/www.google.com\/url?q=http:\/\/fo-territoriaux42.fr\/&amp;source=gmail&amp;ust=1732607108367000&amp;usg=AOvVaw1KlkSJIwIO6Ep-dq_bFV6q\">fo-territoriaux42.fr<\/a><\/b><\/u>\u00a0<\/span><span style=\"font-size: large;\"><wbr \/>en cliquant sur le lien de l\u2019article :<\/span><\/p>\n<\/div>\n<p><span style=\"font-size: large;\"><b>&#8211;\u00a0<a href=\"http:\/\/www.fo-territoriaux42.fr\/2024\/11\/23\/21-novembre-2024-xive-congres-du-groupement-departemental-fo-des-services-publics-et-de-sante-de-la-loire\/\" target=\"_blank\" rel=\"noopener\" data-saferedirecturl=\"https:\/\/www.google.com\/url?q=http:\/\/www.fo-territoriaux42.fr\/2024\/11\/23\/21-novembre-2024-xive-congres-du-groupement-departemental-fo-des-services-publics-et-de-sante-de-la-loire\/&amp;source=gmail&amp;ust=1732607108367000&amp;usg=AOvVaw0Vh2EU1lLNVYQFphLA8Tli\">21 NOVEMBRE 2024 : XIVe CONGR\u00c8S DU GROUPEMENT D\u00c9PARTEMENTAL FO DES SERVICES PUBLICS ET DE SANT\u00c9 DE LA LOIRE<\/a><\/b><\/span><\/p>\n<p>&#8211;\u00a0<a href=\"http:\/\/www.fo-territoriaux42.fr\/2024\/11\/23\/compte-rendu-de-la-seance-pleniere-du-csfpt-du-13-novembre-2024\/\" target=\"_blank\" rel=\"noopener\" data-saferedirecturl=\"https:\/\/www.google.com\/url?q=http:\/\/www.fo-territoriaux42.fr\/2024\/11\/23\/compte-rendu-de-la-seance-pleniere-du-csfpt-du-13-novembre-2024\/&amp;source=gmail&amp;ust=1732607108367000&amp;usg=AOvVaw33MrYx5bydHpetF-LPSJkN\">COMPTE RENDU DE LA S\u00c9ANCE PL\u00c9NI\u00c8RE DU CSFPT DU 13 NOVEMBRE 2024<\/a><\/p>\n<p>&#8211;\u00a0<a href=\"http:\/\/www.fo-territoriaux42.fr\/2024\/11\/23\/guillaume-kasbarian-accelere-sur-la-base-de-la-remuneration-des-arrets-maladie-les-syndicats-crient-a-la-provocation\/\" target=\"_blank\" rel=\"noopener\" data-saferedirecturl=\"https:\/\/www.google.com\/url?q=http:\/\/www.fo-territoriaux42.fr\/2024\/11\/23\/guillaume-kasbarian-accelere-sur-la-base-de-la-remuneration-des-arrets-maladie-les-syndicats-crient-a-la-provocation\/&amp;source=gmail&amp;ust=1732607108367000&amp;usg=AOvVaw0wduDfs5aO_D1_sXYWQUhM\">GUILLAUME KASBARIAN ACC\u00c9L\u00c8RE SUR LA BASE DE LA R\u00c9MUN\u00c9RATION DES ARR\u00caTS MALADIE, LES SYNDICATS CRIENT \u00c0 LA PROVOCATION<\/a><\/p>\n<p>&#8211;\u00a0<a href=\"http:\/\/www.fo-territoriaux42.fr\/2024\/11\/23\/7-heures-de-travail-supplementaires-sans-remuneration-votees-par-le-senat\/\" target=\"_blank\" rel=\"noopener\" data-saferedirecturl=\"https:\/\/www.google.com\/url?q=http:\/\/www.fo-territoriaux42.fr\/2024\/11\/23\/7-heures-de-travail-supplementaires-sans-remuneration-votees-par-le-senat\/&amp;source=gmail&amp;ust=1732607108367000&amp;usg=AOvVaw18SbiJ_ZEG6xdIWmvalI7D\">7 HEURES DE TRAVAIL SUPPL\u00c9MENTAIRES SANS R\u00c9MUN\u00c9RATION VOT\u00c9ES PAR LE S\u00c9NAT<\/a><\/p>\n<p>&#8211;\u00a0<a href=\"http:\/\/www.fo-territoriaux42.fr\/2024\/11\/22\/elections-des-salaries-des-tpe-du-25-novembre-au-9-decembre-2024-votez-fo\/\" target=\"_blank\" rel=\"noopener\" data-saferedirecturl=\"https:\/\/www.google.com\/url?q=http:\/\/www.fo-territoriaux42.fr\/2024\/11\/22\/elections-des-salaries-des-tpe-du-25-novembre-au-9-decembre-2024-votez-fo\/&amp;source=gmail&amp;ust=1732607108367000&amp;usg=AOvVaw36N2u2hKtLkpF-Zi4FW6HC\">\u00c9LECTIONS DES SALARI\u00c9S DES TPE DU 25 NOVEMBRE AU 9 D\u00c9CEMBRE 2024 : VOTEZ FO !<\/a><\/p>\n<p>&#8211;\u00a0<a href=\"http:\/\/www.fo-territoriaux42.fr\/2024\/11\/21\/maintien-du-regime-indemnitaire-en-cas-de-maladie-professionnelle\/\" target=\"_blank\" rel=\"noopener\" data-saferedirecturl=\"https:\/\/www.google.com\/url?q=http:\/\/www.fo-territoriaux42.fr\/2024\/11\/21\/maintien-du-regime-indemnitaire-en-cas-de-maladie-professionnelle\/&amp;source=gmail&amp;ust=1732607108367000&amp;usg=AOvVaw29xTDjjNFW6xX9mriTT06B\">MAINTIEN DU R\u00c9GIME INDEMNITAIRE EN CAS DE MALADIE PROFESSIONNELLE<\/a><\/p>\n<p>&#8211;\u00a0<a href=\"http:\/\/www.fo-territoriaux42.fr\/2024\/11\/20\/la-fonction-publique-a-encore-du-chemin-a-parcourir-dans-la-lutte-contre-les-discriminations\/\" target=\"_blank\" rel=\"noopener\" data-saferedirecturl=\"https:\/\/www.google.com\/url?q=http:\/\/www.fo-territoriaux42.fr\/2024\/11\/20\/la-fonction-publique-a-encore-du-chemin-a-parcourir-dans-la-lutte-contre-les-discriminations\/&amp;source=gmail&amp;ust=1732607108367000&amp;usg=AOvVaw0WSsYE-Ar05usStI_Ipmlm\">LA FONCTION PUBLIQUE A ENCORE DU CHEMIN \u00c0 PARCOURIR DANS LA LUTTE CONTRE LES DISCRIMINATIONS<\/a><\/p>\n<p>&#8211;\u00a0<a href=\"http:\/\/www.fo-territoriaux42.fr\/2024\/11\/19\/10-11-12-decembre-2024-greves-et-mobilisations\/\" target=\"_blank\" rel=\"noopener\" data-saferedirecturl=\"https:\/\/www.google.com\/url?q=http:\/\/www.fo-territoriaux42.fr\/2024\/11\/19\/10-11-12-decembre-2024-greves-et-mobilisations\/&amp;source=gmail&amp;ust=1732607108367000&amp;usg=AOvVaw0ATIY-UIXCOY_RelSxoNTn\">10, 11, 12 D\u00c9CEMBRE 2024 : GR\u00c8VES ET MOBILISATIONS !<\/a><\/p>\n<p>&#8211;\u00a0<a href=\"http:\/\/www.fo-territoriaux42.fr\/2024\/11\/19\/le-code-de-la-fonction-publique-a-desormais-sa-partie-reglementaire\/\" target=\"_blank\" rel=\"noopener\" data-saferedirecturl=\"https:\/\/www.google.com\/url?q=http:\/\/www.fo-territoriaux42.fr\/2024\/11\/19\/le-code-de-la-fonction-publique-a-desormais-sa-partie-reglementaire\/&amp;source=gmail&amp;ust=1732607108367000&amp;usg=AOvVaw1bsbQ9x2v7p2dymNYMTOZw\">LE CODE DE LA FONCTION PUBLIQUE A D\u00c9SORMAIS SA PARTIE R\u00c9GLEMENTAIRE<\/a><\/p>\n<p>&#8211;\u00a0<a href=\"http:\/\/www.fo-territoriaux42.fr\/2024\/11\/18\/sante-mentale-lorganisation-mondiale-de-la-sante-oms-evoque-des-chiffres-effarants\/\" target=\"_blank\" rel=\"noopener\" data-saferedirecturl=\"https:\/\/www.google.com\/url?q=http:\/\/www.fo-territoriaux42.fr\/2024\/11\/18\/sante-mentale-lorganisation-mondiale-de-la-sante-oms-evoque-des-chiffres-effarants\/&amp;source=gmail&amp;ust=1732607108367000&amp;usg=AOvVaw0FdeC1v02kmjdDxFYtTWZz\">SANT\u00c9 MENTALE : L\u2019ORGANISATION MONDIALE DE LA SANT\u00c9 (OMS) \u00c9VOQUE DES CHIFFRES EFFARANTS<\/a><\/p>\n<p>&#8211;\u00a0<a href=\"http:\/\/www.fo-territoriaux42.fr\/2024\/11\/18\/la-baisse-de-labsenteisme-dans-la-fonction-publique-affaiblit-la-com-gouvernementale\/\" target=\"_blank\" rel=\"noopener\" data-saferedirecturl=\"https:\/\/www.google.com\/url?q=http:\/\/www.fo-territoriaux42.fr\/2024\/11\/18\/la-baisse-de-labsenteisme-dans-la-fonction-publique-affaiblit-la-com-gouvernementale\/&amp;source=gmail&amp;ust=1732607108367000&amp;usg=AOvVaw3L8m6rT9UL0PqPxGrQAFiQ\">LA BAISSE DE L\u2019ABSENT\u00c9ISME DANS LA FONCTION PUBLIQUE AFFAIBLIT LA \u00ab COM \u00bb GOUVERNEMENTALE<\/a><\/p>\n","protected":false},"excerpt":{"rendered":"<p>Comme chaque semaine, vous retrouverez les articles publi\u00e9s\u00a0la\u00a0semaine\u00a047\u00a0de l&rsquo;ann\u00e9e 2024 sur le site Internet fo-territoriaux42.fr\u00a0en cliquant sur le lien de l\u2019article : &#8211;\u00a021 NOVEMBRE 2024 [&#8230;]<\/p>\n","protected":false},"author":1,"featured_media":0,"comment_status":"closed","ping_status":"closed","sticky":false,"template":"","format":"standard","meta":{"jetpack_post_was_ever_published":false,"_jetpack_newsletter_access":"","_jetpack_dont_email_post_to_subs":false,"_jetpack_newsletter_tier_id":0,"_jetpack_memberships_contains_paywalled_content":false,"_jetpack_memberships_contains_paid_content":false,"footnotes":""},"categories":[17],"tags":[],"class_list":["post-2177","post","type-post","status-publish","format-standard","hentry","category-article"],"jetpack_featured_media_url":"","jetpack_sharing_enabled":true,"jetpack_shortlink":"https:\/\/wp.me\/p9roQz-z7","jetpack_likes_enabled":false,"publishpress_future_action":{"enabled":false,"date":"2026-05-10 17:40:12","action":"change-status","newStatus":"draft","terms":[],"taxonomy":"category","extraData":[]},"publishpress_future_workflow_manual_trigger":{"enabledWorkflows":[]},"_links":{"self":[{"href":"https:\/\/www.fo-saint-etienne.fr\/fomunvse\/index.php?rest_route=\/wp\/v2\/posts\/2177","targetHints":{"allow":["GET"]}}],"collection":[{"href":"https:\/\/www.fo-saint-etienne.fr\/fomunvse\/index.php?rest_route=\/wp\/v2\/posts"}],"about":[{"href":"https:\/\/www.fo-saint-etienne.fr\/fomunvse\/index.php?rest_route=\/wp\/v2\/types\/post"}],"author":[{"embeddable":true,"href":"https:\/\/www.fo-saint-etienne.fr\/fomunvse\/index.php?rest_route=\/wp\/v2\/users\/1"}],"replies":[{"embeddable":true,"href":"https:\/\/www.fo-saint-etienne.fr\/fomunvse\/index.php?rest_route=%2Fwp%2Fv2%2Fcomments&post=2177"}],"version-history":[{"count":3,"href":"https:\/\/www.fo-saint-etienne.fr\/fomunvse\/index.php?rest_route=\/wp\/v2\/posts\/2177\/revisions"}],"predecessor-version":[{"id":2180,"href":"https:\/\/www.fo-saint-etienne.fr\/fomunvse\/index.php?rest_route=\/wp\/v2\/posts\/2177\/revisions\/2180"}],"wp:attachment":[{"href":"https:\/\/www.fo-saint-etienne.fr\/fomunvse\/index.php?rest_route=%2Fwp%2Fv2%2Fmedia&parent=2177"}],"wp:term":[{"taxonomy":"category","embeddable":true,"href":"https:\/\/www.fo-saint-etienne.fr\/fomunvse\/index.php?rest_route=%2Fwp%2Fv2%2Fcategories&post=2177"},{"taxonomy":"post_tag","embeddable":true,"href":"https:\/\/www.fo-saint-etienne.fr\/fomunvse\/index.php?rest_route=%2Fwp%2Fv2%2Ftags&post=2177"}],"curies":[{"name":"wp","href":"https:\/\/api.w.org\/{rel}","templated":true}]}}