{"id":2186,"date":"2024-12-09T18:50:32","date_gmt":"2024-12-09T17:50:32","guid":{"rendered":"http:\/\/www.fo-saint-etienne.fr\/fomunvse\/?p=2186"},"modified":"2025-01-14T01:23:22","modified_gmt":"2025-01-14T00:23:22","slug":"info-force-ouvriere-de-la-semaine-49-2024","status":"publish","type":"post","link":"https:\/\/www.fo-saint-etienne.fr\/fomunvse\/?p=2186","title":{"rendered":"Info FORCE OUVRI\u00c8RE de la semaine 49-2024"},"content":{"rendered":"<div>\n<p><span style=\"font-size: large;\">Comme chaque semaine, vous retrouverez les articles publi\u00e9s\u00a0la\u00a0<b>semaine\u00a0<span class=\"gmail_default\">49<\/span><span class=\"gmail_default\">\u00a0<\/span><\/b><\/span><span style=\"font-size: large;\">de l&rsquo;ann\u00e9e 2024 sur le site Internet\u00a0<u><b><a href=\"http:\/\/fo-territoriaux42.fr\/\" target=\"_blank\" rel=\"noopener\" data-saferedirecturl=\"https:\/\/www.google.com\/url?q=http:\/\/fo-territoriaux42.fr\/&amp;source=gmail&amp;ust=1733852606758000&amp;usg=AOvVaw3RAdk3T3tHmodzYK9OERSc\">fo-territoriaux42.fr<\/a><\/b><\/u>\u00a0<\/span><span style=\"font-size: large;\"><wbr \/>en cliquant sur le lien de l\u2019article :<\/span><\/p>\n<\/div>\n<div>\n<p><b><span style=\"font-size: large;\">&#8211;\u00a0<a href=\"http:\/\/www.fo-territoriaux42.fr\/2024\/12\/06\/une-loi-de-finances-speciale-mi-decembre-au-parlement-pour-assurer-la-continuite-des-services-publics\/\" target=\"_blank\" rel=\"noopener\" data-saferedirecturl=\"https:\/\/www.google.com\/url?q=http:\/\/www.fo-territoriaux42.fr\/2024\/12\/06\/une-loi-de-finances-speciale-mi-decembre-au-parlement-pour-assurer-la-continuite-des-services-publics\/&amp;source=gmail&amp;ust=1733852606758000&amp;usg=AOvVaw1uluaYwIjbRCmP17cY3-cP\">UNE LOI DE FINANCES SP\u00c9CIALE MI-D\u00c9CEMBRE AU PARLEMENT POUR ASSURER LA CONTINUIT\u00c9 DES SERVICES PUBLICS<\/a><\/span><\/b><\/p>\n<p>&#8211;\u00a0<a href=\"http:\/\/www.fo-territoriaux42.fr\/2024\/12\/06\/le-gouvernement-barnier-vient-de-tomber-et-maintenant\/\" target=\"_blank\" rel=\"noopener\" data-saferedirecturl=\"https:\/\/www.google.com\/url?q=http:\/\/www.fo-territoriaux42.fr\/2024\/12\/06\/le-gouvernement-barnier-vient-de-tomber-et-maintenant\/&amp;source=gmail&amp;ust=1733852606758000&amp;usg=AOvVaw1_PjLx1M_nor9Q0LzYnra0\">LE GOUVERNEMENT BARNIER VIENT DE TOMBER ! ET MAINTENANT ?<\/a><\/p>\n<p>&#8211;\u00a0<a href=\"http:\/\/www.fo-territoriaux42.fr\/2024\/12\/06\/breves-n8-de-decembre-2024-de-lud-fo-de-la-loire\/\" target=\"_blank\" rel=\"noopener\" data-saferedirecturl=\"https:\/\/www.google.com\/url?q=http:\/\/www.fo-territoriaux42.fr\/2024\/12\/06\/breves-n8-de-decembre-2024-de-lud-fo-de-la-loire\/&amp;source=gmail&amp;ust=1733852606758000&amp;usg=AOvVaw2lYjguTmX6UG9saKZeyC8y\">BR\u00c8VES N\u00b08 DE D\u00c9CEMBRE 2024 DE L\u2019UD FO DE LA LOIRE<\/a><\/p>\n<p>&#8211;\u00a0<a href=\"http:\/\/www.fo-territoriaux42.fr\/2024\/12\/05\/greve-dans-la-fonction-publique-la-mobilisation-portee-par-leducation-et-les-finances-publiques\/\" target=\"_blank\" rel=\"noopener\" data-saferedirecturl=\"https:\/\/www.google.com\/url?q=http:\/\/www.fo-territoriaux42.fr\/2024\/12\/05\/greve-dans-la-fonction-publique-la-mobilisation-portee-par-leducation-et-les-finances-publiques\/&amp;source=gmail&amp;ust=1733852606758000&amp;usg=AOvVaw1WuoAV1l5RgZNvTngP0wJn\">GR\u00c8VE DANS LA FONCTION PUBLIQUE : LA MOBILISATION PORT\u00c9E PAR L\u2019\u00c9DUCATION ET LES FINANCES PUBLIQUES<\/a><\/p>\n<p>&#8211;\u00a0<a href=\"http:\/\/www.fo-territoriaux42.fr\/2024\/12\/04\/greve-dans-la-fonction-publique-les-syndicats-face-au-defi-de-mobiliser-les-foules\/\" target=\"_blank\" rel=\"noopener\" data-saferedirecturl=\"https:\/\/www.google.com\/url?q=http:\/\/www.fo-territoriaux42.fr\/2024\/12\/04\/greve-dans-la-fonction-publique-les-syndicats-face-au-defi-de-mobiliser-les-foules\/&amp;source=gmail&amp;ust=1733852606758000&amp;usg=AOvVaw1HRq9owl5tx2oB3SNd1Cmn\">GR\u00c8VE DANS LA FONCTION PUBLIQUE : LES SYNDICATS FACE AU D\u00c9FI DE MOBILISER LES FOULES<\/a><\/p>\n<p>&#8211;\u00a0<a href=\"http:\/\/www.fo-territoriaux42.fr\/2024\/12\/04\/ladministration-doit-faire-de-vraies-propositions-de-reclassement-aux-fonctionnaires-inaptes\/\" target=\"_blank\" rel=\"noopener\" data-saferedirecturl=\"https:\/\/www.google.com\/url?q=http:\/\/www.fo-territoriaux42.fr\/2024\/12\/04\/ladministration-doit-faire-de-vraies-propositions-de-reclassement-aux-fonctionnaires-inaptes\/&amp;source=gmail&amp;ust=1733852606758000&amp;usg=AOvVaw3nrtGJj3JUOaodR2cwTzxS\">L\u2019ADMINISTRATION DOIT FAIRE DE VRAIES PROPOSITIONS DE RECLASSEMENT AUX FONCTIONNAIRES INAPTES<\/a><\/p>\n<p>&#8211;\u00a0<a href=\"http:\/\/www.fo-territoriaux42.fr\/2024\/12\/03\/fonction-publique-de-la-colere-a-la-greve\/\" target=\"_blank\" rel=\"noopener\" data-saferedirecturl=\"https:\/\/www.google.com\/url?q=http:\/\/www.fo-territoriaux42.fr\/2024\/12\/03\/fonction-publique-de-la-colere-a-la-greve\/&amp;source=gmail&amp;ust=1733852606758000&amp;usg=AOvVaw0ZplW-Df5N7RSzok1t4KJl\">FONCTION PUBLIQUE : DE LA COL\u00c8RE \u00c0 LA GR\u00c8VE !<\/a><\/p>\n<p>&#8211;\u00a0<a href=\"http:\/\/www.fo-territoriaux42.fr\/2024\/12\/02\/journee-internationale-des-droits-des-personnes-handicapees-2024-fo-multiplie-ses-actions\/\" target=\"_blank\" rel=\"noopener\" data-saferedirecturl=\"https:\/\/www.google.com\/url?q=http:\/\/www.fo-territoriaux42.fr\/2024\/12\/02\/journee-internationale-des-droits-des-personnes-handicapees-2024-fo-multiplie-ses-actions\/&amp;source=gmail&amp;ust=1733852606758000&amp;usg=AOvVaw0S5TIE9GfcjYRMbDY9J1fT\">JOURN\u00c9E INTERNATIONALE DES DROITS DES PERSONNES HANDICAP\u00c9ES 2024 : FO MULTIPLIE SES ACTIONS<\/a><\/p>\n<\/div>\n","protected":false},"excerpt":{"rendered":"<p>Comme chaque semaine, vous retrouverez les articles publi\u00e9s\u00a0la\u00a0semaine\u00a049\u00a0de l&rsquo;ann\u00e9e 2024 sur le site Internet\u00a0fo-territoriaux42.fr\u00a0en cliquant sur le lien de l\u2019article : &#8211;\u00a0UNE LOI DE FINANCES [&#8230;]<\/p>\n","protected":false},"author":1,"featured_media":0,"comment_status":"closed","ping_status":"closed","sticky":false,"template":"","format":"standard","meta":{"jetpack_post_was_ever_published":false,"_jetpack_newsletter_access":"","_jetpack_dont_email_post_to_subs":false,"_jetpack_newsletter_tier_id":0,"_jetpack_memberships_contains_paywalled_content":false,"_jetpack_memberships_contains_paid_content":false,"footnotes":""},"categories":[17],"tags":[],"class_list":["post-2186","post","type-post","status-publish","format-standard","hentry","category-article"],"jetpack_featured_media_url":"","jetpack_sharing_enabled":true,"jetpack_shortlink":"https:\/\/wp.me\/p9roQz-zg","jetpack_likes_enabled":false,"publishpress_future_action":{"enabled":false,"date":"2026-05-10 17:41:49","action":"change-status","newStatus":"draft","terms":[],"taxonomy":"category","extraData":[]},"publishpress_future_workflow_manual_trigger":{"enabledWorkflows":[]},"_links":{"self":[{"href":"https:\/\/www.fo-saint-etienne.fr\/fomunvse\/index.php?rest_route=\/wp\/v2\/posts\/2186","targetHints":{"allow":["GET"]}}],"collection":[{"href":"https:\/\/www.fo-saint-etienne.fr\/fomunvse\/index.php?rest_route=\/wp\/v2\/posts"}],"about":[{"href":"https:\/\/www.fo-saint-etienne.fr\/fomunvse\/index.php?rest_route=\/wp\/v2\/types\/post"}],"author":[{"embeddable":true,"href":"https:\/\/www.fo-saint-etienne.fr\/fomunvse\/index.php?rest_route=\/wp\/v2\/users\/1"}],"replies":[{"embeddable":true,"href":"https:\/\/www.fo-saint-etienne.fr\/fomunvse\/index.php?rest_route=%2Fwp%2Fv2%2Fcomments&post=2186"}],"version-history":[{"count":2,"href":"https:\/\/www.fo-saint-etienne.fr\/fomunvse\/index.php?rest_route=\/wp\/v2\/posts\/2186\/revisions"}],"predecessor-version":[{"id":2188,"href":"https:\/\/www.fo-saint-etienne.fr\/fomunvse\/index.php?rest_route=\/wp\/v2\/posts\/2186\/revisions\/2188"}],"wp:attachment":[{"href":"https:\/\/www.fo-saint-etienne.fr\/fomunvse\/index.php?rest_route=%2Fwp%2Fv2%2Fmedia&parent=2186"}],"wp:term":[{"taxonomy":"category","embeddable":true,"href":"https:\/\/www.fo-saint-etienne.fr\/fomunvse\/index.php?rest_route=%2Fwp%2Fv2%2Fcategories&post=2186"},{"taxonomy":"post_tag","embeddable":true,"href":"https:\/\/www.fo-saint-etienne.fr\/fomunvse\/index.php?rest_route=%2Fwp%2Fv2%2Ftags&post=2186"}],"curies":[{"name":"wp","href":"https:\/\/api.w.org\/{rel}","templated":true}]}}