{"id":2198,"date":"2024-12-23T09:57:36","date_gmt":"2024-12-23T08:57:36","guid":{"rendered":"http:\/\/www.fo-saint-etienne.fr\/fomunvse\/?p=2198"},"modified":"2025-01-14T01:23:22","modified_gmt":"2025-01-14T00:23:22","slug":"info-force-ouvriere-de-la-semaine-51-2024","status":"publish","type":"post","link":"https:\/\/www.fo-saint-etienne.fr\/fomunvse\/?p=2198","title":{"rendered":"Info FORCE OUVRI\u00c8RE de la semaine 51-2024"},"content":{"rendered":"<div>\n<p><span style=\"font-size: large;\">Comme chaque semaine, vous retrouverez les articles publi\u00e9s\u00a0la\u00a0<b>semaine\u00a0<span class=\"gmail_default\">51<\/span><span class=\"gmail_default\">\u00a0<\/span><\/b><\/span><span style=\"font-size: large;\">de l&rsquo;ann\u00e9e 2024 sur le site Internet\u00a0<u><b><a href=\"http:\/\/fo-territoriaux42.fr\/\" target=\"_blank\" rel=\"noopener\" data-saferedirecturl=\"https:\/\/www.google.com\/url?q=http:\/\/fo-territoriaux42.fr\/&amp;source=gmail&amp;ust=1735030146862000&amp;usg=AOvVaw35anuxmG161NlGRx7Z1Cgw\">fo-territoriaux42.fr<\/a><\/b><\/u>\u00a0<\/span><span style=\"font-size: large;\"><wbr \/>en cliquant sur le lien de l\u2019article :<\/span><\/p>\n<\/div>\n<div><span style=\"font-size: large;\"><b>&#8211;\u00a0<a href=\"http:\/\/www.fo-territoriaux42.fr\/2024\/12\/20\/attractivite-de-la-fonction-publique-les-alertes-se-multiplient-fo-propose-des-solutions\/\" target=\"_blank\" rel=\"noopener\" data-saferedirecturl=\"https:\/\/www.google.com\/url?q=http:\/\/www.fo-territoriaux42.fr\/2024\/12\/20\/attractivite-de-la-fonction-publique-les-alertes-se-multiplient-fo-propose-des-solutions\/&amp;source=gmail&amp;ust=1735030146862000&amp;usg=AOvVaw12KtAP_Hgs7WgsJv6u7F1x\">ATTRACTIVIT\u00c9 DE LA FONCTION PUBLIQUE : LES ALERTES SE MULTIPLIENT- FO PROPOSE DES SOLUTIONS<\/a><\/p>\n<p>&#8211;\u00a0<a href=\"http:\/\/www.fo-territoriaux42.fr\/2024\/12\/20\/le-chantier-des-conditions-de-travail-dans-la-fonction-publique-est-relance\/\" target=\"_blank\" rel=\"noopener\" data-saferedirecturl=\"https:\/\/www.google.com\/url?q=http:\/\/www.fo-territoriaux42.fr\/2024\/12\/20\/le-chantier-des-conditions-de-travail-dans-la-fonction-publique-est-relance\/&amp;source=gmail&amp;ust=1735030146862000&amp;usg=AOvVaw3A3jlZ7jNld89LW_TY-1ts\">LE CHANTIER DES CONDITIONS DE TRAVAIL DANS LA FONCTION PUBLIQUE EST RELANC\u00c9<\/a><\/p>\n<p>&#8211;\u00a0<a href=\"http:\/\/www.fo-territoriaux42.fr\/2024\/12\/18\/journee-internationale-des-migrants-fi-defend-une-politique-migratoire-respectueuse-des-droits-fondamentaux\/\" target=\"_blank\" rel=\"noopener\" data-saferedirecturl=\"https:\/\/www.google.com\/url?q=http:\/\/www.fo-territoriaux42.fr\/2024\/12\/18\/journee-internationale-des-migrants-fi-defend-une-politique-migratoire-respectueuse-des-droits-fondamentaux\/&amp;source=gmail&amp;ust=1735030146862000&amp;usg=AOvVaw0Unms1duMC-Im_bRXmxGIh\">JOURN\u00c9E INTERNATIONALE DES MIGRANTS : FO D\u00c9FEND UNE POLITIQUE MIGRATOIRE RESPECTUEUSE DES DROITS FONDAMENTAUX<\/a><\/p>\n<p>&#8211;\u00a0<a href=\"http:\/\/www.fo-territoriaux42.fr\/2024\/12\/17\/lacces-au-temps-partiel-bientot-facilite-dans-la-fonction-publique\/\" target=\"_blank\" rel=\"noopener\" data-saferedirecturl=\"https:\/\/www.google.com\/url?q=http:\/\/www.fo-territoriaux42.fr\/2024\/12\/17\/lacces-au-temps-partiel-bientot-facilite-dans-la-fonction-publique\/&amp;source=gmail&amp;ust=1735030146862000&amp;usg=AOvVaw31iD2iwWakQ4hv0iImrQB7\">L\u2019ACC\u00c8S AU TEMPS PARTIEL BIENT\u00d4T FACILIT\u00c9 DANS LA FONCTION PUBLIQUE<\/a><\/p>\n<p>&#8211;\u00a0<a href=\"http:\/\/www.fo-territoriaux42.fr\/2024\/12\/16\/communique-fo-de-soutien-a-mayotte\/\" target=\"_blank\" rel=\"noopener\" data-saferedirecturl=\"https:\/\/www.google.com\/url?q=http:\/\/www.fo-territoriaux42.fr\/2024\/12\/16\/communique-fo-de-soutien-a-mayotte\/&amp;source=gmail&amp;ust=1735030146862000&amp;usg=AOvVaw3nuj9EjxF1GWbsxwAASXsZ\">COMMUNIQU\u00c9 FO DE SOUTIEN \u00c0 MAYOTTE<\/a><\/p>\n<p>&#8211;\u00a0<a href=\"http:\/\/www.fo-territoriaux42.fr\/2024\/12\/16\/comprendre-la-laicite-plaquette-dinformation\/\" target=\"_blank\" rel=\"noopener\" data-saferedirecturl=\"https:\/\/www.google.com\/url?q=http:\/\/www.fo-territoriaux42.fr\/2024\/12\/16\/comprendre-la-laicite-plaquette-dinformation\/&amp;source=gmail&amp;ust=1735030146862000&amp;usg=AOvVaw2g_T3ASTeUz66S8S6doUMz\">\u00ab COMPRENDRE LA LA\u00cfCIT\u00c9 : PLAQUETTE D\u2019INFORMATION<\/a><\/p>\n<p>&#8211;\u00a0<a href=\"http:\/\/www.fo-territoriaux42.fr\/2024\/12\/16\/pendant-le-debat-budgetaire-les-bayrouistes-ont-soutenu-les-3-jours-de-carence-dans-la-fonction-publique\/\" target=\"_blank\" rel=\"noopener\" data-saferedirecturl=\"https:\/\/www.google.com\/url?q=http:\/\/www.fo-territoriaux42.fr\/2024\/12\/16\/pendant-le-debat-budgetaire-les-bayrouistes-ont-soutenu-les-3-jours-de-carence-dans-la-fonction-publique\/&amp;source=gmail&amp;ust=1735030146862000&amp;usg=AOvVaw1Gc_4ub1Do1cevssKicAhi\">PENDANT LE D\u00c9BAT BUDG\u00c9TAIRE, LES \u00ab BAYROUISTES \u00bb ONT SOUTENU LES 3 JOURS DE CARENCE DANS LA FONCTION PUBLIQUE<\/a><\/b><\/span><\/div>\n","protected":false},"excerpt":{"rendered":"<p>Comme chaque semaine, vous retrouverez les articles publi\u00e9s\u00a0la\u00a0semaine\u00a051\u00a0de l&rsquo;ann\u00e9e 2024 sur le site Internet\u00a0fo-territoriaux42.fr\u00a0en cliquant sur le lien de l\u2019article : &#8211;\u00a0ATTRACTIVIT\u00c9 DE LA FONCTION [&#8230;]<\/p>\n","protected":false},"author":1,"featured_media":0,"comment_status":"closed","ping_status":"closed","sticky":false,"template":"","format":"standard","meta":{"jetpack_post_was_ever_published":false,"_jetpack_newsletter_access":"","_jetpack_dont_email_post_to_subs":false,"_jetpack_newsletter_tier_id":0,"_jetpack_memberships_contains_paywalled_content":false,"_jetpack_memberships_contains_paid_content":false,"footnotes":""},"categories":[17],"tags":[],"class_list":["post-2198","post","type-post","status-publish","format-standard","hentry","category-article"],"jetpack_featured_media_url":"","jetpack_sharing_enabled":true,"jetpack_shortlink":"https:\/\/wp.me\/p9roQz-zs","jetpack_likes_enabled":false,"publishpress_future_action":{"enabled":false,"date":"2026-05-10 17:40:38","action":"change-status","newStatus":"draft","terms":[],"taxonomy":"category","extraData":[]},"publishpress_future_workflow_manual_trigger":{"enabledWorkflows":[]},"_links":{"self":[{"href":"https:\/\/www.fo-saint-etienne.fr\/fomunvse\/index.php?rest_route=\/wp\/v2\/posts\/2198","targetHints":{"allow":["GET"]}}],"collection":[{"href":"https:\/\/www.fo-saint-etienne.fr\/fomunvse\/index.php?rest_route=\/wp\/v2\/posts"}],"about":[{"href":"https:\/\/www.fo-saint-etienne.fr\/fomunvse\/index.php?rest_route=\/wp\/v2\/types\/post"}],"author":[{"embeddable":true,"href":"https:\/\/www.fo-saint-etienne.fr\/fomunvse\/index.php?rest_route=\/wp\/v2\/users\/1"}],"replies":[{"embeddable":true,"href":"https:\/\/www.fo-saint-etienne.fr\/fomunvse\/index.php?rest_route=%2Fwp%2Fv2%2Fcomments&post=2198"}],"version-history":[{"count":1,"href":"https:\/\/www.fo-saint-etienne.fr\/fomunvse\/index.php?rest_route=\/wp\/v2\/posts\/2198\/revisions"}],"predecessor-version":[{"id":2199,"href":"https:\/\/www.fo-saint-etienne.fr\/fomunvse\/index.php?rest_route=\/wp\/v2\/posts\/2198\/revisions\/2199"}],"wp:attachment":[{"href":"https:\/\/www.fo-saint-etienne.fr\/fomunvse\/index.php?rest_route=%2Fwp%2Fv2%2Fmedia&parent=2198"}],"wp:term":[{"taxonomy":"category","embeddable":true,"href":"https:\/\/www.fo-saint-etienne.fr\/fomunvse\/index.php?rest_route=%2Fwp%2Fv2%2Fcategories&post=2198"},{"taxonomy":"post_tag","embeddable":true,"href":"https:\/\/www.fo-saint-etienne.fr\/fomunvse\/index.php?rest_route=%2Fwp%2Fv2%2Ftags&post=2198"}],"curies":[{"name":"wp","href":"https:\/\/api.w.org\/{rel}","templated":true}]}}