{"id":2421,"date":"2025-01-19T10:50:24","date_gmt":"2025-01-19T09:50:24","guid":{"rendered":"http:\/\/www.fo-saint-etienne.fr\/fomunvse\/?p=2421"},"modified":"2025-02-04T19:06:49","modified_gmt":"2025-02-04T18:06:49","slug":"laurent-marcangeli-nouveau-ministre-de-la-fonction-publique","status":"publish","type":"post","link":"https:\/\/www.fo-saint-etienne.fr\/fomunvse\/?p=2421","title":{"rendered":"Laurent Marcangeli, nouveau ministre de la Fonction publique"},"content":{"rendered":"<p class=\"western\" lang=\"fr-FR\" align=\"center\"><a href=\"https:\/\/i0.wp.com\/www.fo-saint-etienne.fr\/fomunvse\/wp-content\/uploads\/2025\/01\/Laurent-Marcangeli.png\"><img data-recalc-dims=\"1\" loading=\"lazy\" decoding=\"async\" data-attachment-id=\"2416\" data-permalink=\"https:\/\/www.fo-saint-etienne.fr\/fomunvse\/?attachment_id=2416\" data-orig-file=\"https:\/\/i0.wp.com\/www.fo-saint-etienne.fr\/fomunvse\/wp-content\/uploads\/2025\/01\/Laurent-Marcangeli.png?fit=920%2C520&amp;ssl=1\" data-orig-size=\"920,520\" data-comments-opened=\"1\" data-image-meta=\"{&quot;aperture&quot;:&quot;0&quot;,&quot;credit&quot;:&quot;&quot;,&quot;camera&quot;:&quot;&quot;,&quot;caption&quot;:&quot;&quot;,&quot;created_timestamp&quot;:&quot;0&quot;,&quot;copyright&quot;:&quot;&quot;,&quot;focal_length&quot;:&quot;0&quot;,&quot;iso&quot;:&quot;0&quot;,&quot;shutter_speed&quot;:&quot;0&quot;,&quot;title&quot;:&quot;&quot;,&quot;orientation&quot;:&quot;0&quot;}\" data-image-title=\"Laurent Marcangeli\" data-image-description=\"\" data-image-caption=\"\" data-large-file=\"https:\/\/i0.wp.com\/www.fo-saint-etienne.fr\/fomunvse\/wp-content\/uploads\/2025\/01\/Laurent-Marcangeli.png?fit=860%2C486&amp;ssl=1\" class=\"alignnone size-medium wp-image-2416\" src=\"https:\/\/i0.wp.com\/www.fo-saint-etienne.fr\/fomunvse\/wp-content\/uploads\/2025\/01\/Laurent-Marcangeli.png?resize=300%2C170\" alt=\"\" width=\"300\" height=\"170\" srcset=\"https:\/\/i0.wp.com\/www.fo-saint-etienne.fr\/fomunvse\/wp-content\/uploads\/2025\/01\/Laurent-Marcangeli.png?resize=300%2C170&amp;ssl=1 300w, https:\/\/i0.wp.com\/www.fo-saint-etienne.fr\/fomunvse\/wp-content\/uploads\/2025\/01\/Laurent-Marcangeli.png?resize=768%2C434&amp;ssl=1 768w, https:\/\/i0.wp.com\/www.fo-saint-etienne.fr\/fomunvse\/wp-content\/uploads\/2025\/01\/Laurent-Marcangeli.png?w=920&amp;ssl=1 920w\" sizes=\"auto, (max-width: 300px) 100vw, 300px\" \/><\/a><\/p>\n<p class=\"western\" align=\"center\"><span style=\"font-family: Arial, sans-serif;\"><span style=\"font-size: small;\"><i><b>Laurent Marcangeli, nouveau ministre de la Fonction publique.<\/b><\/i><\/span><\/span><\/p>\n<p class=\"western\"><span style=\"font-family: Arial, sans-serif;\"><span style=\"font-size: large;\">Le nouveau ministre de la Fonction publique,\u00a0<\/span><\/span><span style=\"font-family: Arial, sans-serif;\"><span style=\"font-size: large;\"><b>Laurent Marcangeli, a commenc\u00e9 \u00e0 recevoir en bilat\u00e9rale les syndicats de la fonction publique<\/b><\/span><\/span><span style=\"font-family: Arial, sans-serif;\"><span style=\"font-size: large;\">\u00a0ce lundi 6\u00a0janvier, en commen\u00e7ant par la CGT et Force ouvri\u00e8re. Il recevait la CFDT et la FSU ce mardi 7. Ces \u00e9changes bilat\u00e9raux se poursuivront jusqu\u2019\u00e0 la fin de la semaine. <\/span><\/span><\/p>\n<p class=\"western\"><span style=\"font-family: Arial, sans-serif;\"><span style=\"font-size: large;\"><u><b>Pour le moment, le ministre n\u2019a pas pr\u00e9cis\u00e9 ses intentions pour la fonction publique, notamment sur le plan budg\u00e9taire<\/b><\/u><\/span><\/span><span style=\"font-family: Arial, sans-serif;\"><span style=\"font-size: large;\">. Il doit avoir un \u00e9change \u00e0 ce propos dans les prochains jours avec la nouvelle ministre charg\u00e9 des Comptes publics et ancienne ministre de la Fonction publique, Am\u00e9lie de Montchalin. Laurent Marcangeli pr\u00e9voit aussi des discussions avec les groupes parlementaires de l\u2019Assembl\u00e9e nationale et du S\u00e9nat. <\/span><\/span><\/p>\n<p class=\"western\" align=\"center\"><span style=\"font-family: Arial, sans-serif;\"><span style=\"font-size: medium;\"><b>Il devrait ensuite revenir vers les organisations syndicales pour d\u00e9tailler ses projets\u2026<\/b><\/span><\/span><\/p>\n","protected":false},"excerpt":{"rendered":"<p>Laurent Marcangeli, nouveau ministre de la Fonction publique. Le nouveau ministre de la Fonction publique,\u00a0Laurent Marcangeli, a commenc\u00e9 \u00e0 recevoir en bilat\u00e9rale les syndicats de [&#8230;]<\/p>\n","protected":false},"author":1,"featured_media":2416,"comment_status":"closed","ping_status":"closed","sticky":false,"template":"","format":"standard","meta":{"jetpack_post_was_ever_published":false,"_jetpack_newsletter_access":"","_jetpack_dont_email_post_to_subs":false,"_jetpack_newsletter_tier_id":0,"_jetpack_memberships_contains_paywalled_content":false,"_jetpack_memberships_contains_paid_content":false,"footnotes":""},"categories":[17],"tags":[],"class_list":["post-2421","post","type-post","status-publish","format-standard","has-post-thumbnail","hentry","category-article"],"jetpack_featured_media_url":"https:\/\/i0.wp.com\/www.fo-saint-etienne.fr\/fomunvse\/wp-content\/uploads\/2025\/01\/Laurent-Marcangeli.png?fit=920%2C520&ssl=1","jetpack_sharing_enabled":true,"jetpack_shortlink":"https:\/\/wp.me\/p9roQz-D3","jetpack_likes_enabled":false,"publishpress_future_action":{"enabled":false,"date":"2026-05-10 16:29:47","action":"change-status","newStatus":"draft","terms":[],"taxonomy":"category","extraData":[]},"publishpress_future_workflow_manual_trigger":{"enabledWorkflows":[]},"_links":{"self":[{"href":"https:\/\/www.fo-saint-etienne.fr\/fomunvse\/index.php?rest_route=\/wp\/v2\/posts\/2421","targetHints":{"allow":["GET"]}}],"collection":[{"href":"https:\/\/www.fo-saint-etienne.fr\/fomunvse\/index.php?rest_route=\/wp\/v2\/posts"}],"about":[{"href":"https:\/\/www.fo-saint-etienne.fr\/fomunvse\/index.php?rest_route=\/wp\/v2\/types\/post"}],"author":[{"embeddable":true,"href":"https:\/\/www.fo-saint-etienne.fr\/fomunvse\/index.php?rest_route=\/wp\/v2\/users\/1"}],"replies":[{"embeddable":true,"href":"https:\/\/www.fo-saint-etienne.fr\/fomunvse\/index.php?rest_route=%2Fwp%2Fv2%2Fcomments&post=2421"}],"version-history":[{"count":1,"href":"https:\/\/www.fo-saint-etienne.fr\/fomunvse\/index.php?rest_route=\/wp\/v2\/posts\/2421\/revisions"}],"predecessor-version":[{"id":2422,"href":"https:\/\/www.fo-saint-etienne.fr\/fomunvse\/index.php?rest_route=\/wp\/v2\/posts\/2421\/revisions\/2422"}],"wp:featuredmedia":[{"embeddable":true,"href":"https:\/\/www.fo-saint-etienne.fr\/fomunvse\/index.php?rest_route=\/wp\/v2\/media\/2416"}],"wp:attachment":[{"href":"https:\/\/www.fo-saint-etienne.fr\/fomunvse\/index.php?rest_route=%2Fwp%2Fv2%2Fmedia&parent=2421"}],"wp:term":[{"taxonomy":"category","embeddable":true,"href":"https:\/\/www.fo-saint-etienne.fr\/fomunvse\/index.php?rest_route=%2Fwp%2Fv2%2Fcategories&post=2421"},{"taxonomy":"post_tag","embeddable":true,"href":"https:\/\/www.fo-saint-etienne.fr\/fomunvse\/index.php?rest_route=%2Fwp%2Fv2%2Ftags&post=2421"}],"curies":[{"name":"wp","href":"https:\/\/api.w.org\/{rel}","templated":true}]}}