{"id":2453,"date":"2025-01-18T09:59:49","date_gmt":"2025-01-18T08:59:49","guid":{"rendered":"http:\/\/www.fo-saint-etienne.fr\/fomunvse\/?p=2453"},"modified":"2025-02-04T19:03:34","modified_gmt":"2025-02-04T18:03:34","slug":"abandon-des-3-jours-de-carence-dans-la-fonction-publique-mais","status":"publish","type":"post","link":"https:\/\/www.fo-saint-etienne.fr\/fomunvse\/?p=2453","title":{"rendered":"Abandon des 3 jours de carence dans la fonction publique. Mais &#8230;."},"content":{"rendered":"<h3><strong><a href=\"https:\/\/i0.wp.com\/www.fo-saint-etienne.fr\/fomunvse\/wp-content\/uploads\/2025\/01\/jourdecarence.png\"><img data-recalc-dims=\"1\" loading=\"lazy\" decoding=\"async\" data-attachment-id=\"2392\" data-permalink=\"https:\/\/www.fo-saint-etienne.fr\/fomunvse\/?attachment_id=2392\" data-orig-file=\"https:\/\/i0.wp.com\/www.fo-saint-etienne.fr\/fomunvse\/wp-content\/uploads\/2025\/01\/jourdecarence.png?fit=1500%2C1000&amp;ssl=1\" data-orig-size=\"1500,1000\" data-comments-opened=\"1\" data-image-meta=\"{&quot;aperture&quot;:&quot;0&quot;,&quot;credit&quot;:&quot;&quot;,&quot;camera&quot;:&quot;&quot;,&quot;caption&quot;:&quot;&quot;,&quot;created_timestamp&quot;:&quot;0&quot;,&quot;copyright&quot;:&quot;&quot;,&quot;focal_length&quot;:&quot;0&quot;,&quot;iso&quot;:&quot;0&quot;,&quot;shutter_speed&quot;:&quot;0&quot;,&quot;title&quot;:&quot;&quot;,&quot;orientation&quot;:&quot;0&quot;}\" data-image-title=\"jourdecarence\" data-image-description=\"\" data-image-caption=\"\" data-large-file=\"https:\/\/i0.wp.com\/www.fo-saint-etienne.fr\/fomunvse\/wp-content\/uploads\/2025\/01\/jourdecarence.png?fit=860%2C574&amp;ssl=1\" class=\"size-medium wp-image-2392 aligncenter\" src=\"https:\/\/i0.wp.com\/www.fo-saint-etienne.fr\/fomunvse\/wp-content\/uploads\/2025\/01\/jourdecarence.png?resize=300%2C200\" alt=\"\" width=\"300\" height=\"200\" srcset=\"https:\/\/i0.wp.com\/www.fo-saint-etienne.fr\/fomunvse\/wp-content\/uploads\/2025\/01\/jourdecarence.png?resize=300%2C200&amp;ssl=1 300w, https:\/\/i0.wp.com\/www.fo-saint-etienne.fr\/fomunvse\/wp-content\/uploads\/2025\/01\/jourdecarence.png?resize=1024%2C683&amp;ssl=1 1024w, https:\/\/i0.wp.com\/www.fo-saint-etienne.fr\/fomunvse\/wp-content\/uploads\/2025\/01\/jourdecarence.png?resize=768%2C512&amp;ssl=1 768w, https:\/\/i0.wp.com\/www.fo-saint-etienne.fr\/fomunvse\/wp-content\/uploads\/2025\/01\/jourdecarence.png?w=1500&amp;ssl=1 1500w\" sizes=\"auto, (max-width: 300px) 100vw, 300px\" \/><\/a>Abandon des 3 jours de carence dans la fonction publique.<br \/>\nMais la baisse de la r\u00e9mun\u00e9ration en cas d\u2019arr\u00eat maladie reste d\u2019actualit\u00e9.<\/strong><\/h3>\n<h4><strong><span style=\"color: #993366;\">Fran\u00e7ois Bayrou, le nouveau Premier ministre, a confirm\u00e9 l&rsquo;abandon de l&rsquo;augmentation des jours de carence dans la fonction publique, initialement pr\u00e9vue par son pr\u00e9d\u00e9cesseur Michel Barnier. Le nombre de jours de carence pour les arr\u00eats maladie dans la fonction publique ne passera donc pas de 1 \u00e0 3, une revendication des syndicats et notamment de Force Ouvri\u00e8re , qui se sont vivement oppos\u00e9s au projet du gouvernement Barnier d&rsquo;augmenter le nombre de jours de carence. Cependant, bien que le gouvernement ait renonc\u00e9 \u00e0 augmenter le nombre de jours de carence, il maintient la mesure visant \u00e0 r\u00e9duire le \u00ab\u00a0taux de remplacement\u00a0\u00bb de la r\u00e9mun\u00e9ration des agents publics en arr\u00eat de courte dur\u00e9e. Actuellement, les arr\u00eats maladie des agents publics sont soumis \u00e0 un jour de carence, puis sont r\u00e9mun\u00e9r\u00e9s \u00e0 plein traitement (100 %) pour une dur\u00e9e pouvant aller jusqu&rsquo;\u00e0 trois mois. Pour r\u00e9aliser des \u00e9conomies, l&rsquo;\u00e9quipe Barnier avait propos\u00e9 de r\u00e9duire ce taux de remplacement \u00e0 90 %. Cette option semble toujours \u00eatre privil\u00e9gi\u00e9e par le nouveau gouvernement.<\/span><\/strong><\/h4>\n","protected":false},"excerpt":{"rendered":"<p>Abandon des 3 jours de carence dans la fonction publique. Mais la baisse de la r\u00e9mun\u00e9ration en cas d\u2019arr\u00eat maladie reste d\u2019actualit\u00e9. Fran\u00e7ois Bayrou, le [&#8230;]<\/p>\n","protected":false},"author":1,"featured_media":2392,"comment_status":"open","ping_status":"open","sticky":false,"template":"","format":"standard","meta":{"jetpack_post_was_ever_published":false,"_jetpack_newsletter_access":"","_jetpack_dont_email_post_to_subs":false,"_jetpack_newsletter_tier_id":0,"_jetpack_memberships_contains_paywalled_content":false,"_jetpack_memberships_contains_paid_content":false,"footnotes":""},"categories":[17],"tags":[],"class_list":["post-2453","post","type-post","status-publish","format-standard","has-post-thumbnail","hentry","category-article"],"jetpack_featured_media_url":"https:\/\/i0.wp.com\/www.fo-saint-etienne.fr\/fomunvse\/wp-content\/uploads\/2025\/01\/jourdecarence.png?fit=1500%2C1000&ssl=1","jetpack_sharing_enabled":true,"jetpack_shortlink":"https:\/\/wp.me\/p9roQz-Dz","jetpack_likes_enabled":false,"publishpress_future_action":{"enabled":false,"date":"2026-05-10 16:29:00","action":"change-status","newStatus":"draft","terms":[],"taxonomy":"category","extraData":[]},"publishpress_future_workflow_manual_trigger":{"enabledWorkflows":[]},"_links":{"self":[{"href":"https:\/\/www.fo-saint-etienne.fr\/fomunvse\/index.php?rest_route=\/wp\/v2\/posts\/2453","targetHints":{"allow":["GET"]}}],"collection":[{"href":"https:\/\/www.fo-saint-etienne.fr\/fomunvse\/index.php?rest_route=\/wp\/v2\/posts"}],"about":[{"href":"https:\/\/www.fo-saint-etienne.fr\/fomunvse\/index.php?rest_route=\/wp\/v2\/types\/post"}],"author":[{"embeddable":true,"href":"https:\/\/www.fo-saint-etienne.fr\/fomunvse\/index.php?rest_route=\/wp\/v2\/users\/1"}],"replies":[{"embeddable":true,"href":"https:\/\/www.fo-saint-etienne.fr\/fomunvse\/index.php?rest_route=%2Fwp%2Fv2%2Fcomments&post=2453"}],"version-history":[{"count":2,"href":"https:\/\/www.fo-saint-etienne.fr\/fomunvse\/index.php?rest_route=\/wp\/v2\/posts\/2453\/revisions"}],"predecessor-version":[{"id":2455,"href":"https:\/\/www.fo-saint-etienne.fr\/fomunvse\/index.php?rest_route=\/wp\/v2\/posts\/2453\/revisions\/2455"}],"wp:featuredmedia":[{"embeddable":true,"href":"https:\/\/www.fo-saint-etienne.fr\/fomunvse\/index.php?rest_route=\/wp\/v2\/media\/2392"}],"wp:attachment":[{"href":"https:\/\/www.fo-saint-etienne.fr\/fomunvse\/index.php?rest_route=%2Fwp%2Fv2%2Fmedia&parent=2453"}],"wp:term":[{"taxonomy":"category","embeddable":true,"href":"https:\/\/www.fo-saint-etienne.fr\/fomunvse\/index.php?rest_route=%2Fwp%2Fv2%2Fcategories&post=2453"},{"taxonomy":"post_tag","embeddable":true,"href":"https:\/\/www.fo-saint-etienne.fr\/fomunvse\/index.php?rest_route=%2Fwp%2Fv2%2Ftags&post=2453"}],"curies":[{"name":"wp","href":"https:\/\/api.w.org\/{rel}","templated":true}]}}