{"id":2557,"date":"2025-01-21T19:00:58","date_gmt":"2025-01-21T18:00:58","guid":{"rendered":"http:\/\/www.fo-saint-etienne.fr\/fomunvse\/?p=2557"},"modified":"2025-02-04T19:06:43","modified_gmt":"2025-02-04T18:06:43","slug":"un-fonctionnaire-nest-pas-autorise-a-enregistrer-ses-superieurs-sans-leur-consentement","status":"publish","type":"post","link":"https:\/\/www.fo-saint-etienne.fr\/fomunvse\/?p=2557","title":{"rendered":"Un fonctionnaire n&rsquo;est pas autoris\u00e9 \u00e0 enregistrer ses sup\u00e9rieurs sans leur consentement"},"content":{"rendered":"<p><strong><span style=\"color: #993366;\">Le tribunal administratif de Lyon a r\u00e9cemment confirm\u00e9 la sanction d&rsquo;exclusion<\/span><\/strong><br \/>\n<strong><span style=\"color: #993366;\">temporaire d&rsquo;une fonctionnaire qui se d\u00e9clarait victime de harc\u00e8lement moral. Il lui<\/span><\/strong><br \/>\n<strong><span style=\"color: #993366;\">\u00e9tait notamment reproch\u00e9 d&rsquo;avoir proc\u00e9d\u00e9 \u00e0 l&rsquo;enregistrement de ses sup\u00e9rieurs \u00e0 leur<\/span><\/strong><br \/>\n<strong><span style=\"color: #993366;\">insu lors d&rsquo;un entretien.<\/span><\/strong><\/p>\n<p><strong><span style=\"color: #993366;\">Pour contester son exclusion temporaire, la fonctionnaire requ\u00e9rante soutenait que<\/span><\/strong><br \/>\n<strong><span style=\"color: #993366;\">cette sanction s&rsquo;inscrivait dans le cadre d&rsquo;un harc\u00e8lement moral dont elle affirmait<\/span><\/strong><br \/>\n<strong><span style=\"color: #993366;\">\u00eatre victime. De plus, elle contestait la mat\u00e9rialit\u00e9 des faits qui lui \u00e9taient reproch\u00e9s,<\/span><\/strong><br \/>\n<strong><span style=\"color: #993366;\">en particulier l&rsquo;enregistrement de cet entretien&#8230;..<\/span><\/strong><\/p>\n<p><strong><div class=\"df-element df-lite\"  data-slug=\"\" data-_slug=\"\" data-title=\"un-fonctionnaire-nest-pas-autorise-a-enregistrer-ses-superieurs-sans-leur-consentement\" id=\"df_2555\" data-option=\"df_option_2555\" ><\/div><script class=\"df-shortcode-script\" type=\"application\/javascript\">window.df_option_2555 = {\"source\":\"http:\\\/\\\/www.fo-saint-etienne.fr\\\/fomunvse\\\/wp-content\\\/uploads\\\/2025\\\/01\\\/un-fonctionnaire-na-pas-le-droit-denregistrer-ses-superieurs-a-leur-insu.pdf\",\"viewerType\":\"flipbook\",\"height\":\"400\",\"slug\":\"\",\"id\":2555}; if(window.DEARPDF && window.DEARPDF.parseElements){window.DEARPDF.parseElements();}<\/script><\/strong><\/p>\n","protected":false},"excerpt":{"rendered":"<p>Le tribunal administratif de Lyon a r\u00e9cemment confirm\u00e9 la sanction d&rsquo;exclusion temporaire d&rsquo;une fonctionnaire qui se d\u00e9clarait victime de harc\u00e8lement moral. Il lui \u00e9tait notamment [&#8230;]<\/p>\n","protected":false},"author":1,"featured_media":2568,"comment_status":"closed","ping_status":"closed","sticky":false,"template":"","format":"standard","meta":{"jetpack_post_was_ever_published":false,"_jetpack_newsletter_access":"","_jetpack_dont_email_post_to_subs":false,"_jetpack_newsletter_tier_id":0,"_jetpack_memberships_contains_paywalled_content":false,"_jetpack_memberships_contains_paid_content":false,"footnotes":""},"categories":[17],"tags":[],"class_list":["post-2557","post","type-post","status-publish","format-standard","has-post-thumbnail","hentry","category-article"],"jetpack_featured_media_url":"https:\/\/i0.wp.com\/www.fo-saint-etienne.fr\/fomunvse\/wp-content\/uploads\/2025\/01\/legifrance_2.jpg?fit=796%2C128&ssl=1","jetpack_sharing_enabled":true,"jetpack_shortlink":"https:\/\/wp.me\/p9roQz-Ff","jetpack_likes_enabled":false,"publishpress_future_action":{"enabled":false,"date":"2026-05-10 16:27:04","action":"change-status","newStatus":"draft","terms":[],"taxonomy":"category","extraData":[]},"publishpress_future_workflow_manual_trigger":{"enabledWorkflows":[]},"_links":{"self":[{"href":"https:\/\/www.fo-saint-etienne.fr\/fomunvse\/index.php?rest_route=\/wp\/v2\/posts\/2557","targetHints":{"allow":["GET"]}}],"collection":[{"href":"https:\/\/www.fo-saint-etienne.fr\/fomunvse\/index.php?rest_route=\/wp\/v2\/posts"}],"about":[{"href":"https:\/\/www.fo-saint-etienne.fr\/fomunvse\/index.php?rest_route=\/wp\/v2\/types\/post"}],"author":[{"embeddable":true,"href":"https:\/\/www.fo-saint-etienne.fr\/fomunvse\/index.php?rest_route=\/wp\/v2\/users\/1"}],"replies":[{"embeddable":true,"href":"https:\/\/www.fo-saint-etienne.fr\/fomunvse\/index.php?rest_route=%2Fwp%2Fv2%2Fcomments&post=2557"}],"version-history":[{"count":2,"href":"https:\/\/www.fo-saint-etienne.fr\/fomunvse\/index.php?rest_route=\/wp\/v2\/posts\/2557\/revisions"}],"predecessor-version":[{"id":4200,"href":"https:\/\/www.fo-saint-etienne.fr\/fomunvse\/index.php?rest_route=\/wp\/v2\/posts\/2557\/revisions\/4200"}],"wp:featuredmedia":[{"embeddable":true,"href":"https:\/\/www.fo-saint-etienne.fr\/fomunvse\/index.php?rest_route=\/wp\/v2\/media\/2568"}],"wp:attachment":[{"href":"https:\/\/www.fo-saint-etienne.fr\/fomunvse\/index.php?rest_route=%2Fwp%2Fv2%2Fmedia&parent=2557"}],"wp:term":[{"taxonomy":"category","embeddable":true,"href":"https:\/\/www.fo-saint-etienne.fr\/fomunvse\/index.php?rest_route=%2Fwp%2Fv2%2Fcategories&post=2557"},{"taxonomy":"post_tag","embeddable":true,"href":"https:\/\/www.fo-saint-etienne.fr\/fomunvse\/index.php?rest_route=%2Fwp%2Fv2%2Ftags&post=2557"}],"curies":[{"name":"wp","href":"https:\/\/api.w.org\/{rel}","templated":true}]}}