{"id":2579,"date":"2025-01-23T09:14:16","date_gmt":"2025-01-23T08:14:16","guid":{"rendered":"http:\/\/www.fo-saint-etienne.fr\/fomunvse\/?p=2579"},"modified":"2025-02-04T19:06:40","modified_gmt":"2025-02-04T18:06:40","slug":"annulation-du-refus-dintegration-dun-contractuel-dans-un-cadre-demplois-territorial","status":"publish","type":"post","link":"https:\/\/www.fo-saint-etienne.fr\/fomunvse\/?p=2579","title":{"rendered":"Annulation du refus d\u2019int\u00e9gration d\u2019un contractuel dans un cadre d\u2019emplois territorial"},"content":{"rendered":"<p class=\"western\"><span style=\"color: #993366;\"><span style=\"font-family: Arial, sans-serif;\"><span style=\"font-size: large;\">L\u2019annulation pour exc\u00e8s de pouvoir d\u2019un refus d\u2019int\u00e9gration dans un cadre d\u2019emplois d\u2019un agent contractuel de la fonction publique territoriale, assortie d\u2019une injonction de proc\u00e9der \u00e0 cette int\u00e9gration avec effet r\u00e9troactif, impose \u00e0 l\u2019administration de proc\u00e9der \u00e0 la reconstitution de la carri\u00e8re de l\u2019int\u00e9ress\u00e9 et de lui verser, s\u2019il y a lieu, un rappel de r\u00e9mun\u00e9ration pour la p\u00e9riode concern\u00e9e par cette reconstitution et pendant laquelle il a effectivement rempli les obligations de service correspondant aux fonctions dans lesquelles il a \u00e9t\u00e9 affect\u00e9, sans pr\u00e9judice, le cas \u00e9ch\u00e9ant, de l\u2019action indemnitaire que cet agent pourrait engager au titre des pr\u00e9judices de tout nature qu\u2019il estimerait d\u00e9couler du retard avec lequel cette int\u00e9gration a \u00e9t\u00e9 prononc\u00e9e.<\/span><\/span><\/span><\/p>\n<p class=\"western\"><span style=\"color: #993366;\"><span style=\"font-family: Arial, sans-serif;\"><span style=\"font-size: large;\">Les rappels de r\u00e9mun\u00e9ration dus \u00e0 raison d\u2019une telle reconstitution sont d\u00e9termin\u00e9s en prenant en compte, pour un agent de la fonction publique territoriale qui a exerc\u00e9 ses fonctions pendant la p\u00e9riode consid\u00e9r\u00e9e dans une collectivit\u00e9 territoriale o\u00f9 elles sont applicables, les majorations de traitement pr\u00e9vues au profit des fonctionnaires en service dans les collectivit\u00e9s d\u2019outre-mer, lorsque ces majorations, bien que pr\u00e9sentant le caract\u00e8re d\u2019une indemnit\u00e9 attach\u00e9e \u00e0 l\u2019exercice des fonctions, sont attribu\u00e9es aux agents qui exercent leurs fonctions dans une collectivit\u00e9 d\u2019outre-mer sans consid\u00e9ration de la nature des fonctions exerc\u00e9es.<\/span><\/span><\/span><\/p>\n<p class=\"western\"><span style=\"color: #993366;\"><span style=\"font-family: Arial, sans-serif;\"><span style=\"font-size: large;\">Les principes qui r\u00e9gissent <\/span><\/span><span style=\"font-family: Arial, sans-serif;\"><span style=\"font-size: large;\"><b>la r\u00e9paration int\u00e9grale du pr\u00e9judice subi<\/b><\/span><\/span><span style=\"font-family: Arial, sans-serif;\"><span style=\"font-size: large;\"><b> par un agent public irr\u00e9guli\u00e8rement \u00e9vinc\u00e9 ne sont pas applicables pour d\u00e9terminer les modalit\u00e9s de reconstitution de la carri\u00e8re de l\u2019agent et les montants de rappels de r\u00e9mun\u00e9rations dus par l\u2019administration dans un tel cas<\/b><\/span><\/span><span style=\"font-family: Arial, sans-serif;\"><span style=\"font-size: large;\">.<br \/>\n<\/span><\/span><\/span><\/p>\n<div class=\"df-element df-lite\"  data-slug=\"\" data-_slug=\"\" data-title=\"annulation-du-refus-dintegration-dun-contractuel-dans-un-cadre-demplois-territorial\" id=\"df_2581\" data-option=\"df_option_2581\" ><\/div><script class=\"df-shortcode-script\" type=\"application\/javascript\">window.df_option_2581 = {\"source\":\"http:\\\/\\\/www.fo-saint-etienne.fr\\\/fomunvse\\\/wp-content\\\/uploads\\\/2025\\\/01\\\/CE-2024-Annulation-integration-dun-contractuel.pdf\",\"viewerType\":\"flipbook\",\"height\":\"400\",\"slug\":\"\",\"id\":2581}; if(window.DEARPDF && window.DEARPDF.parseElements){window.DEARPDF.parseElements();}<\/script>\n<p>&nbsp;<\/p>\n","protected":false},"excerpt":{"rendered":"<p>L\u2019annulation pour exc\u00e8s de pouvoir d\u2019un refus d\u2019int\u00e9gration dans un cadre d\u2019emplois d\u2019un agent contractuel de la fonction publique territoriale, assortie d\u2019une injonction de proc\u00e9der [&#8230;]<\/p>\n","protected":false},"author":1,"featured_media":2568,"comment_status":"closed","ping_status":"closed","sticky":false,"template":"","format":"standard","meta":{"jetpack_post_was_ever_published":false,"_jetpack_newsletter_access":"","_jetpack_dont_email_post_to_subs":false,"_jetpack_newsletter_tier_id":0,"_jetpack_memberships_contains_paywalled_content":false,"_jetpack_memberships_contains_paid_content":false,"footnotes":""},"categories":[17],"tags":[],"class_list":["post-2579","post","type-post","status-publish","format-standard","has-post-thumbnail","hentry","category-article"],"jetpack_featured_media_url":"https:\/\/i0.wp.com\/www.fo-saint-etienne.fr\/fomunvse\/wp-content\/uploads\/2025\/01\/legifrance_2.jpg?fit=796%2C128&ssl=1","jetpack_sharing_enabled":true,"jetpack_shortlink":"https:\/\/wp.me\/p9roQz-FB","jetpack_likes_enabled":false,"publishpress_future_action":{"enabled":false,"date":"2026-05-10 16:26:13","action":"change-status","newStatus":"draft","terms":[],"taxonomy":"category","extraData":[]},"publishpress_future_workflow_manual_trigger":{"enabledWorkflows":[]},"_links":{"self":[{"href":"https:\/\/www.fo-saint-etienne.fr\/fomunvse\/index.php?rest_route=\/wp\/v2\/posts\/2579","targetHints":{"allow":["GET"]}}],"collection":[{"href":"https:\/\/www.fo-saint-etienne.fr\/fomunvse\/index.php?rest_route=\/wp\/v2\/posts"}],"about":[{"href":"https:\/\/www.fo-saint-etienne.fr\/fomunvse\/index.php?rest_route=\/wp\/v2\/types\/post"}],"author":[{"embeddable":true,"href":"https:\/\/www.fo-saint-etienne.fr\/fomunvse\/index.php?rest_route=\/wp\/v2\/users\/1"}],"replies":[{"embeddable":true,"href":"https:\/\/www.fo-saint-etienne.fr\/fomunvse\/index.php?rest_route=%2Fwp%2Fv2%2Fcomments&post=2579"}],"version-history":[{"count":2,"href":"https:\/\/www.fo-saint-etienne.fr\/fomunvse\/index.php?rest_route=\/wp\/v2\/posts\/2579\/revisions"}],"predecessor-version":[{"id":2583,"href":"https:\/\/www.fo-saint-etienne.fr\/fomunvse\/index.php?rest_route=\/wp\/v2\/posts\/2579\/revisions\/2583"}],"wp:featuredmedia":[{"embeddable":true,"href":"https:\/\/www.fo-saint-etienne.fr\/fomunvse\/index.php?rest_route=\/wp\/v2\/media\/2568"}],"wp:attachment":[{"href":"https:\/\/www.fo-saint-etienne.fr\/fomunvse\/index.php?rest_route=%2Fwp%2Fv2%2Fmedia&parent=2579"}],"wp:term":[{"taxonomy":"category","embeddable":true,"href":"https:\/\/www.fo-saint-etienne.fr\/fomunvse\/index.php?rest_route=%2Fwp%2Fv2%2Fcategories&post=2579"},{"taxonomy":"post_tag","embeddable":true,"href":"https:\/\/www.fo-saint-etienne.fr\/fomunvse\/index.php?rest_route=%2Fwp%2Fv2%2Ftags&post=2579"}],"curies":[{"name":"wp","href":"https:\/\/api.w.org\/{rel}","templated":true}]}}