{"id":2603,"date":"2025-01-23T12:07:07","date_gmt":"2025-01-23T11:07:07","guid":{"rendered":"http:\/\/www.fo-saint-etienne.fr\/fomunvse\/?p=2603"},"modified":"2025-02-04T19:01:13","modified_gmt":"2025-02-04T18:01:13","slug":"budget-2025-le-senat-reduit-lindemnisation-des-agents-en-arret-maladie-mais-soppose-a-lallongement-du-delai-de-carence","status":"publish","type":"post","link":"https:\/\/www.fo-saint-etienne.fr\/fomunvse\/?p=2603","title":{"rendered":"Le S\u00e9nat r\u00e9duit l&rsquo;indemnisation des agents en arr\u00eat-maladie, mais s&rsquo;oppose \u00e0 l&rsquo;allongement du d\u00e9lai de carence"},"content":{"rendered":"<p class=\"western\"><span style=\"color: #993366;\"><strong><span style=\"font-family: Arial, sans-serif;\"><span style=\"font-size: large;\">Une baisse de l\u2019indemnisation des agents publics, mais pas de rel\u00e8vement du nombre de jours de carence lors d\u2019arr\u00eats-maladie. C\u2019est ce qu\u2019ont d\u00e9cid\u00e9, ce week-end, les s\u00e9nateurs dans un souci de\u00a0\u00ab\u00a0<\/span><\/span><span style=\"font-family: Arial, sans-serif;\"><span style=\"font-size: large;\"><i>compromis\u00a0<\/i><\/span><\/span><span style=\"font-family: Arial, sans-serif;\"><span style=\"font-size: large;\">\u00bb\u00a0 et de\u00a0\u00ab\u00a0<\/span><\/span><span style=\"font-family: Arial, sans-serif;\"><span style=\"font-size: large;\"><i>stabilit\u00e9\u00a0<\/i><\/span><\/span><span style=\"font-family: Arial, sans-serif;\"><span style=\"font-size: large;\">\u00bb, \u00e0 l\u2019occasion de l\u2019examen des cr\u00e9dits de la mission\u00a0\u00ab transformation et fonction publiques \u00bb\u00a0 dans le cadre du\u00a0<\/span><\/span><a style=\"color: #993366;\" href=\"https:\/\/www.senat.fr\/dossier-legislatif\/pjlf2025.html\"><span style=\"font-family: Arial, sans-serif;\"><span style=\"font-size: large;\"><u>projet de loi de finances<\/u><\/span><\/span><\/a><span style=\"font-family: Arial, sans-serif;\"><span style=\"font-size: large;\">\u00a0(PLF) pour 2025.\u00a0<\/span><\/span><\/strong><\/span><\/p>\n<p class=\"western\"><span style=\"color: #993366;\"><strong><span style=\"font-family: Arial, sans-serif;\"><span style=\"font-size: large;\">Une mission qui a &#8211; comme presque toutes les autres &#8211; subi une r\u00e9duction de son budget \u00e0 hauteur de 78 millions d\u2019euros, au nom du r\u00e9tablissement des finances publiques.\u00a0<\/span><\/span><\/strong><\/span><\/p>\n<div class=\"df-element df-lite\"  data-slug=\"\" data-_slug=\"\" data-title=\"budget-2025-le-senat-reduit-lindemnisation-des-agents-en-arret-maladie-mais-soppose-a-lallongement-du-delai-de-carence\" id=\"df_2606\" data-option=\"df_option_2606\" ><\/div><script class=\"df-shortcode-script\" type=\"application\/javascript\">window.df_option_2606 = {\"source\":\"http:\\\/\\\/www.fo-saint-etienne.fr\\\/fomunvse\\\/wp-content\\\/uploads\\\/2025\\\/01\\\/Budget-2025.pdf\",\"viewerType\":\"flipbook\",\"height\":\"500\",\"slug\":\"\",\"id\":2606}; if(window.DEARPDF && window.DEARPDF.parseElements){window.DEARPDF.parseElements();}<\/script>\n","protected":false},"excerpt":{"rendered":"<p>Une baisse de l\u2019indemnisation des agents publics, mais pas de rel\u00e8vement du nombre de jours de carence lors d\u2019arr\u00eats-maladie. C\u2019est ce qu\u2019ont d\u00e9cid\u00e9, ce week-end, [&#8230;]<\/p>\n","protected":false},"author":1,"featured_media":2605,"comment_status":"closed","ping_status":"closed","sticky":false,"template":"","format":"standard","meta":{"jetpack_post_was_ever_published":false,"_jetpack_newsletter_access":"","_jetpack_dont_email_post_to_subs":false,"_jetpack_newsletter_tier_id":0,"_jetpack_memberships_contains_paywalled_content":false,"_jetpack_memberships_contains_paid_content":false,"footnotes":""},"categories":[17],"tags":[],"class_list":["post-2603","post","type-post","status-publish","format-standard","has-post-thumbnail","hentry","category-article"],"jetpack_featured_media_url":"https:\/\/i0.wp.com\/www.fo-saint-etienne.fr\/fomunvse\/wp-content\/uploads\/2025\/01\/arret_maladie-1.jpg?fit=920%2C520&ssl=1","jetpack_sharing_enabled":true,"jetpack_shortlink":"https:\/\/wp.me\/p9roQz-FZ","jetpack_likes_enabled":false,"publishpress_future_action":{"enabled":false,"date":"2026-05-10 16:27:52","action":"change-status","newStatus":"draft","terms":[],"taxonomy":"category","extraData":[]},"publishpress_future_workflow_manual_trigger":{"enabledWorkflows":[]},"_links":{"self":[{"href":"https:\/\/www.fo-saint-etienne.fr\/fomunvse\/index.php?rest_route=\/wp\/v2\/posts\/2603","targetHints":{"allow":["GET"]}}],"collection":[{"href":"https:\/\/www.fo-saint-etienne.fr\/fomunvse\/index.php?rest_route=\/wp\/v2\/posts"}],"about":[{"href":"https:\/\/www.fo-saint-etienne.fr\/fomunvse\/index.php?rest_route=\/wp\/v2\/types\/post"}],"author":[{"embeddable":true,"href":"https:\/\/www.fo-saint-etienne.fr\/fomunvse\/index.php?rest_route=\/wp\/v2\/users\/1"}],"replies":[{"embeddable":true,"href":"https:\/\/www.fo-saint-etienne.fr\/fomunvse\/index.php?rest_route=%2Fwp%2Fv2%2Fcomments&post=2603"}],"version-history":[{"count":3,"href":"https:\/\/www.fo-saint-etienne.fr\/fomunvse\/index.php?rest_route=\/wp\/v2\/posts\/2603\/revisions"}],"predecessor-version":[{"id":2609,"href":"https:\/\/www.fo-saint-etienne.fr\/fomunvse\/index.php?rest_route=\/wp\/v2\/posts\/2603\/revisions\/2609"}],"wp:featuredmedia":[{"embeddable":true,"href":"https:\/\/www.fo-saint-etienne.fr\/fomunvse\/index.php?rest_route=\/wp\/v2\/media\/2605"}],"wp:attachment":[{"href":"https:\/\/www.fo-saint-etienne.fr\/fomunvse\/index.php?rest_route=%2Fwp%2Fv2%2Fmedia&parent=2603"}],"wp:term":[{"taxonomy":"category","embeddable":true,"href":"https:\/\/www.fo-saint-etienne.fr\/fomunvse\/index.php?rest_route=%2Fwp%2Fv2%2Fcategories&post=2603"},{"taxonomy":"post_tag","embeddable":true,"href":"https:\/\/www.fo-saint-etienne.fr\/fomunvse\/index.php?rest_route=%2Fwp%2Fv2%2Ftags&post=2603"}],"curies":[{"name":"wp","href":"https:\/\/api.w.org\/{rel}","templated":true}]}}