{"id":2664,"date":"2025-01-27T11:39:23","date_gmt":"2025-01-27T10:39:23","guid":{"rendered":"http:\/\/www.fo-saint-etienne.fr\/fomunvse\/?p=2664"},"modified":"2025-02-04T19:01:06","modified_gmt":"2025-02-04T18:01:06","slug":"abandon-de-poste-debat-juridique-autour-de-la-retroactivite-de-la-revocation-des-fonctionnaires","status":"publish","type":"post","link":"https:\/\/www.fo-saint-etienne.fr\/fomunvse\/?p=2664","title":{"rendered":"Abandon de poste : d\u00e9bat juridique autour de la r\u00e9troactivit\u00e9 de la r\u00e9vocation des fonctionnaires"},"content":{"rendered":"<p style=\"text-align: left;\"><strong><span style=\"color: #993366;\">Le tribunal administratif de Lyon vient de suspendre une d\u00e9cision de radiation des <\/span><\/strong><strong><span style=\"color: #993366;\">cadres prononc\u00e9e \u00e0 l\u2019encontre d\u2019un fonctionnaire pour abandon de poste.<\/span><\/strong><\/p>\n<blockquote>\n<h3 style=\"text-align: center;\"><span style=\"color: #333399;\"><em><strong>\u00ab <span style=\"color: #ff0000;\">En cause<\/span> : la r\u00e9troactivit\u00e9 de cette radiation \u00bb<\/strong><\/em><\/span><\/h3>\n<\/blockquote>\n<p style=\"text-align: left;\"><strong><span style=\"color: #993366;\">Ce fonctionnaire ne s&rsquo;\u00e9tait plus pr\u00e9sent\u00e9 \u00e0 son poste de travail \u00e0 partir du 27 juin et <\/span><\/strong><strong><span style=\"color: #993366;\">par un courrier du 10 juillet 2024, celui-ci avait \u00e9t\u00e9 mis en demeure de reprendre son <\/span><\/strong><strong><span style=\"color: #993366;\">service au plus tard le 31 juillet.<\/span><\/strong><\/p>\n<p><strong><span style=\"color: #993366;\">Par un second courrier du 30 septembre, le minist\u00e8re de l&rsquo;Agriculture l&rsquo;avait \u00e0 <\/span><\/strong><strong><span style=\"color: #993366;\">nouveau mis en demeure de reprendre son poste dans un d\u00e9lai de quinze jours. Un <\/span><\/strong><strong><span style=\"color: #993366;\">courrier dans lequel l&rsquo;administration l&rsquo;avait aussi inform\u00e9 qu&rsquo;il serait proc\u00e9d\u00e9 \u00e0 sa <\/span><\/strong><strong><span style=\"color: #993366;\">radiation des cadres pour abandon de poste en cas de non reprise du service.<\/span><\/strong><\/p>\n<p><strong><span style=\"color: #993366;\">Ce fonctionnaire n&rsquo;ayant pas repris son poste, l&rsquo;administration avait d\u00e9cid\u00e9 de le radier <\/span><\/strong><strong><span style=\"color: #993366;\">des cadres pour abandon de poste \u00e0 compter du 27 juin par une d\u00e9cision dat\u00e9e du <\/span><\/strong><strong><span style=\"color: #993366;\">4 novembre. Une d\u00e9cision contest\u00e9e par le requ\u00e9rant, selon qui sa radiation ne pouvait <\/span><\/strong><strong><span style=\"color: #993366;\">\u00eatre r\u00e9troactive.<\/span><\/strong><\/p>\n<blockquote>\n<h3 style=\"text-align: center;\"><span style=\"color: #333399;\"><em><strong>La date d\u2019abandon de poste en question<\/strong><\/em><\/span><\/h3>\n<\/blockquote>\n<p style=\"text-align: left;\"><span style=\"color: #993366;\"><strong>\u00a0Une mesure de radiation des cadres pour abandon de poste <span style=\"color: #333399;\">\u201cne peut \u00eatre<\/span><\/strong><\/span><br \/>\n<span style=\"color: #333399;\"><strong>r\u00e9guli\u00e8rement prononc\u00e9e que si l&rsquo;agent concern\u00e9 a, pr\u00e9alablement \u00e0 cette <\/strong><strong>d\u00e9cision, \u00e9t\u00e9 mis en demeure de rejoindre son poste ou de reprendre son service <\/strong><\/span><span style=\"color: #993366;\"><strong><span style=\"color: #333399;\">dans un d\u00e9lai appropri\u00e9 qu&rsquo;il appartient \u00e0 l&rsquo;administration de fixer\u201d<\/span>, rappelle le juge.<\/strong><\/span><\/p>\n<p><span style=\"color: #993366;\"><strong>Par ailleurs, \u201c<span style=\"color: #333399;\">si, (\u2026) en principe, un arr\u00eat\u00e9 de radiation des cadres du personnel ne <\/span><\/strong><\/span><span style=\"color: #333399;\"><strong>peut prendre effet \u00e0 une date ant\u00e9rieure \u00e0 celle de sa notification, il peut, en cas <\/strong><strong>d&rsquo;abandon de poste, prononcer la radiation \u00e0 compter de la date de ce <\/strong><\/span><span style=\"color: #993366;\"><strong><span style=\"color: #333399;\">dernier\u201d<\/span>, pr\u00e9cise le tribunal administratif.<\/strong><\/span><\/p>\n<p><span style=\"color: #993366;\"><strong>Il r\u00e9sulte toutefois de l&rsquo;instruction que le requ\u00e9rant a \u00e9t\u00e9 mis en demeure par un <\/strong><\/span><span style=\"color: #993366;\"><strong>courrier du 10 juillet, re\u00e7u le 13 juillet, de reprendre son service le 31 juillet. Un <\/strong><\/span><span style=\"color: #993366;\"><strong>courrier qui l&rsquo;informait qu&rsquo;il serait consid\u00e9r\u00e9 en situation d&rsquo;abandon de poste et qu&rsquo;il <\/strong><\/span><span style=\"color: #993366;\"><strong>pouvait \u00eatre radi\u00e9 des cadres s&rsquo;il ne reprenait pas son service. Aussi, selon le <\/strong><\/span><span style=\"color: #993366;\"><strong>juge, <span style=\"color: #333399;\">\u201cl&rsquo;administration pouvait seulement prononcer (sa) radiation \u00e0 compter du <\/span><\/strong><\/span><span style=\"color: #993366;\"><strong><span style=\"color: #333399;\">31 juillet\u201d<\/span>, date \u00e0 laquelle la directrice interd\u00e9partementale des routes Centre-Est a <\/strong><\/span><span style=\"color: #993366;\"><strong>constat\u00e9 l&rsquo;absence de reprise de ses fonctions, et non au 27 juin, la date \u00e0 partir de <\/strong><\/span><span style=\"color: #993366;\"><strong>laquelle il a effectivement cess\u00e9 de se pr\u00e9senter \u00e0 son poste de travail.<\/strong><\/span><\/p>\n<p><span style=\"color: #993366;\"><strong><span style=\"color: #333399;\">\u201cEn l&rsquo;\u00e9tat de l&rsquo;instruction<\/span>\u201d, conclut le tribunal, la prononciation de la radiation pour <\/strong><\/span><span style=\"color: #993366;\"><strong>abandon de poste \u00e0 compter du 27 juin <span style=\"color: #333399;\">\u00ab\u00a0pr\u00e9sente un caract\u00e8re r\u00e9troactif et est de <\/span><\/strong><\/span><span style=\"color: #993366;\"><strong><span style=\"color: #333399;\">nature \u00e0 faire na\u00eetre un doute s\u00e9rieux sur sa l\u00e9galit\u00e9\u201d<\/span>. L&rsquo;ex\u00e9cution de la d\u00e9cision <\/strong><\/span><span style=\"color: #993366;\"><strong>pronon\u00e7ant la radiation du secr\u00e9taire administratif est donc suspendue par le juge des <\/strong><\/span><strong><span style=\"color: #993366;\">r\u00e9f\u00e9r\u00e9s jusqu&rsquo;\u00e0 ce qu&rsquo;il soit statu\u00e9 au fond sur sa l\u00e9galit\u00e9.<\/span><\/strong><\/p>\n<div class=\"df-element df-lite\"  data-slug=\"\" data-_slug=\"\" data-title=\"abandon-de-poste-debat-juridique-autour-de-la-retroactivite-de-la-revocation-des-fonctionnaires\" id=\"df_2669\" data-option=\"df_option_2669\" ><\/div><script class=\"df-shortcode-script\" type=\"application\/javascript\">window.df_option_2669 = {\"source\":\"http:\\\/\\\/www.fo-saint-etienne.fr\\\/fomunvse\\\/wp-content\\\/uploads\\\/2025\\\/01\\\/Abandon-de-poste.pdf\",\"viewerType\":\"flipbook\",\"height\":\"500\",\"slug\":\"\",\"id\":2669}; if(window.DEARPDF && window.DEARPDF.parseElements){window.DEARPDF.parseElements();}<\/script>\n<p>&nbsp;<\/p>\n","protected":false},"excerpt":{"rendered":"<p>Le tribunal administratif de Lyon vient de suspendre une d\u00e9cision de radiation des cadres prononc\u00e9e \u00e0 l\u2019encontre d\u2019un fonctionnaire pour abandon de poste. \u00ab En [&#8230;]<\/p>\n","protected":false},"author":1,"featured_media":2568,"comment_status":"closed","ping_status":"closed","sticky":false,"template":"","format":"standard","meta":{"jetpack_post_was_ever_published":false,"_jetpack_newsletter_access":"","_jetpack_dont_email_post_to_subs":false,"_jetpack_newsletter_tier_id":0,"_jetpack_memberships_contains_paywalled_content":false,"_jetpack_memberships_contains_paid_content":false,"footnotes":""},"categories":[17],"tags":[],"class_list":["post-2664","post","type-post","status-publish","format-standard","has-post-thumbnail","hentry","category-article"],"jetpack_featured_media_url":"https:\/\/i0.wp.com\/www.fo-saint-etienne.fr\/fomunvse\/wp-content\/uploads\/2025\/01\/legifrance_2.jpg?fit=796%2C128&ssl=1","jetpack_sharing_enabled":true,"jetpack_shortlink":"https:\/\/wp.me\/p9roQz-GY","jetpack_likes_enabled":false,"publishpress_future_action":{"enabled":false,"date":"2026-05-10 15:11:21","action":"change-status","newStatus":"draft","terms":[],"taxonomy":"category","extraData":[]},"publishpress_future_workflow_manual_trigger":{"enabledWorkflows":[]},"_links":{"self":[{"href":"https:\/\/www.fo-saint-etienne.fr\/fomunvse\/index.php?rest_route=\/wp\/v2\/posts\/2664","targetHints":{"allow":["GET"]}}],"collection":[{"href":"https:\/\/www.fo-saint-etienne.fr\/fomunvse\/index.php?rest_route=\/wp\/v2\/posts"}],"about":[{"href":"https:\/\/www.fo-saint-etienne.fr\/fomunvse\/index.php?rest_route=\/wp\/v2\/types\/post"}],"author":[{"embeddable":true,"href":"https:\/\/www.fo-saint-etienne.fr\/fomunvse\/index.php?rest_route=\/wp\/v2\/users\/1"}],"replies":[{"embeddable":true,"href":"https:\/\/www.fo-saint-etienne.fr\/fomunvse\/index.php?rest_route=%2Fwp%2Fv2%2Fcomments&post=2664"}],"version-history":[{"count":10,"href":"https:\/\/www.fo-saint-etienne.fr\/fomunvse\/index.php?rest_route=\/wp\/v2\/posts\/2664\/revisions"}],"predecessor-version":[{"id":2676,"href":"https:\/\/www.fo-saint-etienne.fr\/fomunvse\/index.php?rest_route=\/wp\/v2\/posts\/2664\/revisions\/2676"}],"wp:featuredmedia":[{"embeddable":true,"href":"https:\/\/www.fo-saint-etienne.fr\/fomunvse\/index.php?rest_route=\/wp\/v2\/media\/2568"}],"wp:attachment":[{"href":"https:\/\/www.fo-saint-etienne.fr\/fomunvse\/index.php?rest_route=%2Fwp%2Fv2%2Fmedia&parent=2664"}],"wp:term":[{"taxonomy":"category","embeddable":true,"href":"https:\/\/www.fo-saint-etienne.fr\/fomunvse\/index.php?rest_route=%2Fwp%2Fv2%2Fcategories&post=2664"},{"taxonomy":"post_tag","embeddable":true,"href":"https:\/\/www.fo-saint-etienne.fr\/fomunvse\/index.php?rest_route=%2Fwp%2Fv2%2Ftags&post=2664"}],"curies":[{"name":"wp","href":"https:\/\/api.w.org\/{rel}","templated":true}]}}