{"id":2677,"date":"2025-01-29T09:53:55","date_gmt":"2025-01-29T08:53:55","guid":{"rendered":"http:\/\/www.fo-saint-etienne.fr\/fomunvse\/?p=2677"},"modified":"2025-02-04T19:01:06","modified_gmt":"2025-02-04T18:01:06","slug":"vers-une-augmentation-du-temps-de-travail-dans-la-fonction-publique","status":"publish","type":"post","link":"https:\/\/www.fo-saint-etienne.fr\/fomunvse\/?p=2677","title":{"rendered":"Vers une augmentation du temps de travail dans la fonction publique ?"},"content":{"rendered":"<p><span style=\"color: #800080;\"><strong>Le gouvernement remet sur la table la proposition du S\u00e9nat d\u2019imposer sept<br \/>\nheures de travail suppl\u00e9mentaires par an non r\u00e9mun\u00e9r\u00e9es aux salari\u00e9s du priv\u00e9<br \/>\ncomme aux agents publics.<\/strong><\/span><\/p>\n<p><span style=\"color: #800080;\"><strong>La mesure sera prochainement discut\u00e9e \u00e0 l\u2019Assembl\u00e9e nationale dans le cadre de<br \/>\nl\u2019examen du budget de la S\u00e9curit\u00e9 sociale. L\u2019ex\u00e9cutif dit ne pas avoir \u201cd\u2019opposition<br \/>\nde principe\u201d \u00e0 cette mesure.<br \/>\nLes Fran\u00e7ais vont-ils devoir travailler sept heures de plus gratuitement chaque ann\u00e9e ?<\/strong><\/span><\/p>\n<div class=\"df-element df-lite\"  data-slug=\"\" data-_slug=\"\" data-title=\"vers-une-augmentation-du-temps-de-travail-dans-la-fonction-publique\" id=\"df_2679\" data-option=\"df_option_2679\" ><\/div><script class=\"df-shortcode-script\" type=\"application\/javascript\">window.df_option_2679 = {\"source\":\"http:\\\/\\\/www.fo-saint-etienne.fr\\\/fomunvse\\\/wp-content\\\/uploads\\\/2025\\\/01\\\/Vers-une-augmentation-du-temps-de-travail-dans-la-fonction-publique.doc.pdf\",\"viewerType\":\"flipbook\",\"height\":\"auto\",\"slug\":\"\",\"id\":2679}; if(window.DEARPDF && window.DEARPDF.parseElements){window.DEARPDF.parseElements();}<\/script>\n","protected":false},"excerpt":{"rendered":"<p>Le gouvernement remet sur la table la proposition du S\u00e9nat d\u2019imposer sept heures de travail suppl\u00e9mentaires par an non r\u00e9mun\u00e9r\u00e9es aux salari\u00e9s du priv\u00e9 comme [&#8230;]<\/p>\n","protected":false},"author":1,"featured_media":2578,"comment_status":"closed","ping_status":"closed","sticky":false,"template":"","format":"standard","meta":{"jetpack_post_was_ever_published":false,"_jetpack_newsletter_access":"","_jetpack_dont_email_post_to_subs":false,"_jetpack_newsletter_tier_id":0,"_jetpack_memberships_contains_paywalled_content":false,"_jetpack_memberships_contains_paid_content":false,"footnotes":""},"categories":[17],"tags":[],"class_list":["post-2677","post","type-post","status-publish","format-standard","has-post-thumbnail","hentry","category-article"],"jetpack_featured_media_url":"https:\/\/i0.wp.com\/www.fo-saint-etienne.fr\/fomunvse\/wp-content\/uploads\/2025\/01\/discipline.jpg?fit=1200%2C340&ssl=1","jetpack_sharing_enabled":true,"jetpack_shortlink":"https:\/\/wp.me\/p9roQz-Hb","jetpack_likes_enabled":false,"publishpress_future_action":{"enabled":false,"date":"2026-05-10 15:19:16","action":"change-status","newStatus":"draft","terms":[],"taxonomy":"category","extraData":[]},"publishpress_future_workflow_manual_trigger":{"enabledWorkflows":[]},"_links":{"self":[{"href":"https:\/\/www.fo-saint-etienne.fr\/fomunvse\/index.php?rest_route=\/wp\/v2\/posts\/2677","targetHints":{"allow":["GET"]}}],"collection":[{"href":"https:\/\/www.fo-saint-etienne.fr\/fomunvse\/index.php?rest_route=\/wp\/v2\/posts"}],"about":[{"href":"https:\/\/www.fo-saint-etienne.fr\/fomunvse\/index.php?rest_route=\/wp\/v2\/types\/post"}],"author":[{"embeddable":true,"href":"https:\/\/www.fo-saint-etienne.fr\/fomunvse\/index.php?rest_route=\/wp\/v2\/users\/1"}],"replies":[{"embeddable":true,"href":"https:\/\/www.fo-saint-etienne.fr\/fomunvse\/index.php?rest_route=%2Fwp%2Fv2%2Fcomments&post=2677"}],"version-history":[{"count":2,"href":"https:\/\/www.fo-saint-etienne.fr\/fomunvse\/index.php?rest_route=\/wp\/v2\/posts\/2677\/revisions"}],"predecessor-version":[{"id":2681,"href":"https:\/\/www.fo-saint-etienne.fr\/fomunvse\/index.php?rest_route=\/wp\/v2\/posts\/2677\/revisions\/2681"}],"wp:featuredmedia":[{"embeddable":true,"href":"https:\/\/www.fo-saint-etienne.fr\/fomunvse\/index.php?rest_route=\/wp\/v2\/media\/2578"}],"wp:attachment":[{"href":"https:\/\/www.fo-saint-etienne.fr\/fomunvse\/index.php?rest_route=%2Fwp%2Fv2%2Fmedia&parent=2677"}],"wp:term":[{"taxonomy":"category","embeddable":true,"href":"https:\/\/www.fo-saint-etienne.fr\/fomunvse\/index.php?rest_route=%2Fwp%2Fv2%2Fcategories&post=2677"},{"taxonomy":"post_tag","embeddable":true,"href":"https:\/\/www.fo-saint-etienne.fr\/fomunvse\/index.php?rest_route=%2Fwp%2Fv2%2Ftags&post=2677"}],"curies":[{"name":"wp","href":"https:\/\/api.w.org\/{rel}","templated":true}]}}