{"id":2790,"date":"2025-02-06T18:40:26","date_gmt":"2025-02-06T17:40:26","guid":{"rendered":"http:\/\/www.fo-saint-etienne.fr\/fomunvse\/?p=2790"},"modified":"2025-02-06T18:43:34","modified_gmt":"2025-02-06T17:43:34","slug":"la-menace-du-chomage-ne-fera-pas-taire-nos-revendications","status":"publish","type":"post","link":"https:\/\/www.fo-saint-etienne.fr\/fomunvse\/?p=2790","title":{"rendered":"\u00ab La menace du ch\u00f4mage ne fera pas taire nos revendications \u00bb"},"content":{"rendered":"<h6><span style=\"color: #000080;\"><strong>L\u2019\u00e9ditorial de Fr\u00e9d\u00e9ric Souillot<\/strong><\/span><br \/>\n<span style=\"color: #800080;\">Secr\u00e9taire g\u00e9n\u00e9ral @SouillotFo sur Twitter<\/span><\/h6>\n<p>&nbsp;<\/p>\n<h3><span style=\"color: #800080;\">L\u200aes chiffres du ch\u00f4mage publi\u00e9s la semaine derni\u00e8re par la Dares confirment la nette d\u00e9gradation du march\u00e9 du travail, ressentie tout au long de l\u2019ann\u00e9e 2024 et particuli\u00e8rement depuis l\u2019\u00e9t\u00e9. Les multiples annonces de plans sociaux finiraient bien par se traduire dans les statistiques.<\/span><\/h3>\n<h3><span style=\"color: #800080;\"><strong>Qu\u2019elles se produisent dans de grands groupes comme Casino, Valeo, Auchan ou Michelin comme dans de plus petites entreprises, elles n\u2019ont \u00e9pargn\u00e9 aucun secteur\u00a0: construction, commerce, industrie, chimie\u2026 Elles sont la partie visible de l\u2019iceberg. Cons\u00e9quence du ralentissement des cr\u00e9ations d\u2019emplois, de l\u2019augmentation des d\u00e9faillances d\u2019entreprises et des licenciements, l\u2019inversion de la courbe du ch\u00f4mage est d\u00e9sormais bien concr\u00e8te, loin d\u2019\u00eatre un \u00ab<small class=\"fine d-inline\">\u00a0<\/small>biais statistique<small class=\"fine d-inline\">\u00a0<\/small>\u00bb.<\/strong><\/span><\/h3>\n<h3><span style=\"color: #800080;\"><strong>Elle touche l\u2019ensemble des demandeurs d\u2019emploi, dans toutes les cat\u00e9gories d\u2019\u00e2ge et plus particuli\u00e8rement les jeunes, repoussant une nouvelle fois l\u2019objectif affich\u00e9 par les pouvoirs publics d\u2019un retour au plein emploi. \u00c0 la fin de l\u2019ann\u00e9e 2025, la Banque de France anticipe une remont\u00e9e du taux de ch\u00f4mage autour de 8<small class=\"fine d-inline\">\u00a0<\/small>%.<\/strong><\/span><\/h3>\n<h3><span style=\"color: #800080;\"><strong>Cette d\u00e9gradation de la situation de l\u2019emploi pourrait durer, dans un contexte \u00e9conomique particuli\u00e8rement incertain. Les difficult\u00e9s post-Covid, l\u2019\u00e9pisode d\u2019inflation, la baisse de la consommation, le co\u00fbt de l\u2019\u00e9nergie, le gel des investissements, le contexte international n\u2019expliquent pas tout. De nombreuses entreprises, qui souvent ont per\u00e7u des aides publiques massives pendant des ann\u00e9es, s\u2019engagent dans des plans de restructurations et de suppressions d\u2019emplois pour pr\u00e9server leurs marges et leurs profits<small class=\"fine d-inline\">\u00a0<\/small>; ces m\u00eames entreprises qui agitent \u00e0 nouveau la menace de d\u00e9localisation pour tenter de sauver leurs avantages fiscaux\u2026<\/strong><\/span><\/h3>\n<blockquote>\n<h3><\/h3>\n<h3><span style=\"color: #000080;\"><big><b>Partout o\u00f9 elle est pr\u00e9sente, FO se bat, FO agit<\/b><\/big><\/span><\/h3>\n<p>&nbsp;<\/p><\/blockquote>\n<h3><span style=\"color: #800080;\"><strong>Partout o\u00f9 elle est pr\u00e9sente, FO se bat pour sauver un maximum d\u2019emplois, dans le cadre des n\u00e9gociations qui s\u2019ouvrent sur les plans de sauvegarde de l\u2019emploi. Partout o\u00f9 elle est pr\u00e9sente, FO agit pour garantir des conditions de travail et des r\u00e9mun\u00e9rations dignes pour tous les salari\u00e9s. La menace du ch\u00f4mage ne fera pas taire nos revendications.<\/strong><\/span><\/h3>\n","protected":false},"excerpt":{"rendered":"<p>L\u2019\u00e9ditorial de Fr\u00e9d\u00e9ric Souillot Secr\u00e9taire g\u00e9n\u00e9ral @SouillotFo sur Twitter &nbsp; L\u200aes chiffres du ch\u00f4mage publi\u00e9s la semaine derni\u00e8re par la Dares confirment la nette d\u00e9gradation [&#8230;]<\/p>\n","protected":false},"author":1,"featured_media":2663,"comment_status":"closed","ping_status":"closed","sticky":false,"template":"","format":"standard","meta":{"jetpack_post_was_ever_published":false,"_jetpack_newsletter_access":"","_jetpack_dont_email_post_to_subs":false,"_jetpack_newsletter_tier_id":0,"_jetpack_memberships_contains_paywalled_content":false,"_jetpack_memberships_contains_paid_content":false,"footnotes":""},"categories":[17],"tags":[],"class_list":["post-2790","post","type-post","status-publish","format-standard","has-post-thumbnail","hentry","category-article"],"jetpack_featured_media_url":"https:\/\/i0.wp.com\/www.fo-saint-etienne.fr\/fomunvse\/wp-content\/uploads\/2025\/01\/editoriaux_du_secretaire_general_4.png?fit=1000%2C401&ssl=1","jetpack_sharing_enabled":true,"jetpack_shortlink":"https:\/\/wp.me\/p9roQz-J0","jetpack_likes_enabled":false,"publishpress_future_action":{"enabled":false,"date":"2026-05-10 15:16:01","action":"change-status","newStatus":"draft","terms":[],"taxonomy":"category","extraData":[]},"publishpress_future_workflow_manual_trigger":{"enabledWorkflows":[]},"_links":{"self":[{"href":"https:\/\/www.fo-saint-etienne.fr\/fomunvse\/index.php?rest_route=\/wp\/v2\/posts\/2790","targetHints":{"allow":["GET"]}}],"collection":[{"href":"https:\/\/www.fo-saint-etienne.fr\/fomunvse\/index.php?rest_route=\/wp\/v2\/posts"}],"about":[{"href":"https:\/\/www.fo-saint-etienne.fr\/fomunvse\/index.php?rest_route=\/wp\/v2\/types\/post"}],"author":[{"embeddable":true,"href":"https:\/\/www.fo-saint-etienne.fr\/fomunvse\/index.php?rest_route=\/wp\/v2\/users\/1"}],"replies":[{"embeddable":true,"href":"https:\/\/www.fo-saint-etienne.fr\/fomunvse\/index.php?rest_route=%2Fwp%2Fv2%2Fcomments&post=2790"}],"version-history":[{"count":5,"href":"https:\/\/www.fo-saint-etienne.fr\/fomunvse\/index.php?rest_route=\/wp\/v2\/posts\/2790\/revisions"}],"predecessor-version":[{"id":2795,"href":"https:\/\/www.fo-saint-etienne.fr\/fomunvse\/index.php?rest_route=\/wp\/v2\/posts\/2790\/revisions\/2795"}],"wp:featuredmedia":[{"embeddable":true,"href":"https:\/\/www.fo-saint-etienne.fr\/fomunvse\/index.php?rest_route=\/wp\/v2\/media\/2663"}],"wp:attachment":[{"href":"https:\/\/www.fo-saint-etienne.fr\/fomunvse\/index.php?rest_route=%2Fwp%2Fv2%2Fmedia&parent=2790"}],"wp:term":[{"taxonomy":"category","embeddable":true,"href":"https:\/\/www.fo-saint-etienne.fr\/fomunvse\/index.php?rest_route=%2Fwp%2Fv2%2Fcategories&post=2790"},{"taxonomy":"post_tag","embeddable":true,"href":"https:\/\/www.fo-saint-etienne.fr\/fomunvse\/index.php?rest_route=%2Fwp%2Fv2%2Ftags&post=2790"}],"curies":[{"name":"wp","href":"https:\/\/api.w.org\/{rel}","templated":true}]}}