{"id":2807,"date":"2025-02-07T16:53:37","date_gmt":"2025-02-07T15:53:37","guid":{"rendered":"http:\/\/www.fo-saint-etienne.fr\/fomunvse\/?p=2807"},"modified":"2025-02-07T16:53:37","modified_gmt":"2025-02-07T15:53:37","slug":"application-de-la-journee-de-carence-dans-la-fonction-publique-territoriale","status":"publish","type":"post","link":"https:\/\/www.fo-saint-etienne.fr\/fomunvse\/?p=2807","title":{"rendered":"Application de la journ\u00e9e de carence dans la Fonction Publique Territoriale"},"content":{"rendered":"<h4><strong><span style=\"color: #993366;\">Institu\u00e9e une premi\u00e8re fois au 1er janvier 2012, la journ\u00e9e de carence avait \u00e9t\u00e9 supprim\u00e9e au 1er\u00a0 janvier 2014.<br \/>\n<\/span><\/strong><br \/>\n<strong><span style=\"color: #993366;\">Elle a \u00e9t\u00e9 r\u00e9tablie par la loi de Finances pour 2018, \u00e0 compter du 1 er janvier 2018.<\/span><\/strong><\/h4>\n<h4><strong><span style=\"color: #993366;\">Le dispositif de la journ\u00e9e de carence consiste \u00e0 supprimer la r\u00e9mun\u00e9ration servie par l\u2019employeur aux fonctionnaires et aux agents contractuels de droit public (droits variables selon anciennet\u00e9) le premier\u00a0 jour d\u2019un cong\u00e9 de maladie ordinaire.<\/span><\/strong><\/h4>\n<div class=\"df-element df-lite\"  data-slug=\"\" data-_slug=\"\" data-title=\"application-de-la-journee-de-carence-dans-la-fonction-publique-territoriale\" id=\"df_2810\" data-option=\"df_option_2810\" ><\/div><script class=\"df-shortcode-script\" type=\"application\/javascript\">window.df_option_2810 = {\"source\":\"http:\\\/\\\/www.fo-saint-etienne.fr\\\/fomunvse\\\/wp-content\\\/uploads\\\/2025\\\/02\\\/Journee-de-carence.pdf\",\"viewerType\":\"flipbook\",\"height\":\"auto\",\"slug\":\"\",\"id\":2810}; if(window.DEARPDF && window.DEARPDF.parseElements){window.DEARPDF.parseElements();}<\/script>\n","protected":false},"excerpt":{"rendered":"<p>Institu\u00e9e une premi\u00e8re fois au 1er janvier 2012, la journ\u00e9e de carence avait \u00e9t\u00e9 supprim\u00e9e au 1er\u00a0 janvier 2014. Elle a \u00e9t\u00e9 r\u00e9tablie par la [&#8230;]<\/p>\n","protected":false},"author":1,"featured_media":2691,"comment_status":"closed","ping_status":"closed","sticky":false,"template":"","format":"standard","meta":{"jetpack_post_was_ever_published":false,"_jetpack_newsletter_access":"","_jetpack_dont_email_post_to_subs":false,"_jetpack_newsletter_tier_id":0,"_jetpack_memberships_contains_paywalled_content":false,"_jetpack_memberships_contains_paid_content":false,"footnotes":""},"categories":[17],"tags":[],"class_list":["post-2807","post","type-post","status-publish","format-standard","has-post-thumbnail","hentry","category-article"],"jetpack_featured_media_url":"https:\/\/i0.wp.com\/www.fo-saint-etienne.fr\/fomunvse\/wp-content\/uploads\/2025\/01\/Le-cadre-juridique-de-la-protection-fonctionnelle-de-elus-et-agents.png?fit=802%2C152&ssl=1","jetpack_sharing_enabled":true,"jetpack_shortlink":"https:\/\/wp.me\/p9roQz-Jh","jetpack_likes_enabled":false,"publishpress_future_action":{"enabled":false,"date":"2026-05-10 15:26:45","action":"change-status","newStatus":"draft","terms":[],"taxonomy":"category","extraData":[]},"publishpress_future_workflow_manual_trigger":{"enabledWorkflows":[]},"_links":{"self":[{"href":"https:\/\/www.fo-saint-etienne.fr\/fomunvse\/index.php?rest_route=\/wp\/v2\/posts\/2807","targetHints":{"allow":["GET"]}}],"collection":[{"href":"https:\/\/www.fo-saint-etienne.fr\/fomunvse\/index.php?rest_route=\/wp\/v2\/posts"}],"about":[{"href":"https:\/\/www.fo-saint-etienne.fr\/fomunvse\/index.php?rest_route=\/wp\/v2\/types\/post"}],"author":[{"embeddable":true,"href":"https:\/\/www.fo-saint-etienne.fr\/fomunvse\/index.php?rest_route=\/wp\/v2\/users\/1"}],"replies":[{"embeddable":true,"href":"https:\/\/www.fo-saint-etienne.fr\/fomunvse\/index.php?rest_route=%2Fwp%2Fv2%2Fcomments&post=2807"}],"version-history":[{"count":4,"href":"https:\/\/www.fo-saint-etienne.fr\/fomunvse\/index.php?rest_route=\/wp\/v2\/posts\/2807\/revisions"}],"predecessor-version":[{"id":2813,"href":"https:\/\/www.fo-saint-etienne.fr\/fomunvse\/index.php?rest_route=\/wp\/v2\/posts\/2807\/revisions\/2813"}],"wp:featuredmedia":[{"embeddable":true,"href":"https:\/\/www.fo-saint-etienne.fr\/fomunvse\/index.php?rest_route=\/wp\/v2\/media\/2691"}],"wp:attachment":[{"href":"https:\/\/www.fo-saint-etienne.fr\/fomunvse\/index.php?rest_route=%2Fwp%2Fv2%2Fmedia&parent=2807"}],"wp:term":[{"taxonomy":"category","embeddable":true,"href":"https:\/\/www.fo-saint-etienne.fr\/fomunvse\/index.php?rest_route=%2Fwp%2Fv2%2Fcategories&post=2807"},{"taxonomy":"post_tag","embeddable":true,"href":"https:\/\/www.fo-saint-etienne.fr\/fomunvse\/index.php?rest_route=%2Fwp%2Fv2%2Ftags&post=2807"}],"curies":[{"name":"wp","href":"https:\/\/api.w.org\/{rel}","templated":true}]}}