{"id":2814,"date":"2025-02-07T17:08:06","date_gmt":"2025-02-07T16:08:06","guid":{"rendered":"http:\/\/www.fo-saint-etienne.fr\/fomunvse\/?p=2814"},"modified":"2025-02-07T17:08:06","modified_gmt":"2025-02-07T16:08:06","slug":"revue-de-presse-article-du-jour-6-fevrier-2025","status":"publish","type":"post","link":"https:\/\/www.fo-saint-etienne.fr\/fomunvse\/?p=2814","title":{"rendered":"Revue de Presse : Article du jour &#8211; 6 F\u00e9vrier 2025"},"content":{"rendered":"<blockquote>\n<h4><span style=\"color: #800080;\"><strong><br \/>\n<span style=\"color: #993366;\">Renforcement du pouvoir des pr\u00e9fets : la r\u00e9forme report\u00e9e sur fond de bras de fer entre Bercy et la Place Beauvau<\/span><\/strong><\/span><\/h4>\n<h4><strong><span style=\"color: #993366;\">Imp\u00f4ts : ce qui change pour les particuliers avec le budget 2025<\/span><\/strong><\/h4>\n<h4><strong><span style=\"color: #993366;\">N\u00e9gociations annuelles obligatoires : dans les premiers accords, des hausses de salaires sup\u00e9rieures \u00e0 l\u2019inflation<\/span><\/strong><\/h4>\n<h4><strong><span style=\"color: #993366;\">La baisse du d\u00e9ficit est-elle surtout li\u00e9e \u00e0 une r\u00e9duction des d\u00e9penses, comme le dit Bayrou, ou \u00e0 une hausse des imp\u00f4ts, comme l\u2019affirme le Medef ?<\/span><\/strong><\/h4>\n<\/blockquote>\n<div class=\"df-element df-lite\"  data-slug=\"\" data-_slug=\"\" data-title=\"revue-de-presse-article-du-jour-6-fevrier-2025\" id=\"df_2818\" data-option=\"df_option_2818\" ><\/div><script class=\"df-shortcode-script\" type=\"application\/javascript\">window.df_option_2818 = {\"source\":\"http:\\\/\\\/www.fo-saint-etienne.fr\\\/fomunvse\\\/wp-content\\\/uploads\\\/2025\\\/02\\\/2025-NEW-modele-ADJ.pdf\",\"viewerType\":\"flipbook\",\"height\":\"auto\",\"slug\":\"\",\"id\":2818}; if(window.DEARPDF && window.DEARPDF.parseElements){window.DEARPDF.parseElements();}<\/script>\n","protected":false},"excerpt":{"rendered":"<p>Renforcement du pouvoir des pr\u00e9fets : la r\u00e9forme report\u00e9e sur fond de bras de fer entre Bercy et la Place Beauvau Imp\u00f4ts : ce qui [&#8230;]<\/p>\n","protected":false},"author":1,"featured_media":2600,"comment_status":"closed","ping_status":"closed","sticky":false,"template":"","format":"standard","meta":{"jetpack_post_was_ever_published":false,"_jetpack_newsletter_access":"","_jetpack_dont_email_post_to_subs":false,"_jetpack_newsletter_tier_id":0,"_jetpack_memberships_contains_paywalled_content":false,"_jetpack_memberships_contains_paid_content":false,"footnotes":""},"categories":[17],"tags":[],"class_list":["post-2814","post","type-post","status-publish","format-standard","has-post-thumbnail","hentry","category-article"],"jetpack_featured_media_url":"https:\/\/i0.wp.com\/www.fo-saint-etienne.fr\/fomunvse\/wp-content\/uploads\/2025\/01\/Article-du-jour_3.png?fit=661%2C215&ssl=1","jetpack_sharing_enabled":true,"jetpack_shortlink":"https:\/\/wp.me\/p9roQz-Jo","jetpack_likes_enabled":false,"publishpress_future_action":{"enabled":false,"date":"2026-05-10 15:10:45","action":"change-status","newStatus":"draft","terms":[],"taxonomy":"category","extraData":[]},"publishpress_future_workflow_manual_trigger":{"enabledWorkflows":[]},"_links":{"self":[{"href":"https:\/\/www.fo-saint-etienne.fr\/fomunvse\/index.php?rest_route=\/wp\/v2\/posts\/2814","targetHints":{"allow":["GET"]}}],"collection":[{"href":"https:\/\/www.fo-saint-etienne.fr\/fomunvse\/index.php?rest_route=\/wp\/v2\/posts"}],"about":[{"href":"https:\/\/www.fo-saint-etienne.fr\/fomunvse\/index.php?rest_route=\/wp\/v2\/types\/post"}],"author":[{"embeddable":true,"href":"https:\/\/www.fo-saint-etienne.fr\/fomunvse\/index.php?rest_route=\/wp\/v2\/users\/1"}],"replies":[{"embeddable":true,"href":"https:\/\/www.fo-saint-etienne.fr\/fomunvse\/index.php?rest_route=%2Fwp%2Fv2%2Fcomments&post=2814"}],"version-history":[{"count":4,"href":"https:\/\/www.fo-saint-etienne.fr\/fomunvse\/index.php?rest_route=\/wp\/v2\/posts\/2814\/revisions"}],"predecessor-version":[{"id":2820,"href":"https:\/\/www.fo-saint-etienne.fr\/fomunvse\/index.php?rest_route=\/wp\/v2\/posts\/2814\/revisions\/2820"}],"wp:featuredmedia":[{"embeddable":true,"href":"https:\/\/www.fo-saint-etienne.fr\/fomunvse\/index.php?rest_route=\/wp\/v2\/media\/2600"}],"wp:attachment":[{"href":"https:\/\/www.fo-saint-etienne.fr\/fomunvse\/index.php?rest_route=%2Fwp%2Fv2%2Fmedia&parent=2814"}],"wp:term":[{"taxonomy":"category","embeddable":true,"href":"https:\/\/www.fo-saint-etienne.fr\/fomunvse\/index.php?rest_route=%2Fwp%2Fv2%2Fcategories&post=2814"},{"taxonomy":"post_tag","embeddable":true,"href":"https:\/\/www.fo-saint-etienne.fr\/fomunvse\/index.php?rest_route=%2Fwp%2Fv2%2Ftags&post=2814"}],"curies":[{"name":"wp","href":"https:\/\/api.w.org\/{rel}","templated":true}]}}