{"id":2860,"date":"2025-02-11T10:03:45","date_gmt":"2025-02-11T09:03:45","guid":{"rendered":"http:\/\/www.fo-saint-etienne.fr\/fomunvse\/?p=2860"},"modified":"2025-02-11T10:05:31","modified_gmt":"2025-02-11T09:05:31","slug":"note-de-reflexion-sndgct-semaine-en-4-jours","status":"publish","type":"post","link":"https:\/\/www.fo-saint-etienne.fr\/fomunvse\/?p=2860","title":{"rendered":"Note de r\u00e9flexion SNDGCT semaine en 4 jours"},"content":{"rendered":"<h3><span style=\"color: #333399;\">Apr\u00e8s l\u2019essor du t\u00e9l\u00e9travail, qui s\u2019est largement diffus\u00e9 avec la gestion de la <\/span><span style=\"color: #333399;\">crise sanitaire, une nouvelle modalit\u00e9\u00a0 d\u2019organisation du travail a \u00e9merg\u00e9,\u00a0 celle de la semaine de 4 jours.<\/span><\/h3>\n<h4><span style=\"color: #993366;\">R\u00e9flexion pilot\u00e9e par Marie-Claude SIVAGNANAM, vice-pr\u00e9sidente du SNDGCT en charge des transitions soci\u00e9tales et manag\u00e9riales, DGS de la Communaut\u00e9 d\u2019Agglom\u00e9ration de Cergy-Pontoise avec la contribution de Brice DAYOT, DGA des services et DGA pr\u00e9figurateur de la Commune Nouvelle de Saint-Denis, Pierrefitte-sur-Seine, Bruno MAGGUILLI, DGS de Suresnes et Sandra RAMBLA-MAURY, DGS de Saint-Cyr-au-Mont-d\u2019Or.<\/span><\/h4>\n<h4><span style=\"color: #993366;\">\u00a0<\/span><\/h4>\n<div class=\"df-element df-lite\"  data-slug=\"\" data-_slug=\"\" data-title=\"note-de-reflexion-sndgct-semaine-en-4-jours\" id=\"df_2848\" data-option=\"df_option_2848\" ><\/div><script class=\"df-shortcode-script\" type=\"application\/javascript\">window.df_option_2848 = {\"source\":\"http:\\\/\\\/www.fo-saint-etienne.fr\\\/fomunvse\\\/wp-content\\\/uploads\\\/2025\\\/02\\\/Note-de-reflexion-sndgct-semaine-en-4-jours.pdf\",\"viewerType\":\"flipbook\",\"height\":\"auto\",\"slug\":\"\",\"id\":2848}; if(window.DEARPDF && window.DEARPDF.parseElements){window.DEARPDF.parseElements();}<\/script>\n","protected":false},"excerpt":{"rendered":"<p>Apr\u00e8s l\u2019essor du t\u00e9l\u00e9travail, qui s\u2019est largement diffus\u00e9 avec la gestion de la crise sanitaire, une nouvelle modalit\u00e9\u00a0 d\u2019organisation du travail a \u00e9merg\u00e9,\u00a0 celle de [&#8230;]<\/p>\n","protected":false},"author":1,"featured_media":2787,"comment_status":"closed","ping_status":"closed","sticky":false,"template":"","format":"standard","meta":{"jetpack_post_was_ever_published":false,"_jetpack_newsletter_access":"","_jetpack_dont_email_post_to_subs":false,"_jetpack_newsletter_tier_id":0,"_jetpack_memberships_contains_paywalled_content":false,"_jetpack_memberships_contains_paid_content":false,"footnotes":""},"categories":[17],"tags":[],"class_list":["post-2860","post","type-post","status-publish","format-standard","has-post-thumbnail","hentry","category-article"],"jetpack_featured_media_url":"https:\/\/i0.wp.com\/www.fo-saint-etienne.fr\/fomunvse\/wp-content\/uploads\/2025\/02\/JurisMemo2-1.png?fit=900%2C267&ssl=1","jetpack_sharing_enabled":true,"jetpack_shortlink":"https:\/\/wp.me\/p9roQz-K8","jetpack_likes_enabled":false,"publishpress_future_action":{"enabled":false,"date":"2026-05-09 13:43:07","action":"change-status","newStatus":"draft","terms":[],"taxonomy":"category","extraData":[]},"publishpress_future_workflow_manual_trigger":{"enabledWorkflows":[]},"_links":{"self":[{"href":"https:\/\/www.fo-saint-etienne.fr\/fomunvse\/index.php?rest_route=\/wp\/v2\/posts\/2860","targetHints":{"allow":["GET"]}}],"collection":[{"href":"https:\/\/www.fo-saint-etienne.fr\/fomunvse\/index.php?rest_route=\/wp\/v2\/posts"}],"about":[{"href":"https:\/\/www.fo-saint-etienne.fr\/fomunvse\/index.php?rest_route=\/wp\/v2\/types\/post"}],"author":[{"embeddable":true,"href":"https:\/\/www.fo-saint-etienne.fr\/fomunvse\/index.php?rest_route=\/wp\/v2\/users\/1"}],"replies":[{"embeddable":true,"href":"https:\/\/www.fo-saint-etienne.fr\/fomunvse\/index.php?rest_route=%2Fwp%2Fv2%2Fcomments&post=2860"}],"version-history":[{"count":6,"href":"https:\/\/www.fo-saint-etienne.fr\/fomunvse\/index.php?rest_route=\/wp\/v2\/posts\/2860\/revisions"}],"predecessor-version":[{"id":2866,"href":"https:\/\/www.fo-saint-etienne.fr\/fomunvse\/index.php?rest_route=\/wp\/v2\/posts\/2860\/revisions\/2866"}],"wp:featuredmedia":[{"embeddable":true,"href":"https:\/\/www.fo-saint-etienne.fr\/fomunvse\/index.php?rest_route=\/wp\/v2\/media\/2787"}],"wp:attachment":[{"href":"https:\/\/www.fo-saint-etienne.fr\/fomunvse\/index.php?rest_route=%2Fwp%2Fv2%2Fmedia&parent=2860"}],"wp:term":[{"taxonomy":"category","embeddable":true,"href":"https:\/\/www.fo-saint-etienne.fr\/fomunvse\/index.php?rest_route=%2Fwp%2Fv2%2Fcategories&post=2860"},{"taxonomy":"post_tag","embeddable":true,"href":"https:\/\/www.fo-saint-etienne.fr\/fomunvse\/index.php?rest_route=%2Fwp%2Fv2%2Ftags&post=2860"}],"curies":[{"name":"wp","href":"https:\/\/api.w.org\/{rel}","templated":true}]}}