{"id":2867,"date":"2025-02-11T10:10:12","date_gmt":"2025-02-11T09:10:12","guid":{"rendered":"http:\/\/www.fo-saint-etienne.fr\/fomunvse\/?p=2867"},"modified":"2025-02-11T10:11:07","modified_gmt":"2025-02-11T09:11:07","slug":"fonction-publique-le-gouvernement-accelere-sur-la-baisse-de-lindemnisation-des-arrets-maladie","status":"publish","type":"post","link":"https:\/\/www.fo-saint-etienne.fr\/fomunvse\/?p=2867","title":{"rendered":"Fonction publique : le gouvernement acc\u00e9l\u00e8re sur la baisse de l\u2019indemnisation des arr\u00eats maladie"},"content":{"rendered":"<h3><span style=\"color: #333399;\">Laurent Marcangeli compte soumettre au Conseil commun de la fonction publique du 11 f\u00e9vrier les projets de d\u00e9cret r\u00e9duisant l\u2019indemnisation des contractuels durant leurs arr\u00eats maladie.<\/span><\/h3>\n<h3><span style=\"color: #333399;\">La mesure n\u2019a pourtant pas encore \u00e9t\u00e9 d\u00e9finitivement act\u00e9e par le Parlement pour les fonctionnaires.<\/span><\/h3>\n<h3><span style=\"color: #333399;\"><strong>Les syndicats r\u00e9clament le retrait de ces textes.<\/strong><\/span><\/h3>\n<div class=\"df-element df-lite\"  data-slug=\"\" data-_slug=\"\" data-title=\"indemnisation-des-arrets-maladie-fp\" id=\"df_2851\" data-option=\"df_option_2851\" ><\/div><script class=\"df-shortcode-script\" type=\"application\/javascript\">window.df_option_2851 = {\"source\":\"http:\\\/\\\/www.fo-saint-etienne.fr\\\/fomunvse\\\/wp-content\\\/uploads\\\/2025\\\/02\\\/Indemnisation-des-arrets-maladie-FP.pdf\",\"viewerType\":\"flipbook\",\"height\":\"auto\",\"slug\":\"\",\"id\":2851}; if(window.DEARPDF && window.DEARPDF.parseElements){window.DEARPDF.parseElements();}<\/script>\n","protected":false},"excerpt":{"rendered":"<p>Laurent Marcangeli compte soumettre au Conseil commun de la fonction publique du 11 f\u00e9vrier les projets de d\u00e9cret r\u00e9duisant l\u2019indemnisation des contractuels durant leurs arr\u00eats [&#8230;]<\/p>\n","protected":false},"author":1,"featured_media":2605,"comment_status":"closed","ping_status":"closed","sticky":false,"template":"","format":"standard","meta":{"jetpack_post_was_ever_published":false,"_jetpack_newsletter_access":"","_jetpack_dont_email_post_to_subs":false,"_jetpack_newsletter_tier_id":0,"_jetpack_memberships_contains_paywalled_content":false,"_jetpack_memberships_contains_paid_content":false,"footnotes":""},"categories":[17],"tags":[],"class_list":["post-2867","post","type-post","status-publish","format-standard","has-post-thumbnail","hentry","category-article"],"jetpack_featured_media_url":"https:\/\/i0.wp.com\/www.fo-saint-etienne.fr\/fomunvse\/wp-content\/uploads\/2025\/01\/arret_maladie-1.jpg?fit=920%2C520&ssl=1","jetpack_sharing_enabled":true,"jetpack_shortlink":"https:\/\/wp.me\/p9roQz-Kf","jetpack_likes_enabled":false,"publishpress_future_action":{"enabled":false,"date":"2026-05-09 12:16:41","action":"change-status","newStatus":"draft","terms":[],"taxonomy":"category","extraData":[]},"publishpress_future_workflow_manual_trigger":{"enabledWorkflows":[]},"_links":{"self":[{"href":"https:\/\/www.fo-saint-etienne.fr\/fomunvse\/index.php?rest_route=\/wp\/v2\/posts\/2867","targetHints":{"allow":["GET"]}}],"collection":[{"href":"https:\/\/www.fo-saint-etienne.fr\/fomunvse\/index.php?rest_route=\/wp\/v2\/posts"}],"about":[{"href":"https:\/\/www.fo-saint-etienne.fr\/fomunvse\/index.php?rest_route=\/wp\/v2\/types\/post"}],"author":[{"embeddable":true,"href":"https:\/\/www.fo-saint-etienne.fr\/fomunvse\/index.php?rest_route=\/wp\/v2\/users\/1"}],"replies":[{"embeddable":true,"href":"https:\/\/www.fo-saint-etienne.fr\/fomunvse\/index.php?rest_route=%2Fwp%2Fv2%2Fcomments&post=2867"}],"version-history":[{"count":4,"href":"https:\/\/www.fo-saint-etienne.fr\/fomunvse\/index.php?rest_route=\/wp\/v2\/posts\/2867\/revisions"}],"predecessor-version":[{"id":2871,"href":"https:\/\/www.fo-saint-etienne.fr\/fomunvse\/index.php?rest_route=\/wp\/v2\/posts\/2867\/revisions\/2871"}],"wp:featuredmedia":[{"embeddable":true,"href":"https:\/\/www.fo-saint-etienne.fr\/fomunvse\/index.php?rest_route=\/wp\/v2\/media\/2605"}],"wp:attachment":[{"href":"https:\/\/www.fo-saint-etienne.fr\/fomunvse\/index.php?rest_route=%2Fwp%2Fv2%2Fmedia&parent=2867"}],"wp:term":[{"taxonomy":"category","embeddable":true,"href":"https:\/\/www.fo-saint-etienne.fr\/fomunvse\/index.php?rest_route=%2Fwp%2Fv2%2Fcategories&post=2867"},{"taxonomy":"post_tag","embeddable":true,"href":"https:\/\/www.fo-saint-etienne.fr\/fomunvse\/index.php?rest_route=%2Fwp%2Fv2%2Ftags&post=2867"}],"curies":[{"name":"wp","href":"https:\/\/api.w.org\/{rel}","templated":true}]}}