{"id":2939,"date":"2025-02-18T10:11:52","date_gmt":"2025-02-18T09:11:52","guid":{"rendered":"http:\/\/www.fo-saint-etienne.fr\/fomunvse\/?p=2939"},"modified":"2025-02-18T10:17:39","modified_gmt":"2025-02-18T09:17:39","slug":"retraites-le-retour-des-idees-dangereuses","status":"publish","type":"post","link":"https:\/\/www.fo-saint-etienne.fr\/fomunvse\/?p=2939","title":{"rendered":"Retraites : le retour des id\u00e9es dangereuses"},"content":{"rendered":"<h4><span style=\"color: #333399;\"><strong>Alors que la Cour des comptes doit, \u00e0 la demande du Premier ministre, remettre son rapport sur la situation financi\u00e8re du syst\u00e8me de retraite le 19 f\u00e9vrier, dans sa lettre de mission adress\u00e9e \u00e0 Pierre Moscovici, Premier pr\u00e9sident de l\u2019institution, Fran\u00e7ois Bayrou persiste et signe.<\/strong><\/span><\/h4>\n<h4><span style=\"color: #333399;\"><strong>Il demande un diagnostic financier portant sur l\u2019ensemble du syst\u00e8me, consid\u00e9r\u00e9 comme un tout, englobant les r\u00e9gimes de base et compl\u00e9mentaires des salari\u00e9s du priv\u00e9 et des non-salari\u00e9s, ainsi que le syst\u00e8me de retraite des agents publics.<\/strong><\/span><\/h4>\n<h4><strong><span style=\"color: #333399;\">Pour cet ensemble priv\u00e9 et public m\u00eal\u00e9, et gravement en d\u00e9ficit selon le Premier ministre, l\u2019\u00c9tat doit, toujours selon Fran\u00e7ois Bayrou, emprunter 40 \u00e0 45 milliards d\u2019euros par an pour r\u00e9\u00e9quilibrer l\u2019ensemble.<\/span><\/strong><\/h4>\n<h4><strong><span style=\"color: #333399;\">Ce chiffre, tr\u00e8s critiqu\u00e9, a d\u00e9j\u00e0 amen\u00e9 FO \u00e0 rappeler qu\u2019il n\u2019\u00e9tait pas question que le priv\u00e9 finance les retraites de l\u2019\u00c9tat, et que c\u2019est le devoir de ce dernier de financer les pensions des agents publics. Si le gouvernement continue de vouloir lier les retraites du public et du priv\u00e9, ce sera sans nous, a d\u2019ailleurs averti Fr\u00e9d\u00e9ric Souillot, le secr\u00e9taire g\u00e9n\u00e9ral de FO.<\/span><\/strong><br \/>\n<strong><span style=\"color: #333399;\">Le projet avort\u00e9 de r\u00e9forme de retraite \u00e0 points, syst\u00e8me dont Fran\u00e7ois Bayrou est un ardent partisan, relevait de cette philosophie du m\u00e9lange. Une vision extr\u00eamement dangereuse, qui avait conduit FO \u00e0 combattre ce projet en 2019-2020.<\/span><\/strong><\/h4>\n<h4><strong><span style=\"color: #333399;\">Par ailleurs, dans un syst\u00e8me \u00e0 points, exit la solidarit\u00e9 interg\u00e9n\u00e9rationnelle inh\u00e9rente au syst\u00e8me par r\u00e9partition. La logique \u00e0 points fait aussi dispara\u00eetre les droits \u00e0 pension calcul\u00e9s sur les trimestres et les meilleures ann\u00e9es de la carri\u00e8re. Il n\u2019y a plus de montant garanti de la pension. Le syst\u00e8me d\u00e9pend \u00e0 la fois du nombre de points acquis et de la valeur de service du point (la valeur de revente du point, pour une transformation en pension).<\/span><\/strong><\/h4>\n<h4><strong><span style=\"color: #333399;\">La r\u00e9forme pr\u00e9voyait que la valeur de ce point de service soit d\u00e9finie au niveau de l\u2019\u00c9tat et en fonction de param\u00e8tres \u00e9conomiques. Dans un tel syst\u00e8me, les pensions pourraient donc varier et se r\u00e9duire au minimum. Et cela ouvrirait grand les portes \u00e0 la contrainte d\u2019une \u00e9pargne individuelle&#8230; Pour ceux qui en ont les moyens.<\/span><\/strong><\/h4>\n<h3 style=\"text-align: center;\"><span style=\"color: #800000;\"><strong>Pour FO, faire reposer les retraites sur la capitalisation, c\u2019est non !<\/strong><\/span><\/h3>\n<h4><span style=\"color: #333399;\"><strong>La piste d\u2019un syst\u00e8me de retraite par capitalisation ressurgit d\u2019ailleurs actuellement.<\/strong><\/span><br \/>\n<span style=\"color: #333399;\"><strong>Arguant d\u2019un d\u00e9ficit des r\u00e9gimes et visant toujours plus une baisse du co\u00fbt du travail, le patronat \u2015 notamment le Medef et la CPME \u2015 pousse en ce sens et l\u2019a fait savoir au Premier ministre.<\/strong><\/span><\/h4>\n<h4><span style=\"color: #333399;\"><strong>Ce d\u00e9bat sur la capitalisation risque de revenir dans les prochaines discussions, s\u2019inqui\u00e8te Michel Beaugas, secr\u00e9taire conf\u00e9d\u00e9ral FO charg\u00e9 de l\u2019emploi et des retraites. Il rappelle l\u2019opposition totale de FO \u00e0 cette notion, qui rompt avec l\u2019\u00e9galit\u00e9 financi\u00e8re et sociale propre au syst\u00e8me par r\u00e9partition.<\/strong><\/span><\/h4>\n<p style=\"text-align: right;\"><a href=\"https:\/\/www.foterritoriaux.fr\/actus\/i\/86580072\/retraites-le-retour-des-idees-dangereuses\" target=\"_blank\" rel=\"noopener\"><span style=\"color: #800080;\">18 f\u00e9vrier 2025<\/span><\/a><br \/>\n<a href=\"https:\/\/www.foterritoriaux.fr\/actus\/i\/86580072\/retraites-le-retour-des-idees-dangereuses\" target=\"_blank\" rel=\"noopener\"><strong><span style=\"color: #800080;\">Ariane DUPR\u00c9<\/span><\/strong><\/a><br \/>\n<a href=\"https:\/\/www.foterritoriaux.fr\/actus\/i\/86580072\/retraites-le-retour-des-idees-dangereuses\" target=\"_blank\" rel=\"noopener\"><span style=\"color: #800080;\">pour l\u2019InFO militante<\/span><\/a><\/p>\n","protected":false},"excerpt":{"rendered":"<p>Alors que la Cour des comptes doit, \u00e0 la demande du Premier ministre, remettre son rapport sur la situation financi\u00e8re du syst\u00e8me de retraite le [&#8230;]<\/p>\n","protected":false},"author":1,"featured_media":2943,"comment_status":"closed","ping_status":"closed","sticky":false,"template":"","format":"standard","meta":{"jetpack_post_was_ever_published":false,"_jetpack_newsletter_access":"","_jetpack_dont_email_post_to_subs":false,"_jetpack_newsletter_tier_id":0,"_jetpack_memberships_contains_paywalled_content":false,"_jetpack_memberships_contains_paid_content":false,"footnotes":""},"categories":[17],"tags":[],"class_list":["post-2939","post","type-post","status-publish","format-standard","has-post-thumbnail","hentry","category-article"],"jetpack_featured_media_url":"https:\/\/i0.wp.com\/www.fo-saint-etienne.fr\/fomunvse\/wp-content\/uploads\/2025\/02\/Retraites-_-le-retour-des-idees-dangereuses.png?fit=900%2C506&ssl=1","jetpack_sharing_enabled":true,"jetpack_shortlink":"https:\/\/wp.me\/p9roQz-Lp","jetpack_likes_enabled":false,"publishpress_future_action":{"enabled":false,"date":"2026-05-10 14:00:47","action":"change-status","newStatus":"draft","terms":[],"taxonomy":"category","extraData":[]},"publishpress_future_workflow_manual_trigger":{"enabledWorkflows":[]},"_links":{"self":[{"href":"https:\/\/www.fo-saint-etienne.fr\/fomunvse\/index.php?rest_route=\/wp\/v2\/posts\/2939","targetHints":{"allow":["GET"]}}],"collection":[{"href":"https:\/\/www.fo-saint-etienne.fr\/fomunvse\/index.php?rest_route=\/wp\/v2\/posts"}],"about":[{"href":"https:\/\/www.fo-saint-etienne.fr\/fomunvse\/index.php?rest_route=\/wp\/v2\/types\/post"}],"author":[{"embeddable":true,"href":"https:\/\/www.fo-saint-etienne.fr\/fomunvse\/index.php?rest_route=\/wp\/v2\/users\/1"}],"replies":[{"embeddable":true,"href":"https:\/\/www.fo-saint-etienne.fr\/fomunvse\/index.php?rest_route=%2Fwp%2Fv2%2Fcomments&post=2939"}],"version-history":[{"count":9,"href":"https:\/\/www.fo-saint-etienne.fr\/fomunvse\/index.php?rest_route=\/wp\/v2\/posts\/2939\/revisions"}],"predecessor-version":[{"id":2949,"href":"https:\/\/www.fo-saint-etienne.fr\/fomunvse\/index.php?rest_route=\/wp\/v2\/posts\/2939\/revisions\/2949"}],"wp:featuredmedia":[{"embeddable":true,"href":"https:\/\/www.fo-saint-etienne.fr\/fomunvse\/index.php?rest_route=\/wp\/v2\/media\/2943"}],"wp:attachment":[{"href":"https:\/\/www.fo-saint-etienne.fr\/fomunvse\/index.php?rest_route=%2Fwp%2Fv2%2Fmedia&parent=2939"}],"wp:term":[{"taxonomy":"category","embeddable":true,"href":"https:\/\/www.fo-saint-etienne.fr\/fomunvse\/index.php?rest_route=%2Fwp%2Fv2%2Fcategories&post=2939"},{"taxonomy":"post_tag","embeddable":true,"href":"https:\/\/www.fo-saint-etienne.fr\/fomunvse\/index.php?rest_route=%2Fwp%2Fv2%2Ftags&post=2939"}],"curies":[{"name":"wp","href":"https:\/\/api.w.org\/{rel}","templated":true}]}}