{"id":2952,"date":"2025-02-24T07:00:49","date_gmt":"2025-02-24T06:00:49","guid":{"rendered":"http:\/\/www.fo-saint-etienne.fr\/fomunvse\/?p=2952"},"modified":"2025-02-24T09:10:53","modified_gmt":"2025-02-24T08:10:53","slug":"le-nouveau-regime-indemnitaire-de-la-police-municipale-divise","status":"publish","type":"post","link":"https:\/\/www.fo-saint-etienne.fr\/fomunvse\/?p=2952","title":{"rendered":"Le nouveau r\u00e9gime indemnitaire de la police municipale divise"},"content":{"rendered":"<h4><span style=\"color: #333399;\"><strong>Depuis le 1er janvier, les policiers municipaux b\u00e9n\u00e9ficient d\u2019un nouveau r\u00e9gime indemnitaire. Fruit des n\u00e9gociations entre les syndicats et le pr\u00e9c\u00e9dent gouvernement, sa mise en \u0153uvre se fait de mani\u00e8re disparate.<\/strong><\/span><\/h4>\n<h4><span style=\"color: #800080;\">Apr\u00e8s plusieurs mois d\u2019\u00e2pres n\u00e9gociations entre les organisations\u00a0 syndicales et le gouvernement, le nouveau r\u00e9gime indemnitaire ISFE des policiers municipaux est entr\u00e9\u00a0 en vigueur le 1er janvier 2025.<\/span><\/h4>\n<h4><span style=\"color: #800080;\">Non sans quelques grincements de dents, des gr\u00e8ves et un surcro\u00eet de travail pour les services des RH&#8230;<\/span><\/h4>\n<h4><span style=\"color: #333399;\"><strong>\u00ab Mais, parmi nos collectivit\u00e9s adh\u00e9rentes, sept sur dix ont \u00e9t\u00e9 au rendez-vous et ont d\u00e9lib\u00e9r\u00e9 avant les vacances de No\u00ebl \u00bb, se f\u00e9licite Bastien Taloc, conseiller \u00ab FPT \u00bb \u00e0 France Urbaine, qui souligne la difficult\u00e9 de l\u2019exercice en un laps de temps tr\u00e8s court : Le d\u00e9cret ayant \u00e9t\u00e9 sign\u00e9 fin juin, les collectivit\u00e9s n\u2019ont en r\u00e9alit\u00e9 eu que trois ou quatre mois pour faire des propositions aux organisations syndicales, les n\u00e9gocier, passer en CST, puis en conseil municipal. C\u2019\u00e9tait irr\u00e9aliste ! \u00bb<br \/>\nDes efforts tr\u00e8s divers.<br \/>\n<\/strong><\/span><\/h4>\n<h2><strong><span style=\"color: #993300;\">FOCUS<\/span><\/strong><\/h2>\n<h4><span style=\"color: #333333;\">U<strong>ne part fixe et une part variable.<br \/>\n<\/strong><\/span><span style=\"color: #333333;\"><strong>La r\u00e9forme du r\u00e9gime indemnitaire, act\u00e9e par le d\u00e9cret du 28 juin 2024, doit permettre <\/strong><\/span><span style=\"color: #333333;\"><strong>aux 28 000 policiers municipaux et gardes champ\u00eatres de voir leur r\u00e9mun\u00e9ration \u00e9voluer.<br \/>\n<\/strong><\/span><br \/>\n<span style=\"color: #333333;\"><strong>Concr\u00e8tement, la prime de police a \u00e9t\u00e9 r\u00e9\u00e9valu\u00e9e comme suit : <\/strong><\/span><\/h4>\n<blockquote>\n<h4><span style=\"color: #333333;\"><strong><br \/>\n30 % pour les agents de la <\/strong><\/span><span style=\"color: #333333;\"><strong>cat\u00e9gorie C (soit 94 % des agents),<br \/>\n32 % pour ceux de la\u00a0 cat\u00e9gorie B et<br \/>\n33 % pour ceux <\/strong><\/span><span style=\"color: #333333;\"><strong>de la cat\u00e9gorie A.<\/strong><\/span><\/h4>\n<p>L\u2019indemnisation d\u2019administration et de technicit\u00e9 dispara\u00eet, remplac\u00e9e<\/p>\n<h4><span style=\"color: #333333;\"><strong>par une part forfaitaire li\u00e9e \u00e0 l\u2019engagement et \u00e0 la mani\u00e8re de servir avec des plafonds <\/strong><\/span><span style=\"color: #333333;\"><strong>r\u00e9\u00e9valu\u00e9s :\u00a0<\/strong><\/span><\/h4>\n<h4><span style=\"color: #333333;\"><strong><br \/>\n5 000 euros de plafond pour les agents \u00ab C \u00bb ;<br \/>\n7 000 euros pour les agents \u00ab B <\/strong><\/span><span style=\"color: #333333;\"><strong>\u00bb ;<br \/>\n9 500 euros pour les agents \u00ab A \u00bb.<\/strong><\/span><\/h4>\n<\/blockquote>\n<p><!--more--><\/p>\n<div class=\"df-element df-lite\"  data-slug=\"\" data-_slug=\"\" data-title=\"le-nouveau-regime-indemnitaire-de-la-police-municipale-divise\" id=\"df_2950\" data-option=\"df_option_2950\" ><\/div><script class=\"df-shortcode-script\" type=\"application\/javascript\">window.df_option_2950 = {\"source\":\"http:\\\/\\\/www.fo-saint-etienne.fr\\\/fomunvse\\\/wp-content\\\/uploads\\\/2025\\\/02\\\/Le-nouveau-regime-indemnitaire-de-la-police-municipale-divise.pdf\",\"viewerType\":\"flipbook\",\"height\":\"auto\",\"slug\":\"\",\"id\":2950}; if(window.DEARPDF && window.DEARPDF.parseElements){window.DEARPDF.parseElements();}<\/script>\n","protected":false},"excerpt":{"rendered":"<p>Depuis le 1er janvier, les policiers municipaux b\u00e9n\u00e9ficient d\u2019un nouveau r\u00e9gime indemnitaire. Fruit des n\u00e9gociations entre les syndicats et le pr\u00e9c\u00e9dent gouvernement, sa mise en [&#8230;]<\/p>\n","protected":false},"author":1,"featured_media":2713,"comment_status":"closed","ping_status":"closed","sticky":false,"template":"","format":"standard","meta":{"jetpack_post_was_ever_published":false,"_jetpack_newsletter_access":"","_jetpack_dont_email_post_to_subs":false,"_jetpack_newsletter_tier_id":0,"_jetpack_memberships_contains_paywalled_content":false,"_jetpack_memberships_contains_paid_content":false,"footnotes":""},"categories":[17],"tags":[],"class_list":["post-2952","post","type-post","status-publish","format-standard","has-post-thumbnail","hentry","category-article"],"jetpack_featured_media_url":"https:\/\/i0.wp.com\/www.fo-saint-etienne.fr\/fomunvse\/wp-content\/uploads\/2025\/01\/La-gazette-des-communes2.png?fit=761%2C70&ssl=1","jetpack_sharing_enabled":true,"jetpack_shortlink":"https:\/\/wp.me\/p9roQz-LC","jetpack_likes_enabled":false,"publishpress_future_action":{"enabled":false,"date":"2026-05-10 13:56:19","action":"change-status","newStatus":"draft","terms":[],"taxonomy":"category","extraData":[]},"publishpress_future_workflow_manual_trigger":{"enabledWorkflows":[]},"_links":{"self":[{"href":"https:\/\/www.fo-saint-etienne.fr\/fomunvse\/index.php?rest_route=\/wp\/v2\/posts\/2952","targetHints":{"allow":["GET"]}}],"collection":[{"href":"https:\/\/www.fo-saint-etienne.fr\/fomunvse\/index.php?rest_route=\/wp\/v2\/posts"}],"about":[{"href":"https:\/\/www.fo-saint-etienne.fr\/fomunvse\/index.php?rest_route=\/wp\/v2\/types\/post"}],"author":[{"embeddable":true,"href":"https:\/\/www.fo-saint-etienne.fr\/fomunvse\/index.php?rest_route=\/wp\/v2\/users\/1"}],"replies":[{"embeddable":true,"href":"https:\/\/www.fo-saint-etienne.fr\/fomunvse\/index.php?rest_route=%2Fwp%2Fv2%2Fcomments&post=2952"}],"version-history":[{"count":9,"href":"https:\/\/www.fo-saint-etienne.fr\/fomunvse\/index.php?rest_route=\/wp\/v2\/posts\/2952\/revisions"}],"predecessor-version":[{"id":2961,"href":"https:\/\/www.fo-saint-etienne.fr\/fomunvse\/index.php?rest_route=\/wp\/v2\/posts\/2952\/revisions\/2961"}],"wp:featuredmedia":[{"embeddable":true,"href":"https:\/\/www.fo-saint-etienne.fr\/fomunvse\/index.php?rest_route=\/wp\/v2\/media\/2713"}],"wp:attachment":[{"href":"https:\/\/www.fo-saint-etienne.fr\/fomunvse\/index.php?rest_route=%2Fwp%2Fv2%2Fmedia&parent=2952"}],"wp:term":[{"taxonomy":"category","embeddable":true,"href":"https:\/\/www.fo-saint-etienne.fr\/fomunvse\/index.php?rest_route=%2Fwp%2Fv2%2Fcategories&post=2952"},{"taxonomy":"post_tag","embeddable":true,"href":"https:\/\/www.fo-saint-etienne.fr\/fomunvse\/index.php?rest_route=%2Fwp%2Fv2%2Ftags&post=2952"}],"curies":[{"name":"wp","href":"https:\/\/api.w.org\/{rel}","templated":true}]}}