{"id":2999,"date":"2025-02-24T08:00:06","date_gmt":"2025-02-24T07:00:06","guid":{"rendered":"http:\/\/www.fo-saint-etienne.fr\/fomunvse\/?p=2999"},"modified":"2025-02-23T10:48:26","modified_gmt":"2025-02-23T09:48:26","slug":"pourquoi-fo-ne-participera-pas-au-beauvau-de-la-police-municipale-a-lyon","status":"publish","type":"post","link":"https:\/\/www.fo-saint-etienne.fr\/fomunvse\/?p=2999","title":{"rendered":"Pourquoi FO ne participera pas au Beauvau de la Police Municipale \u00e0 Lyon ?"},"content":{"rendered":"<h4 style=\"text-align: left;\"><span style=\"color: #333399;\"><strong>Consid\u00e9rant que les conditions indispensables \u00e0 un v\u00e9ritable dialogue social ne sont pas r\u00e9unies, refusant de cautionner une d\u00e9marche qui ne garantit ni avanc\u00e9es concr\u00e8tes ni respect des engagements pris. Force Ouvri\u00e8re Police Municipale annonce officiellement qu&rsquo;il ne prendra pas part au Beauvau de la Police Municipale \u00e0 Lyon.<\/strong><\/span><\/h4>\n<h4><span style=\"color: #993366;\"><strong>FO a \u00e9t\u00e9 jusqu\u2019alors un acteur majeur dans la construction des Beauvau consacr\u00e9s \u00e0 la police municipale, cependant force est de reconnaitre que le gouvernement n\u2019est int\u00e9ress\u00e9 que sur le seul fait d\u2019ajouter des pr\u00e9rogatives suppl\u00e9mentaires aux polices municipales.<\/strong> <\/span><\/h4>\n<h4 style=\"text-align: left;\"><span style=\"color: #333399;\"><strong>Si nous sommes ouverts \u00e0 certaines mesures, celles-ci doivent \u00eatre pr\u00e9c\u00e9d\u00e9es de garanties sur le volet social (r\u00e9mun\u00e9rations, am\u00e9lioration des carri\u00e8res, reconnaissance de la fili\u00e8re, conditions d\u2019acc\u00e8s \u00e0 la retraite&#8230;).<\/strong><\/span><span style=\"color: #333333;\"><strong><br \/>\n<\/strong><\/span><\/h4>\n<h3 style=\"text-align: center;\"><span style=\"color: #333333;\"><strong>Un <\/strong><strong>rendez-vous d\u00e9voy\u00e9 de ses objectifs initiaux<\/strong><\/span><\/h3>\n<h4><span style=\"color: #993366;\"><strong>Initialement con\u00e7u pour d\u00e9battre du volet social (r\u00e9mun\u00e9ration, carri\u00e8re, retraites) et du <\/strong><\/span><span style=\"color: #993366;\"><strong>statut des policiers municipaux, ce Beauvau \u00e9tait cens\u00e9 \u00eatre un tournant d\u00e9cisif pour l&rsquo;avenir <\/strong><\/span><span style=\"color: #993366;\"><strong>de notre profession. Il devait permettre d&rsquo;ouvrir des discussions essentielles, notamment sur <\/strong><\/span><span style=\"color: #993366;\"><strong>la question des retraites, sujet valid\u00e9 en son temps par le conseiller social du Premier ministre.<br \/>\n<\/strong><\/span><br \/>\n<span style=\"color: #333399;\"><strong>Cependant, \u00e0 la suite des diff\u00e9rentes dissolutions gouvernementales et des revirements <\/strong><\/span><span style=\"color: #993366;\"><strong><span style=\"color: #333399;\">politiques, les engagements pris ont \u00e9t\u00e9 progressivement vid\u00e9s de leur substance.<\/span><\/strong><\/span><\/h4>\n<h4><strong><span style=\"color: #993366;\">Nous constatons une absence totale de garanties sociales et un dialogue social qui, loin d&rsquo;\u00eatre renforc\u00e9, est aujourd&rsquo;hui inexistant.<\/span><\/strong><br \/>\n<strong><span style=\"color: #993366;\">Nos revendications restent sans r\u00e9ponse, Force Ouvri\u00e8re Police Municipale a toujours affirm\u00e9 une position claire : nous n&rsquo;accepterons aucune nouvelle pr\u00e9rogative sans engagements fermes.<\/span><\/strong><\/h4>\n<h3 style=\"text-align: center;\">Nos revendications restent sans r\u00e9ponse<\/h3>\n<h4><span style=\"color: #993366;\"><strong>Force Ouvri\u00e8re Police Municipale a toujours affirm\u00e9 une position claire : nous n&rsquo;accepterons <\/strong><\/span><span style=\"color: #993366;\"><strong>aucune nouvelle pr\u00e9rogative sans engagements fermes sur des avanc\u00e9es sociales r\u00e9elles et <\/strong><\/span><span style=\"color: #993366;\"><strong>durables. Parmi nos exigences incontournables :<\/strong><\/span><\/h4>\n<blockquote>\n<h4><span style=\"color: #993300;\"><strong>Am\u00e9lioration des conditions de d\u00e9part \u00e0 la retraite.<br \/>\n<\/strong><\/span><br \/>\n<span style=\"color: #993300;\"><strong>Une reconnaissance de la p\u00e9nibilit\u00e9 et des risques de la fili\u00e8re police municipale.<br \/>\n<\/strong><\/span><br \/>\n<span style=\"color: #333399;\"><strong><span style=\"color: #993300;\">Le passage en cat\u00e9gorie sup\u00e9rieure :<\/span> une revalorisation statutaire \u00e0 la hauteur des <\/strong><\/span><span style=\"color: #333399;\"><strong>missions et des responsabilit\u00e9s exerc\u00e9es.<br \/>\n<\/strong><\/span><br \/>\n<span style=\"color: #333399;\"><strong><span style=\"color: #993300;\">L&rsquo;\u00e9volution des grilles indiciaires :<\/span> une r\u00e9\u00e9valuation juste et \u00e9quitable des salaires.<br \/>\n<\/strong><\/span><br \/>\n<span style=\"color: #333399;\"><strong><span style=\"color: #993300;\">Le d\u00e9gel du point d&rsquo;indice :<\/span> une mesure essentielle pour pr\u00e9server notre pouvoir d&rsquo;achat.<br \/>\n<\/strong><\/span><br \/>\n<span style=\"color: #333399;\"><strong><span style=\"color: #993300;\">Protection sociale<\/span><br \/>\n<\/strong><\/span><br \/>\n<span style=\"color: #333399;\"><strong><span style=\"color: #993300;\">D&rsquo;autres avanc\u00e9es sociales indispensables<\/span> : reconnaissance des missions accrues, respect <\/strong><\/span><span style=\"color: #333399;\"><strong>des conditions de travail et consolidation de nos droits<br \/>\n<\/strong><\/span><br \/>\n<span style=\"color: #993300;\"><strong>Le respect des institutions (C.C.P.M.)<\/strong><\/span><\/h4>\n<\/blockquote>\n<h3 style=\"text-align: center;\"><strong>Une r\u00e9union de pure forme ne r\u00e9soudra rien<\/strong><\/h3>\n<h4 style=\"text-align: left;\"><span style=\"color: #800080;\"><strong>Nous refusons de participer \u00e0 une mascarade o\u00f9 les d\u00e9cisions sont prises sans consultation <\/strong><\/span><span style=\"color: #800080;\"><strong>r\u00e9elle des syndicats repr\u00e9sentatifs, seuls repr\u00e9sentants des agents territoriaux d\u00e9mocratiquement \u00e9lus et habilit\u00e9s \u00e0 n\u00e9gocier !<br \/>\n<\/strong><\/span><\/h4>\n<h4 style=\"text-align: left;\"><span style=\"color: #800080;\"><strong>Il est temps d&rsquo;instaurer un v\u00e9ritable dialogue social, respectueux et constructif, fond\u00e9 sur des engagements concrets et ambitieux.<\/strong><\/span><\/h4>\n<h3 style=\"text-align: center;\"><span style=\"color: #000080;\">Force Ouvri\u00e8re Police Municipale r\u00e9affirme son engagement :<\/span><\/h3>\n<h3 style=\"text-align: center;\"><span style=\"color: #000080;\">Des actes, pas des paroles !<\/span><\/h3>\n<p>&nbsp;<\/p>\n<h5 style=\"text-align: right;\"><span style=\"color: #993300;\">A Paris, le 20\/02\/25<\/span><\/h5>\n<p>&nbsp;<\/p>\n","protected":false},"excerpt":{"rendered":"<p>Consid\u00e9rant que les conditions indispensables \u00e0 un v\u00e9ritable dialogue social ne sont pas r\u00e9unies, refusant de cautionner une d\u00e9marche qui ne garantit ni avanc\u00e9es concr\u00e8tes [&#8230;]<\/p>\n","protected":false},"author":1,"featured_media":3019,"comment_status":"closed","ping_status":"closed","sticky":false,"template":"","format":"standard","meta":{"jetpack_post_was_ever_published":false,"_jetpack_newsletter_access":"","_jetpack_dont_email_post_to_subs":false,"_jetpack_newsletter_tier_id":0,"_jetpack_memberships_contains_paywalled_content":false,"_jetpack_memberships_contains_paid_content":false,"footnotes":""},"categories":[17],"tags":[],"class_list":["post-2999","post","type-post","status-publish","format-standard","has-post-thumbnail","hentry","category-article"],"jetpack_featured_media_url":"https:\/\/i0.wp.com\/www.fo-saint-etienne.fr\/fomunvse\/wp-content\/uploads\/2025\/02\/Communique-FO-PM.png?fit=950%2C240&ssl=1","jetpack_sharing_enabled":true,"jetpack_shortlink":"https:\/\/wp.me\/p9roQz-Mn","jetpack_likes_enabled":false,"publishpress_future_action":{"enabled":false,"date":"2026-05-10 14:01:02","action":"change-status","newStatus":"draft","terms":[],"taxonomy":"category","extraData":[]},"publishpress_future_workflow_manual_trigger":{"enabledWorkflows":[]},"_links":{"self":[{"href":"https:\/\/www.fo-saint-etienne.fr\/fomunvse\/index.php?rest_route=\/wp\/v2\/posts\/2999","targetHints":{"allow":["GET"]}}],"collection":[{"href":"https:\/\/www.fo-saint-etienne.fr\/fomunvse\/index.php?rest_route=\/wp\/v2\/posts"}],"about":[{"href":"https:\/\/www.fo-saint-etienne.fr\/fomunvse\/index.php?rest_route=\/wp\/v2\/types\/post"}],"author":[{"embeddable":true,"href":"https:\/\/www.fo-saint-etienne.fr\/fomunvse\/index.php?rest_route=\/wp\/v2\/users\/1"}],"replies":[{"embeddable":true,"href":"https:\/\/www.fo-saint-etienne.fr\/fomunvse\/index.php?rest_route=%2Fwp%2Fv2%2Fcomments&post=2999"}],"version-history":[{"count":13,"href":"https:\/\/www.fo-saint-etienne.fr\/fomunvse\/index.php?rest_route=\/wp\/v2\/posts\/2999\/revisions"}],"predecessor-version":[{"id":3032,"href":"https:\/\/www.fo-saint-etienne.fr\/fomunvse\/index.php?rest_route=\/wp\/v2\/posts\/2999\/revisions\/3032"}],"wp:featuredmedia":[{"embeddable":true,"href":"https:\/\/www.fo-saint-etienne.fr\/fomunvse\/index.php?rest_route=\/wp\/v2\/media\/3019"}],"wp:attachment":[{"href":"https:\/\/www.fo-saint-etienne.fr\/fomunvse\/index.php?rest_route=%2Fwp%2Fv2%2Fmedia&parent=2999"}],"wp:term":[{"taxonomy":"category","embeddable":true,"href":"https:\/\/www.fo-saint-etienne.fr\/fomunvse\/index.php?rest_route=%2Fwp%2Fv2%2Fcategories&post=2999"},{"taxonomy":"post_tag","embeddable":true,"href":"https:\/\/www.fo-saint-etienne.fr\/fomunvse\/index.php?rest_route=%2Fwp%2Fv2%2Ftags&post=2999"}],"curies":[{"name":"wp","href":"https:\/\/api.w.org\/{rel}","templated":true}]}}