{"id":3005,"date":"2025-02-19T13:45:20","date_gmt":"2025-02-19T12:45:20","guid":{"rendered":"http:\/\/www.fo-saint-etienne.fr\/fomunvse\/?p=3005"},"modified":"2025-02-19T14:17:32","modified_gmt":"2025-02-19T13:17:32","slug":"couverture-des-risques-de-la-vie-responsables-employeurs-territoriaux-et-syndicats-sengagent","status":"publish","type":"post","link":"https:\/\/www.fo-saint-etienne.fr\/fomunvse\/?p=3005","title":{"rendered":"Couverture des risques de la vie : Responsables, employeurs territoriaux et syndicats s\u2019engagent !"},"content":{"rendered":"<h4><span style=\"color: #000080;\">Le 11 juillet 2023, le premier protocole national entre les associations d\u2019employeurs et les organisations syndicales repr\u00e9sentatives \u00e0 l\u2019\u00e9chelle du versant territorial de la fonction publique a \u00e9t\u00e9 sign\u00e9.<\/span><\/h4>\n<p>Cet accord porte sur la mise en \u0153uvre de la protection sociale compl\u00e9mentaire des 1,9 million d\u2019agents territoriaux et concerne l\u2019ensemble des 40 000 employeurs du versant.<\/p>\n<h4><strong><span style=\"color: #993366;\">Dans un contexte d\u2019allongement des carri\u00e8res et compte tenu des sp\u00e9cificit\u00e9s des m\u00e9tiers de la fonction publique territoriale, marqu\u00e9s par la p\u00e9nibilit\u00e9 et l\u2019usure professionnelle, les organisations syndicales et les repr\u00e9sentants des employeurs, membres de la Coordination des employeurs territoriaux, ont souhait\u00e9 renforcer la protection sociale des agents face aux risques de la vie et en particulier en mati\u00e8re de pr\u00e9voyance.<\/span><\/strong><\/h4>\n<h4><span style=\"color: #333399;\"><strong>Le protocole sign\u00e9 introduit de nouveaux droits en mati\u00e8re de pr\u00e9voyance.<br \/>\nIl garantit aux agents en situation de maladie ou d\u2019invalidit\u00e9 le maintien de<br \/>\n90 % de leur r\u00e9mun\u00e9ration nette. Cette couverture interviendra dans le cadre de contrats collectifs \u00e0 adh\u00e9sion obligatoire dont la cotisation sera partag\u00e9e entre l\u2019agent et la collectivit\u00e9, avec une part minimale de 50 % pour cette derni\u00e8re.<\/strong><\/span><\/h4>\n<h4><strong><span style=\"color: #993366;\">Pour \u00eatre pleinement effectif, cet accord appelle une transposition<\/span><\/strong><br \/>\n<strong><span style=\"color: #993366;\">l\u00e9gislative et r\u00e9glementaire.<\/span><\/strong><\/h4>\n<div class=\"df-element df-lite\"  data-slug=\"\" data-_slug=\"\" data-title=\"couverture-des-risques-de-la-vie-responsables-employeurs-territoriaux-et-syndicats-sengagent\" id=\"df_3008\" data-option=\"df_option_3008\" ><\/div><script class=\"df-shortcode-script\" type=\"application\/javascript\">window.df_option_3008 = {\"source\":\"http:\\\/\\\/www.fo-saint-etienne.fr\\\/fomunvse\\\/wp-content\\\/uploads\\\/2025\\\/02\\\/FAQ-PSC-Document-consolide-mis-en-forme-version-04-06-2024.pdf\",\"viewerType\":\"flipbook\",\"height\":\"auto\",\"slug\":\"\",\"id\":3008}; if(window.DEARPDF && window.DEARPDF.parseElements){window.DEARPDF.parseElements();}<\/script>\n<p>&nbsp;<\/p>\n","protected":false},"excerpt":{"rendered":"<p>Le 11 juillet 2023, le premier protocole national entre les associations d\u2019employeurs et les organisations syndicales repr\u00e9sentatives \u00e0 l\u2019\u00e9chelle du versant territorial de la fonction [&#8230;]<\/p>\n","protected":false},"author":1,"featured_media":3011,"comment_status":"closed","ping_status":"closed","sticky":false,"template":"","format":"standard","meta":{"jetpack_post_was_ever_published":false,"_jetpack_newsletter_access":"","_jetpack_dont_email_post_to_subs":false,"_jetpack_newsletter_tier_id":0,"_jetpack_memberships_contains_paywalled_content":false,"_jetpack_memberships_contains_paid_content":false,"footnotes":""},"categories":[17],"tags":[],"class_list":["post-3005","post","type-post","status-publish","format-standard","has-post-thumbnail","hentry","category-article"],"jetpack_featured_media_url":"https:\/\/i0.wp.com\/www.fo-saint-etienne.fr\/fomunvse\/wp-content\/uploads\/2025\/02\/Couverture-des-risques-de-la-vie.png?fit=950%2C343&ssl=1","jetpack_sharing_enabled":true,"jetpack_shortlink":"https:\/\/wp.me\/p9roQz-Mt","jetpack_likes_enabled":false,"publishpress_future_action":{"enabled":false,"date":"2026-05-10 13:54:40","action":"change-status","newStatus":"draft","terms":[],"taxonomy":"category","extraData":[]},"publishpress_future_workflow_manual_trigger":{"enabledWorkflows":[]},"_links":{"self":[{"href":"https:\/\/www.fo-saint-etienne.fr\/fomunvse\/index.php?rest_route=\/wp\/v2\/posts\/3005","targetHints":{"allow":["GET"]}}],"collection":[{"href":"https:\/\/www.fo-saint-etienne.fr\/fomunvse\/index.php?rest_route=\/wp\/v2\/posts"}],"about":[{"href":"https:\/\/www.fo-saint-etienne.fr\/fomunvse\/index.php?rest_route=\/wp\/v2\/types\/post"}],"author":[{"embeddable":true,"href":"https:\/\/www.fo-saint-etienne.fr\/fomunvse\/index.php?rest_route=\/wp\/v2\/users\/1"}],"replies":[{"embeddable":true,"href":"https:\/\/www.fo-saint-etienne.fr\/fomunvse\/index.php?rest_route=%2Fwp%2Fv2%2Fcomments&post=3005"}],"version-history":[{"count":3,"href":"https:\/\/www.fo-saint-etienne.fr\/fomunvse\/index.php?rest_route=\/wp\/v2\/posts\/3005\/revisions"}],"predecessor-version":[{"id":3010,"href":"https:\/\/www.fo-saint-etienne.fr\/fomunvse\/index.php?rest_route=\/wp\/v2\/posts\/3005\/revisions\/3010"}],"wp:featuredmedia":[{"embeddable":true,"href":"https:\/\/www.fo-saint-etienne.fr\/fomunvse\/index.php?rest_route=\/wp\/v2\/media\/3011"}],"wp:attachment":[{"href":"https:\/\/www.fo-saint-etienne.fr\/fomunvse\/index.php?rest_route=%2Fwp%2Fv2%2Fmedia&parent=3005"}],"wp:term":[{"taxonomy":"category","embeddable":true,"href":"https:\/\/www.fo-saint-etienne.fr\/fomunvse\/index.php?rest_route=%2Fwp%2Fv2%2Fcategories&post=3005"},{"taxonomy":"post_tag","embeddable":true,"href":"https:\/\/www.fo-saint-etienne.fr\/fomunvse\/index.php?rest_route=%2Fwp%2Fv2%2Ftags&post=3005"}],"curies":[{"name":"wp","href":"https:\/\/api.w.org\/{rel}","templated":true}]}}