{"id":3053,"date":"2025-03-06T20:04:48","date_gmt":"2025-03-06T19:04:48","guid":{"rendered":"http:\/\/www.fo-saint-etienne.fr\/fomunvse\/?p=3053"},"modified":"2025-03-06T20:20:53","modified_gmt":"2025-03-06T19:20:53","slug":"beauveau-des-polices-municipales-mars-2025","status":"publish","type":"post","link":"https:\/\/www.fo-saint-etienne.fr\/fomunvse\/?p=3053","title":{"rendered":"Beauveau des polices municipales Mars 2025"},"content":{"rendered":"<p><span style=\"color: #800000;\"><em><strong>METZ 04\/03\/2025 MEAUX 06\/03\/2025\u00a0<\/strong><\/em><\/span><\/p>\n<h2 style=\"text-align: center;\"><strong>\u00ab\u00a0Formation, volet social et reconnaissance.\u00a0\u00bb\u00a0<\/strong><\/h2>\n<p><span style=\"color: #333399;\"><strong>Ministres pr\u00e9sents Fran\u00e7ois-No\u00ebl BUFFET, Ministre aupr\u00e8s du Ministre d&rsquo;\u00c9tat, Ministre de l&rsquo;Int\u00e9rieur. Laurent MARCANGELI Ministre de l&rsquo;Action Publique, de la Fonction Publique et de la Simplification.\u00a0<\/strong><\/span><\/p>\n<p><span style=\"color: #333399;\"><strong>\u00c0 l&rsquo;issue du <span style=\"color: #800000;\">Beauvau des Polices Municipales<\/span> qui s&rsquo;est tenu <span style=\"color: #800000;\"><span style=\"color: #000080;\">les<\/span> 04 mars et 06 mars 2025<\/span>. le syndicat FOPM exprime sa profonde <span style=\"color: #800000;\">inqui\u00e9tude<\/span> et son <span style=\"color: #800000;\">d\u00e9saccord<\/span> face \u00e0 certaines prises de position Institutionnelles.\u00a0<\/strong><\/span><\/p>\n<p><span style=\"color: #333399;\"><strong>Nous pensons notamment \u00e0 la proposition pr\u00e9occupante du Pr\u00e9sident du Centre de Gestion de la Moselle : <span style=\"color: #800000;\">dispenser les Policiers Nationaux et Gendarmes venant par passerelle de l&rsquo;int\u00e9gralit\u00e9 de la Formation Initiale d&rsquo;Adaptation (FIA)<\/span>.\u00a0<\/strong><\/span><\/p>\n<p><span style=\"color: #333399;\"><strong><span style=\"color: #800000;\">Cette id\u00e9e interpelle et interroge :<\/span><br \/>\n<span style=\"color: #808000;\">S&rsquo;agit-il de pr\u00e9occupations financi\u00e8res au d\u00e9triment des exigences professionnelles, ou est-ce le reflet d&rsquo;une r\u00e9elle m\u00e9connaissance de notre cadre d&#8217;emploi ?<br \/>\n<\/span><\/strong><\/span><br \/>\n<span style=\"color: #333399;\"><strong>Nous rappelons que les missions et pr\u00e9rogatives de chaque corps de m\u00e9tier (PM, PN, gendarmerie) n\u00e9cessitent une <span style=\"color: #800000;\">formation sp\u00e9cifique et distincte<\/span>. Cette d\u00e9cision t\u00e9moigne d&rsquo;une n\u00e9gligence inqui\u00e9tante envers la qualit\u00e9 de formation et la pr\u00e9paration op\u00e9rationnelle des agents de Police Municipale.<br \/>\n<\/strong><\/span><span style=\"color: #800000;\"><strong>Non, un policier national ou un gendarme, tout qualifi\u00e9 et l\u00e9gitime qu&rsquo;il soit, ne ma\u00eetrise pas \u00ab\u00a0de facto\u00a0\u00bb l&rsquo;ensemble du cadre d&#8217;emploi de policier municipal<\/strong><\/span><span style=\"color: #333399;\"><strong><span style=\"color: #800000;\">.<\/span><br \/>\n<span style=\"color: #808000;\"><em>Nos sp\u00e9cificit\u00e9s doivent \u00eatre respect\u00e9es !\u00a0<\/em><\/span><\/strong><\/span><\/p>\n<p><span style=\"color: #333399;\"><strong>Concernant les<span style=\"color: #993300;\"> perspectives relatives \u00e0 nos retraites<\/span>, elles sont tout aussi <span style=\"color: #993300;\">pr\u00e9occupantes<\/span>.<\/strong><\/span><br \/>\n<span style=\"color: #333399;\"><strong> Une <\/strong><\/span><span style=\"color: #993300;\"><strong>r\u00e9flexion \u00ab\u00a0globale\u00a0\u00bb sans garanties concr\u00e8tes<\/strong><\/span><span style=\"color: #333399;\"><strong>, avec un <span style=\"color: #993300;\">d\u00e9ficit de la CNRACL<\/span> qui atteint d\u00e9j\u00e0<br \/>\n<span style=\"color: #993300;\">4 milliards d&rsquo;euros<\/span> et qui s&rsquo;annonce \u00e0 <span style=\"color: #993300;\">11 milliards d&rsquo;ici 2030<\/span>.<br \/>\n<span style=\"color: #808000;\">Une telle situation g\u00e9n\u00e8re une v\u00e9ritable angoisse parmi les agents.\u00a0 <\/span><\/strong><\/span><\/p>\n<p><span style=\"color: #333399;\"><strong>Nous rappelons que <span style=\"color: #993300;\">FOPM avait re\u00e7u des gages<\/span> du cabinet du 1er Ministre, M. Gabriel ATTAL face \u00e0 <span style=\"color: #993300;\">nos propositions consid\u00e9r\u00e9es comme \u00ab\u00a0pertinentes et entendables\u00a0\u00bb<\/span>.<\/strong> <\/span><\/p>\n<div class=\"df-element df-lite\"  data-slug=\"\" data-_slug=\"\" data-title=\"beauveau-des-polices-municipales-mars-2025\" id=\"df_3051\" data-option=\"df_option_3051\" ><\/div><script class=\"df-shortcode-script\" type=\"application\/javascript\">window.df_option_3051 = {\"source\":\"http:\\\/\\\/www.fo-saint-etienne.fr\\\/fomunvse\\\/wp-content\\\/uploads\\\/2025\\\/03\\\/beauveau-des-polices-municipales.pdf\",\"viewerType\":\"flipbook\",\"height\":\"auto\",\"slug\":\"\",\"id\":3051}; if(window.DEARPDF && window.DEARPDF.parseElements){window.DEARPDF.parseElements();}<\/script>\n","protected":false},"excerpt":{"rendered":"<p>METZ 04\/03\/2025 MEAUX 06\/03\/2025\u00a0 \u00ab\u00a0Formation, volet social et reconnaissance.\u00a0\u00bb\u00a0 Ministres pr\u00e9sents Fran\u00e7ois-No\u00ebl BUFFET, Ministre aupr\u00e8s du Ministre d&rsquo;\u00c9tat, Ministre de l&rsquo;Int\u00e9rieur. Laurent MARCANGELI Ministre de [&#8230;]<\/p>\n","protected":false},"author":1,"featured_media":3057,"comment_status":"closed","ping_status":"closed","sticky":false,"template":"","format":"standard","meta":{"jetpack_post_was_ever_published":false,"_jetpack_newsletter_access":"","_jetpack_dont_email_post_to_subs":false,"_jetpack_newsletter_tier_id":0,"_jetpack_memberships_contains_paywalled_content":false,"_jetpack_memberships_contains_paid_content":false,"footnotes":""},"categories":[17],"tags":[],"class_list":["post-3053","post","type-post","status-publish","format-standard","has-post-thumbnail","hentry","category-article"],"jetpack_featured_media_url":"https:\/\/i0.wp.com\/www.fo-saint-etienne.fr\/fomunvse\/wp-content\/uploads\/2025\/03\/beauveau-des-polices-municipales-1.jpg?fit=950%2C350&ssl=1","jetpack_sharing_enabled":true,"jetpack_shortlink":"https:\/\/wp.me\/p9roQz-Nf","jetpack_likes_enabled":false,"publishpress_future_action":{"enabled":false,"date":"2026-05-10 13:54:19","action":"change-status","newStatus":"draft","terms":[],"taxonomy":"category","extraData":[]},"publishpress_future_workflow_manual_trigger":{"enabledWorkflows":[]},"_links":{"self":[{"href":"https:\/\/www.fo-saint-etienne.fr\/fomunvse\/index.php?rest_route=\/wp\/v2\/posts\/3053","targetHints":{"allow":["GET"]}}],"collection":[{"href":"https:\/\/www.fo-saint-etienne.fr\/fomunvse\/index.php?rest_route=\/wp\/v2\/posts"}],"about":[{"href":"https:\/\/www.fo-saint-etienne.fr\/fomunvse\/index.php?rest_route=\/wp\/v2\/types\/post"}],"author":[{"embeddable":true,"href":"https:\/\/www.fo-saint-etienne.fr\/fomunvse\/index.php?rest_route=\/wp\/v2\/users\/1"}],"replies":[{"embeddable":true,"href":"https:\/\/www.fo-saint-etienne.fr\/fomunvse\/index.php?rest_route=%2Fwp%2Fv2%2Fcomments&post=3053"}],"version-history":[{"count":12,"href":"https:\/\/www.fo-saint-etienne.fr\/fomunvse\/index.php?rest_route=\/wp\/v2\/posts\/3053\/revisions"}],"predecessor-version":[{"id":3067,"href":"https:\/\/www.fo-saint-etienne.fr\/fomunvse\/index.php?rest_route=\/wp\/v2\/posts\/3053\/revisions\/3067"}],"wp:featuredmedia":[{"embeddable":true,"href":"https:\/\/www.fo-saint-etienne.fr\/fomunvse\/index.php?rest_route=\/wp\/v2\/media\/3057"}],"wp:attachment":[{"href":"https:\/\/www.fo-saint-etienne.fr\/fomunvse\/index.php?rest_route=%2Fwp%2Fv2%2Fmedia&parent=3053"}],"wp:term":[{"taxonomy":"category","embeddable":true,"href":"https:\/\/www.fo-saint-etienne.fr\/fomunvse\/index.php?rest_route=%2Fwp%2Fv2%2Fcategories&post=3053"},{"taxonomy":"post_tag","embeddable":true,"href":"https:\/\/www.fo-saint-etienne.fr\/fomunvse\/index.php?rest_route=%2Fwp%2Fv2%2Ftags&post=3053"}],"curies":[{"name":"wp","href":"https:\/\/api.w.org\/{rel}","templated":true}]}}