{"id":3095,"date":"2025-03-11T19:18:27","date_gmt":"2025-03-11T18:18:27","guid":{"rendered":"http:\/\/www.fo-saint-etienne.fr\/fomunvse\/?p=3095"},"modified":"2025-03-11T20:07:08","modified_gmt":"2025-03-11T19:07:08","slug":"retraites-le-gouvernement-opte-pour-une-dissociation-des-concertations-entre-la-fonction-publique-et-le-prive","status":"publish","type":"post","link":"https:\/\/www.fo-saint-etienne.fr\/fomunvse\/?p=3095","title":{"rendered":"Retraites : le gouvernement opte pour une dissociation des concertations entre la fonction publique et le priv\u00e9"},"content":{"rendered":"<h4><span style=\"color: #333399;\"><strong>Alors que la concertation lanc\u00e9e ce jeudi 27 f\u00e9vrier est \u00ab\u00a0principalement\u00a0\u00bb centr\u00e9e sur lesretraites du secteur priv\u00e9, <em><span style=\"color: #993300;\">le gouvernement Bayrou compte lancer des discussions parall\u00e8les sur les retraites dans la fonction publique<\/span><\/em>. Reste \u00e0 savoir quel sera le poids de ces discussions par rapport \u00e0 celles lanc\u00e9es au niveau du secteur priv\u00e9.<\/strong><\/span><\/h4>\n<h4><span style=\"color: #333399;\"><strong><br \/>\nTop d\u00e9part des discussions sur les retraites. Les syndicats et le patronat se sont r\u00e9unis ce jeudi 27 f\u00e9vrier pour la premi\u00e8re r\u00e9union du \u00ab\u00a0conclave\u00a0\u00bb voulu par le Premier ministre Fran\u00e7ois Bayrou d\u00e8s son arriv\u00e9e \u00e0 Matignon. Et le chef du gouvernement a fix\u00e9 un objectif clair aux partenaires sociaux : \u00ab\u00a0<span style=\"color: #ff0000;\">r\u00e9tablir l\u2019\u00e9quilibre financier de notre syst\u00e8me de retraites \u00e0 un horizon proche<\/span>\u00ab\u00a0.<\/strong><\/span><\/h4>\n<h4><span style=\"color: #333399;\"><strong><br \/>\nComme il l\u2019explique dans un courrier adress\u00e9 \u00e0 ces partenaires, les travaux de cette concertation \u00ab\u00a0<span style=\"color: #ff0000;\">seront principalement centr\u00e9s sur les r\u00e9gimes de retraite du secteur priv\u00e9<\/span>\u00ab\u00a0. Le tout sur la base du diagnostic financier de la Cour des comptes et de <em><span style=\"color: #993300;\"><span style=\"color: #ff6600;\">ses pistes de r\u00e9flexion sur l\u2019\u00e2ge l\u00e9gal de d\u00e9part \u00e0 la retraite, sur la dur\u00e9e des cotisations<\/span>, sur le niveau de ces cotisations, mais aussi sur la question de la revalorisation des pensions<\/span><\/em>.<\/strong><\/span><\/h4>\n<h4><span style=\"color: #333399;\"><strong><br \/>\nFran\u00e7ois Bayrou ne le nie pas pour autant : ces travaux \u00ab\u00a0pourraient avoir des cons\u00e9quences\u00a0\u00bb<span style=\"color: #993300;\"> sur d\u2019autres r\u00e9gimes de retraite et notamment sur celui des fonctionnaires. Les contractuels, pour leur part, <span style=\"color: #ff6600;\">rel\u00e8vent du r\u00e9gime g\u00e9n\u00e9ral<\/span><\/span>.<\/strong><\/span><\/h4>\n<h2 style=\"text-align: center;\"><strong>Un \u00ab\u00a0format autre\u00a0\u00bb pour le secteur public<\/strong><\/h2>\n<h3 style=\"text-align: left;\"><span style=\"color: #800080;\">Des discussions parall\u00e8les vont ainsi \u00eatre men\u00e9es sur la fonction publique, explique Fran\u00e7ois Bayrou. \u00c0 ce propos, le Premier ministre reprend les constats de la Rue Cambon sur \u00ab\u00a0la sp\u00e9cificit\u00e9 des r\u00e9gimes publics et l\u2019ampleur des compensations\u00a0\u00a0 que les aborder\u00a0\u00bb, affirme Fran\u00e7ois Bayrou. Les retraites des fonctionnaires ne pr\u00e9sentent pas de \u00ab\u00a0d\u00e9ficit cach\u00e9\u00a0\u00bb, avait en effet indiqu\u00e9 la Cour en indiquant que les syst\u00e8mes publics et\u00a0 <\/span><span style=\"color: #800080;\">priv\u00e9 de retraites pr\u00e9senteraient entre eux \u00ab\u00a0de telles\u00a0 divergences\u00a0\u00bb qu\u2019elles emp\u00eachent une r\u00e9elle comparaison.<\/span><br \/>\n<span style=\"color: #800080;\">Au vu de ces sp\u00e9cificit\u00e9s, les questions \u00ab\u00a0sp\u00e9cifiques\u00a0\u00bb aux r\u00e9gimes de retraite des agents publics \u00ab\u00a0seront trait\u00e9es en dehors\u00a0\u00bb de la \u00ab\u00a0conf\u00e9rence\u00a0\u00bb lanc\u00e9e ce jeudi 27 f\u00e9vrier.<\/span><\/h3>\n<h3 style=\"text-align: left;\"><span style=\"color: #800080;\">Fran\u00e7ois Bayrou \u00e9voque ainsi un \u00ab\u00a0format autre\u00a0\u00bb de discussions dont le cadre doit encore \u00eatre pr\u00e9cis\u00e9. Sollicit\u00e9 par Acteurs publics, le minist\u00e8re de la Fonction publique n\u2019a pas pr\u00e9cis\u00e9 les possibles modalit\u00e9s d\u2019organisation des futures discussions sur<\/span><br \/>\n<span style=\"color: #800080;\">les retraites de la fonction publique. Devant les syndicats, mi-f\u00e9vrier, le ministre Laurent Marcangeli avait toutefois \u00e9voqu\u00e9 des \u00e9changes sous un format similaire au conseil commun de la fonction publique (CCFP) qui r\u00e9unit les syndicats et les employeurs publics. \u00ab\u00a0Il y aura \u00e0 mon avis aussi une chambre, \u00e0 part, qui aura \u00e0 traiter de la question des retraites dans la fonction publique\u00a0\u00bb, avait d\u2019ailleurs indiqu\u00e9 le ministre<\/span><br \/>\n<span style=\"color: #800080;\">dans nos colonnes.<\/span><\/h3>\n<h2 style=\"text-align: center;\"><span style=\"color: #000000;\">Des r\u00e9percussions potentielles sur la fonction publique.<\/span><\/h2>\n<h3 style=\"text-align: left;\"><span style=\"color: #800080;\"> Cette scission des discussions sur les retraites \u00e9tait r\u00e9clam\u00e9e par les syndicats. \u00ab\u00a0Il n\u2019\u00e9tait pas question de m\u00e9langer deux univers compl\u00e8tement diff\u00e9rents\u00a0\u00bb, explique ainsi Stanislas Gaudon de la CFE-CGC pour qui Fran\u00e7ois Bayrou a \u00ab\u00a0visiblement entendu l\u2019appel \u00e0 un dialogue social constructif\u00a0\u00bb. \u00ab\u00a0La responsabilit\u00e9 de l\u2019\u00c9tat \u00e0 employeur ne pouvait \u00eatre renvoy\u00e9e \u00e0 d\u2019autres acteurs du priv\u00e9\u00a0\u00bb, ajoute-t-il.<\/span><\/h3>\n<h3><span style=\"color: #800080;\"><strong>Reste encore \u00e0 savoir quel sera le poids des discussions dans la fonction publique par <\/strong><\/span><span style=\"color: #800080;\"><strong>rapport \u00e0 celles lanc\u00e9es en ce qui concerne le secteur priv\u00e9 ce jeudi 27 f\u00e9vrier.<br \/>\n<\/strong><\/span><span style=\"color: #800080;\"><strong>Surtout, <\/strong><\/span><span style=\"color: #800080;\"><strong>les \u00e9ventuels arbitrages qui pourraient \u00eatre trouv\u00e9s entre les syndicats <\/strong><\/span><span style=\"color: #800080;\"><strong>interprofessionnels et le patronat risqueraient d\u2019impacter fortement les retraites des <\/strong><\/span><span style=\"color: #800080;\"><strong>agents publics.<br \/>\nEt ce, notamment sur les questions d\u2019\u00e2ge l\u00e9gal de d\u00e9part \u00e0 la <\/strong><\/span><span style=\"color: #800080;\"><strong>retraite ou de dur\u00e9e de cotisations.<\/strong><\/span><\/h3>\n<h3><span style=\"color: #800080;\"><strong>\u00ab\u00a0Les leviers identifi\u00e9s par la Cour des comptes concerneront tous les travailleurs actifs et <\/strong><\/span><span style=\"color: #800080;\"><strong>tous les retrait\u00e9s, explique ainsi Luc Farr\u00e9 de l\u2019UNSA. Les 5,5 millions d\u2019agents publics <\/strong><\/span><span style=\"color: #800080;\"><strong>sont autant concern\u00e9s que les autres salari\u00e9s du secteur priv\u00e9 par ces leviers\u00a0\u00bb.<br \/>\nLa <\/strong><\/span><span style=\"color: #800080;\"><strong>prudence demeure dans la fonction publique.<\/strong><\/span><\/h3>\n<div class=\"df-element df-lite\"  data-slug=\"\" data-_slug=\"\" data-title=\"retraites-11-03-2025\" id=\"df_3093\" data-option=\"df_option_3093\" ><\/div><script class=\"df-shortcode-script\" type=\"application\/javascript\">window.df_option_3093 = {\"source\":\"http:\\\/\\\/www.fo-saint-etienne.fr\\\/fomunvse\\\/wp-content\\\/uploads\\\/2025\\\/03\\\/Retraites.pdf\",\"viewerType\":\"flipbook\",\"height\":\"auto\",\"slug\":\"\",\"id\":3093}; if(window.DEARPDF && window.DEARPDF.parseElements){window.DEARPDF.parseElements();}<\/script>\n","protected":false},"excerpt":{"rendered":"<p>Alors que la concertation lanc\u00e9e ce jeudi 27 f\u00e9vrier est \u00ab\u00a0principalement\u00a0\u00bb centr\u00e9e sur lesretraites du secteur priv\u00e9, le gouvernement Bayrou compte lancer des discussions parall\u00e8les [&#8230;]<\/p>\n","protected":false},"author":1,"featured_media":3097,"comment_status":"closed","ping_status":"closed","sticky":false,"template":"","format":"standard","meta":{"jetpack_post_was_ever_published":false,"_jetpack_newsletter_access":"","_jetpack_dont_email_post_to_subs":false,"_jetpack_newsletter_tier_id":0,"_jetpack_memberships_contains_paywalled_content":false,"_jetpack_memberships_contains_paid_content":false,"footnotes":""},"categories":[17],"tags":[],"class_list":["post-3095","post","type-post","status-publish","format-standard","has-post-thumbnail","hentry","category-article"],"jetpack_featured_media_url":"https:\/\/i0.wp.com\/www.fo-saint-etienne.fr\/fomunvse\/wp-content\/uploads\/2025\/03\/retraite.jpg?fit=950%2C534&ssl=1","jetpack_sharing_enabled":true,"jetpack_shortlink":"https:\/\/wp.me\/p9roQz-NV","jetpack_likes_enabled":false,"publishpress_future_action":{"enabled":false,"date":"2026-05-10 13:54:19","action":"change-status","newStatus":"draft","terms":[],"taxonomy":"category","extraData":[]},"publishpress_future_workflow_manual_trigger":{"enabledWorkflows":[]},"_links":{"self":[{"href":"https:\/\/www.fo-saint-etienne.fr\/fomunvse\/index.php?rest_route=\/wp\/v2\/posts\/3095","targetHints":{"allow":["GET"]}}],"collection":[{"href":"https:\/\/www.fo-saint-etienne.fr\/fomunvse\/index.php?rest_route=\/wp\/v2\/posts"}],"about":[{"href":"https:\/\/www.fo-saint-etienne.fr\/fomunvse\/index.php?rest_route=\/wp\/v2\/types\/post"}],"author":[{"embeddable":true,"href":"https:\/\/www.fo-saint-etienne.fr\/fomunvse\/index.php?rest_route=\/wp\/v2\/users\/1"}],"replies":[{"embeddable":true,"href":"https:\/\/www.fo-saint-etienne.fr\/fomunvse\/index.php?rest_route=%2Fwp%2Fv2%2Fcomments&post=3095"}],"version-history":[{"count":8,"href":"https:\/\/www.fo-saint-etienne.fr\/fomunvse\/index.php?rest_route=\/wp\/v2\/posts\/3095\/revisions"}],"predecessor-version":[{"id":3104,"href":"https:\/\/www.fo-saint-etienne.fr\/fomunvse\/index.php?rest_route=\/wp\/v2\/posts\/3095\/revisions\/3104"}],"wp:featuredmedia":[{"embeddable":true,"href":"https:\/\/www.fo-saint-etienne.fr\/fomunvse\/index.php?rest_route=\/wp\/v2\/media\/3097"}],"wp:attachment":[{"href":"https:\/\/www.fo-saint-etienne.fr\/fomunvse\/index.php?rest_route=%2Fwp%2Fv2%2Fmedia&parent=3095"}],"wp:term":[{"taxonomy":"category","embeddable":true,"href":"https:\/\/www.fo-saint-etienne.fr\/fomunvse\/index.php?rest_route=%2Fwp%2Fv2%2Fcategories&post=3095"},{"taxonomy":"post_tag","embeddable":true,"href":"https:\/\/www.fo-saint-etienne.fr\/fomunvse\/index.php?rest_route=%2Fwp%2Fv2%2Ftags&post=3095"}],"curies":[{"name":"wp","href":"https:\/\/api.w.org\/{rel}","templated":true}]}}