{"id":3107,"date":"2025-03-13T10:50:38","date_gmt":"2025-03-13T09:50:38","guid":{"rendered":"http:\/\/www.fo-saint-etienne.fr\/fomunvse\/?p=3107"},"modified":"2025-03-13T10:53:45","modified_gmt":"2025-03-13T09:53:45","slug":"prix-de-lelectricite-souverainete-competitivite-cohesion-republicaine","status":"publish","type":"post","link":"https:\/\/www.fo-saint-etienne.fr\/fomunvse\/?p=3107","title":{"rendered":"Prix de l\u2019\u00e9lectricit\u00e9 : Souverainet\u00e9, comp\u00e9titivit\u00e9, coh\u00e9sion r\u00e9publicaine"},"content":{"rendered":"<h4><strong><span style=\"color: #993366;\">Fin 2025, le mod\u00e8le des prix de l\u2019\u00e9lectricit\u00e9 de ces derni\u00e8res d\u00e9cennies prend fin. L\u2019inefficacit\u00e9 et le danger de ce mod\u00e8le voulu par la Commission europ\u00e9enne et valid\u00e9 par les diff\u00e9rents gouvernements n\u2019est plus \u00e0 d\u00e9montrer.<\/span><\/strong><\/h4>\n<h3><strong><span style=\"color: #993366;\">Plusieurs logiques s\u2019affrontent :<br \/>\n<\/span><\/strong><\/h3>\n<h4><strong><span style=\"color: #993366;\">Celle du \u00ab on ne change rien \u00bb, si le march\u00e9 n\u2019a pas produit les effets attendus, c\u2019est qu\u2019il faut aller encore plus loin dans le march\u00e9 et la d\u00e9r\u00e9gulation.<\/span><\/strong><\/h4>\n<h4><strong><span style=\"color: #993366;\">Celle du \u00ab on veut bien une \u00e9volution, mais il faut pr\u00e9server notre \u00ab pr\u00e9 carr\u00e9 \u00bb. Port\u00e9 principalement par le lobby des \u00ab alternatifs \u00bb, ces pseudos \u00e9nerg\u00e9ticiens qui ont fait leurs choux gras de l\u2019obligation faite \u00e0 EDF dans le cadre du dispositif ARENH, de c\u00e9der jusqu\u2019\u00e0 un tiers de sa production nucl\u00e9aire \u00e0 des prix inf\u00e9rieurs, voire tr\u00e8s inf\u00e9rieurs selon\u00a0 les p\u00e9riodes, au prix de \u00ab march\u00e9 \u00bb. Avec le futur mode de calcul post ARENH, l\u2019incertitude reste enti\u00e8re sur les capacit\u00e9s d\u2019investissements d\u2019EDF dans une \u00e9nergie d\u00e9carbon\u00e9e et le prix qui sera factur\u00e9 au consommateur.<\/span><\/strong><\/h4>\n<h4><strong><span style=\"color: #993366;\">Une autre et celle port\u00e9e par FO dans le sillage des acquis de la vision R\u00e9publicaine qui a conduit \u00e0 la cr\u00e9ation d\u2019EDF il y a plusieurs d\u00e9cennies et de la double n\u00e9cessit\u00e9 aujourd\u2019hui d\u2019\u00e9lectrifier les usages en substitution aux \u00e9nergies fossiles, d\u2019acc\u00e9l\u00e9rer et r\u00e9ussir la Transition \u00c9cologique, mais aussi de renforcer un outil visant \u00e0 garantir la comp\u00e9titivit\u00e9 de notre tissu productif, Grandes industries- PME-TPE- artisans ; \u00e0 un moment o\u00f9 la question de notre souverainet\u00e9, de notre ind\u00e9pendance strat\u00e9gique est au centre des pr\u00e9occupations de la Nation.<\/span><\/strong><\/h4>\n<h4><strong><span style=\"color: #993366;\">Afin d\u2019\u00e9viter l\u2019h\u00e9morragie des fermetures et des d\u00e9localisations des entreprises industrielles, il devient urgent que le prix de l\u2019\u00e9lectricit\u00e9 soit r\u00e9gul\u00e9 et ne satisfasse pas un business juteux.<\/span><\/strong><\/h4>\n<h4><strong><span style=\"color: #993366;\">Pour FO, chaque citoyen doit pouvoir b\u00e9n\u00e9ficier de la s\u00e9curit\u00e9 d\u2019approvisionnement d\u2019une \u00e9nergie d\u00e9carbon\u00e9e, \u00e0 un prix du kWh raisonn\u00e9 et \u00e9quivalent pour tous. FO soutient le renforcement d\u2019un Service Public de l\u2019\u00e9nergie d\u00e9carbon\u00e9e au service de l\u2019\u00e9conomie fran\u00e7aise et de sa\u00a0 souverainet\u00e9.<\/span><\/strong><\/h4>\n<p style=\"text-align: right;\"><strong>Paris, le 11 mars 2025<\/strong><\/p>\n<p style=\"text-align: center;\"><span style=\"color: #000080;\"><em><strong>Contact :<\/strong><\/em><\/span><br \/>\n<span style=\"color: #000080;\"><em><strong>Rach\u00e8le BARRION<\/strong><\/em><\/span><br \/>\n<span style=\"color: #000080;\"><em><strong>Secr\u00e9taire conf\u00e9d\u00e9rale <\/strong><strong>Secteur de l\u2019Economie<br \/>\n<\/strong><strong>et <\/strong><strong>du Service public<\/strong><\/em><\/span><br \/>\n<span style=\"color: #000080;\"><em><strong>\uf03a rbarrion<\/strong><strong>@force-ouvriere.fr<\/strong><\/em><\/span><br \/>\n<span style=\"color: #000080;\"><em><strong>\uf027 01.40.52.82.70<\/strong><\/em><\/span><\/p>\n<div class=\"df-element df-lite\"  data-slug=\"\" data-_slug=\"\" data-title=\"prix-de-lelectricite-souverainete-competitivite-cohesion-republicaine\" id=\"df_3105\" data-option=\"df_option_3105\" ><\/div><script class=\"df-shortcode-script\" type=\"application\/javascript\">window.df_option_3105 = {\"source\":\"http:\\\/\\\/www.fo-saint-etienne.fr\\\/fomunvse\\\/wp-content\\\/uploads\\\/2025\\\/03\\\/Safari.pdf\",\"viewerType\":\"flipbook\",\"height\":\"auto\",\"slug\":\"\",\"id\":3105}; if(window.DEARPDF && window.DEARPDF.parseElements){window.DEARPDF.parseElements();}<\/script>\n","protected":false},"excerpt":{"rendered":"<p>Fin 2025, le mod\u00e8le des prix de l\u2019\u00e9lectricit\u00e9 de ces derni\u00e8res d\u00e9cennies prend fin. L\u2019inefficacit\u00e9 et le danger de ce mod\u00e8le voulu par la Commission [&#8230;]<\/p>\n","protected":false},"author":1,"featured_media":2839,"comment_status":"closed","ping_status":"closed","sticky":false,"template":"","format":"standard","meta":{"jetpack_post_was_ever_published":false,"_jetpack_newsletter_access":"","_jetpack_dont_email_post_to_subs":false,"_jetpack_newsletter_tier_id":0,"_jetpack_memberships_contains_paywalled_content":false,"_jetpack_memberships_contains_paid_content":false,"footnotes":""},"categories":[17],"tags":[],"class_list":["post-3107","post","type-post","status-publish","format-standard","has-post-thumbnail","hentry","category-article"],"jetpack_featured_media_url":"https:\/\/i0.wp.com\/www.fo-saint-etienne.fr\/fomunvse\/wp-content\/uploads\/2025\/02\/FO-communique-de-presse.png?fit=900%2C174&ssl=1","jetpack_sharing_enabled":true,"jetpack_shortlink":"https:\/\/wp.me\/p9roQz-O7","jetpack_likes_enabled":false,"publishpress_future_action":{"enabled":false,"date":"2026-05-10 12:39:10","action":"change-status","newStatus":"draft","terms":[],"taxonomy":"category","extraData":[]},"publishpress_future_workflow_manual_trigger":{"enabledWorkflows":[]},"_links":{"self":[{"href":"https:\/\/www.fo-saint-etienne.fr\/fomunvse\/index.php?rest_route=\/wp\/v2\/posts\/3107","targetHints":{"allow":["GET"]}}],"collection":[{"href":"https:\/\/www.fo-saint-etienne.fr\/fomunvse\/index.php?rest_route=\/wp\/v2\/posts"}],"about":[{"href":"https:\/\/www.fo-saint-etienne.fr\/fomunvse\/index.php?rest_route=\/wp\/v2\/types\/post"}],"author":[{"embeddable":true,"href":"https:\/\/www.fo-saint-etienne.fr\/fomunvse\/index.php?rest_route=\/wp\/v2\/users\/1"}],"replies":[{"embeddable":true,"href":"https:\/\/www.fo-saint-etienne.fr\/fomunvse\/index.php?rest_route=%2Fwp%2Fv2%2Fcomments&post=3107"}],"version-history":[{"count":7,"href":"https:\/\/www.fo-saint-etienne.fr\/fomunvse\/index.php?rest_route=\/wp\/v2\/posts\/3107\/revisions"}],"predecessor-version":[{"id":3114,"href":"https:\/\/www.fo-saint-etienne.fr\/fomunvse\/index.php?rest_route=\/wp\/v2\/posts\/3107\/revisions\/3114"}],"wp:featuredmedia":[{"embeddable":true,"href":"https:\/\/www.fo-saint-etienne.fr\/fomunvse\/index.php?rest_route=\/wp\/v2\/media\/2839"}],"wp:attachment":[{"href":"https:\/\/www.fo-saint-etienne.fr\/fomunvse\/index.php?rest_route=%2Fwp%2Fv2%2Fmedia&parent=3107"}],"wp:term":[{"taxonomy":"category","embeddable":true,"href":"https:\/\/www.fo-saint-etienne.fr\/fomunvse\/index.php?rest_route=%2Fwp%2Fv2%2Fcategories&post=3107"},{"taxonomy":"post_tag","embeddable":true,"href":"https:\/\/www.fo-saint-etienne.fr\/fomunvse\/index.php?rest_route=%2Fwp%2Fv2%2Ftags&post=3107"}],"curies":[{"name":"wp","href":"https:\/\/api.w.org\/{rel}","templated":true}]}}