{"id":3142,"date":"2025-03-15T10:44:32","date_gmt":"2025-03-15T09:44:32","guid":{"rendered":"http:\/\/www.fo-saint-etienne.fr\/fomunvse\/?p=3142"},"modified":"2025-03-15T10:45:35","modified_gmt":"2025-03-15T09:45:35","slug":"la-reintegration-des-fonctionnaires-en-disponibilite-pour-raisons-familiales-peut-etre-refusee-en-labsence-demploi-vacant","status":"publish","type":"post","link":"https:\/\/www.fo-saint-etienne.fr\/fomunvse\/?p=3142","title":{"rendered":"La r\u00e9int\u00e9gration des fonctionnaires en disponibilit\u00e9 pour raisons familiales peut \u00eatre refus\u00e9e en l&rsquo;absence d&#8217;emploi vacant"},"content":{"rendered":"<h4><span style=\"color: #800080;\"><strong>Le tribunal administratif de Lyon a rappel\u00e9 que la r\u00e9int\u00e9gration d&rsquo;un<\/strong><\/span><br \/>\n<span style=\"color: #800080;\"><strong>fonctionnaire dans son administration, apr\u00e8s une disponibilit\u00e9 accord\u00e9e<\/strong><\/span><br \/>\n<span style=\"color: #800080;\"><strong>de droit pour des raisons familiales, constitue un droit pour ce dernier.<\/strong><\/span><br \/>\n<span style=\"color: #800080;\"><strong>Seul un motif fond\u00e9 sur l&rsquo;int\u00e9r\u00eat du service peut justifier un refus, ont<\/strong><\/span><br \/>\n<span style=\"color: #800080;\"><strong>pr\u00e9cis\u00e9 les juges.<\/strong><\/span><\/h4>\n<h4><span style=\"color: #800080;\"><strong>Dans ce cas, la fonctionnaire avait demand\u00e9 sa r\u00e9int\u00e9gration anticip\u00e9e \u00e0<\/strong><\/span><br \/>\n<span style=\"color: #800080;\"><strong>partir du 9 novembre 2022 suite au d\u00e9c\u00e8s de sa m\u00e8re. Le maire avait<\/strong><\/span><br \/>\n<span style=\"color: #800080;\"><strong>accept\u00e9 sa demande, mais avait d\u00e9cid\u00e9 de la maintenir en disponibilit\u00e9<\/strong><\/span><br \/>\n<span style=\"color: #800080;\"><strong>en raison de l&rsquo;absence d&rsquo;un poste vacant.<\/strong><\/span><\/h4>\n<h5 style=\"text-align: center;\"><span style=\"color: #333399;\"><em><strong>Lire le document ci-dessous \u2026<\/strong><\/em><\/span><\/h5>\n<div class=\"df-element df-lite\"  data-slug=\"\" data-_slug=\"\" data-title=\"la-reintegration-des-fonctionnaires-en-disponibilite-pour-raisons-familiales-peut-etre-refusee-en-labsence-demploi-vacant\" id=\"df_3128\" data-option=\"df_option_3128\" ><\/div><script class=\"df-shortcode-script\" type=\"application\/javascript\">window.df_option_3128 = {\"source\":\"http:\\\/\\\/www.fo-saint-etienne.fr\\\/fomunvse\\\/wp-content\\\/uploads\\\/2025\\\/03\\\/La-reintegration-des-fonctionnaires-en-disponibilite-pour-raisons-familiales-peut-etre-refusee-en-l.pdf\",\"viewerType\":\"flipbook\",\"height\":\"auto\",\"slug\":\"\",\"id\":3128}; if(window.DEARPDF && window.DEARPDF.parseElements){window.DEARPDF.parseElements();}<\/script>\n","protected":false},"excerpt":{"rendered":"<p>Le tribunal administratif de Lyon a rappel\u00e9 que la r\u00e9int\u00e9gration d&rsquo;un fonctionnaire dans son administration, apr\u00e8s une disponibilit\u00e9 accord\u00e9e de droit pour des raisons familiales, [&#8230;]<\/p>\n","protected":false},"author":1,"featured_media":2522,"comment_status":"closed","ping_status":"closed","sticky":false,"template":"","format":"standard","meta":{"jetpack_post_was_ever_published":false,"_jetpack_newsletter_access":"","_jetpack_dont_email_post_to_subs":false,"_jetpack_newsletter_tier_id":0,"_jetpack_memberships_contains_paywalled_content":false,"_jetpack_memberships_contains_paid_content":false,"footnotes":""},"categories":[17],"tags":[],"class_list":["post-3142","post","type-post","status-publish","format-standard","has-post-thumbnail","hentry","category-article"],"jetpack_featured_media_url":"https:\/\/i0.wp.com\/www.fo-saint-etienne.fr\/fomunvse\/wp-content\/uploads\/2025\/01\/legifrance.jpg?fit=398%2C64&ssl=1","jetpack_sharing_enabled":true,"jetpack_shortlink":"https:\/\/wp.me\/p9roQz-OG","jetpack_likes_enabled":false,"publishpress_future_action":{"enabled":false,"date":"2026-05-10 12:40:34","action":"change-status","newStatus":"draft","terms":[],"taxonomy":"category","extraData":[]},"publishpress_future_workflow_manual_trigger":{"enabledWorkflows":[]},"_links":{"self":[{"href":"https:\/\/www.fo-saint-etienne.fr\/fomunvse\/index.php?rest_route=\/wp\/v2\/posts\/3142","targetHints":{"allow":["GET"]}}],"collection":[{"href":"https:\/\/www.fo-saint-etienne.fr\/fomunvse\/index.php?rest_route=\/wp\/v2\/posts"}],"about":[{"href":"https:\/\/www.fo-saint-etienne.fr\/fomunvse\/index.php?rest_route=\/wp\/v2\/types\/post"}],"author":[{"embeddable":true,"href":"https:\/\/www.fo-saint-etienne.fr\/fomunvse\/index.php?rest_route=\/wp\/v2\/users\/1"}],"replies":[{"embeddable":true,"href":"https:\/\/www.fo-saint-etienne.fr\/fomunvse\/index.php?rest_route=%2Fwp%2Fv2%2Fcomments&post=3142"}],"version-history":[{"count":3,"href":"https:\/\/www.fo-saint-etienne.fr\/fomunvse\/index.php?rest_route=\/wp\/v2\/posts\/3142\/revisions"}],"predecessor-version":[{"id":3145,"href":"https:\/\/www.fo-saint-etienne.fr\/fomunvse\/index.php?rest_route=\/wp\/v2\/posts\/3142\/revisions\/3145"}],"wp:featuredmedia":[{"embeddable":true,"href":"https:\/\/www.fo-saint-etienne.fr\/fomunvse\/index.php?rest_route=\/wp\/v2\/media\/2522"}],"wp:attachment":[{"href":"https:\/\/www.fo-saint-etienne.fr\/fomunvse\/index.php?rest_route=%2Fwp%2Fv2%2Fmedia&parent=3142"}],"wp:term":[{"taxonomy":"category","embeddable":true,"href":"https:\/\/www.fo-saint-etienne.fr\/fomunvse\/index.php?rest_route=%2Fwp%2Fv2%2Fcategories&post=3142"},{"taxonomy":"post_tag","embeddable":true,"href":"https:\/\/www.fo-saint-etienne.fr\/fomunvse\/index.php?rest_route=%2Fwp%2Fv2%2Ftags&post=3142"}],"curies":[{"name":"wp","href":"https:\/\/api.w.org\/{rel}","templated":true}]}}