{"id":3171,"date":"2025-03-17T12:46:45","date_gmt":"2025-03-17T11:46:45","guid":{"rendered":"http:\/\/www.fo-saint-etienne.fr\/fomunvse\/?p=3171"},"modified":"2025-03-17T12:48:00","modified_gmt":"2025-03-17T11:48:00","slug":"evaluation-professionnelle-la-convocation-a-un-entretien-professionnel-dun-agent-public-doit-elle-etre-accompagnee-de-la-fiche-de-poste","status":"publish","type":"post","link":"https:\/\/www.fo-saint-etienne.fr\/fomunvse\/?p=3171","title":{"rendered":"Evaluation professionnelle: la convocation \u00e0 un entretien professionnel d&rsquo;un agent public doit- elle \u00eatre accompagn\u00e9e de la fiche de poste ?"},"content":{"rendered":"<h4><span style=\"color: #993366;\">\u00a0Selon les r\u00e8gles en vigueur, la convocation \u00e0 un entretien professionnel pour un agent public doit effectivement \u00eatre accompagn\u00e9e de la fiche de poste. Cette convocation, envoy\u00e9e au moins huit jours avant la date de l\u2019entretien, doit inclure la fiche de poste de l&rsquo;agent ainsi qu&rsquo;un exemplaire de la fiche d&rsquo;entretien professionnel, qui servira de base au compte rendu (article 6 du d\u00e9cret n\u00b02014-1526 du 16 d\u00e9cembre 2014 et article 1-3 du d\u00e9cret n\u00b088-145 du 15 f\u00e9vrier 1988).<\/span><\/h4>\n<h4><span style=\"color: #333399;\">La fiche de poste permet de faire le bilan g\u00e9n\u00e9ral de l\u2019ann\u00e9e \u00e9coul\u00e9e, de fixer les objectifs en mati\u00e8re de formation professionnelle et d&rsquo;\u00e9voquer une \u00e9ventuelle \u00e9volution du contenu de cette fiche.<\/span><\/h4>\n<h4>Toutefois, dans une d\u00e9cision r\u00e9cente (TA Rennes, 10 novembre 2023, n\u00b0212914), le juge administratif <span style=\"color: #ff6600;\">a consid\u00e9r\u00e9 que l&rsquo;absence de transmission de la fiche de poste avec la convocation n&rsquo;entra\u00eenait pas n\u00e9cessairement l&rsquo;irr\u00e9gularit\u00e9 de la proc\u00e9dure<\/span>.<\/h4>\n<h4><span style=\"color: #333399;\">En effet, dans ce cas sp\u00e9cifique, l&rsquo;agent, qui occupait les m\u00eames<\/span><br \/>\n<span style=\"color: #333399;\">fonctions <span style=\"color: #ff6600;\">depuis plus de 7 ans et avait demand\u00e9 la r\u00e9vision de <\/span><\/span><span style=\"color: #ff6600;\">sa fiche de poste, avait n\u00e9cessairement connaissance de celle-<\/span><span style=\"color: #333399;\"><span style=\"color: #ff6600;\">ci<\/span>.<\/span><\/h4>\n<h4><span style=\"color: #993300;\"><strong>Par cons\u00e9quent, l&rsquo;absence de transmission n&rsquo;a pas \u00e9t\u00e9 jug\u00e9e <\/strong><strong>comme une violation des r\u00e8gles de proc\u00e9dure<\/strong><\/span><\/h4>\n<h5 style=\"text-align: center;\"><span style=\"color: #333399;\"><em><strong>Lire le document ci-dessous \u2026<\/strong><\/em><\/span><\/h5>\n<div class=\"df-element df-lite\"  data-slug=\"\" data-_slug=\"\" data-title=\"evaluation-professionnelle-la-convocation-a-un-entretien-professionnel-dun-agent-public-doit-elle-etre-accompagnee-de-la-fiche-de-poste\" id=\"df_3166\" data-option=\"df_option_3166\" ><\/div><script class=\"df-shortcode-script\" type=\"application\/javascript\">window.df_option_3166 = {\"source\":\"http:\\\/\\\/www.fo-saint-etienne.fr\\\/fomunvse\\\/wp-content\\\/uploads\\\/2025\\\/03\\\/212914-TA-2023-Fiche-de-poste-entretien-professionnel.pdf\",\"viewerType\":\"flipbook\",\"height\":\"auto\",\"slug\":\"\",\"id\":3166}; if(window.DEARPDF && window.DEARPDF.parseElements){window.DEARPDF.parseElements();}<\/script>\n","protected":false},"excerpt":{"rendered":"<p>\u00a0Selon les r\u00e8gles en vigueur, la convocation \u00e0 un entretien professionnel pour un agent public doit effectivement \u00eatre accompagn\u00e9e de la fiche de poste. Cette [&#8230;]<\/p>\n","protected":false},"author":1,"featured_media":2752,"comment_status":"closed","ping_status":"closed","sticky":false,"template":"","format":"standard","meta":{"jetpack_post_was_ever_published":false,"_jetpack_newsletter_access":"","_jetpack_dont_email_post_to_subs":false,"_jetpack_newsletter_tier_id":0,"_jetpack_memberships_contains_paywalled_content":false,"_jetpack_memberships_contains_paid_content":false,"footnotes":""},"categories":[17],"tags":[],"class_list":["post-3171","post","type-post","status-publish","format-standard","has-post-thumbnail","hentry","category-article"],"jetpack_featured_media_url":"https:\/\/i0.wp.com\/www.fo-saint-etienne.fr\/fomunvse\/wp-content\/uploads\/2025\/01\/menaces.png?fit=920%2C520&ssl=1","jetpack_sharing_enabled":true,"jetpack_shortlink":"https:\/\/wp.me\/p9roQz-P9","jetpack_likes_enabled":false,"publishpress_future_action":{"enabled":false,"date":"2026-05-10 12:39:04","action":"change-status","newStatus":"draft","terms":[],"taxonomy":"category","extraData":[]},"publishpress_future_workflow_manual_trigger":{"enabledWorkflows":[]},"_links":{"self":[{"href":"https:\/\/www.fo-saint-etienne.fr\/fomunvse\/index.php?rest_route=\/wp\/v2\/posts\/3171","targetHints":{"allow":["GET"]}}],"collection":[{"href":"https:\/\/www.fo-saint-etienne.fr\/fomunvse\/index.php?rest_route=\/wp\/v2\/posts"}],"about":[{"href":"https:\/\/www.fo-saint-etienne.fr\/fomunvse\/index.php?rest_route=\/wp\/v2\/types\/post"}],"author":[{"embeddable":true,"href":"https:\/\/www.fo-saint-etienne.fr\/fomunvse\/index.php?rest_route=\/wp\/v2\/users\/1"}],"replies":[{"embeddable":true,"href":"https:\/\/www.fo-saint-etienne.fr\/fomunvse\/index.php?rest_route=%2Fwp%2Fv2%2Fcomments&post=3171"}],"version-history":[{"count":2,"href":"https:\/\/www.fo-saint-etienne.fr\/fomunvse\/index.php?rest_route=\/wp\/v2\/posts\/3171\/revisions"}],"predecessor-version":[{"id":3173,"href":"https:\/\/www.fo-saint-etienne.fr\/fomunvse\/index.php?rest_route=\/wp\/v2\/posts\/3171\/revisions\/3173"}],"wp:featuredmedia":[{"embeddable":true,"href":"https:\/\/www.fo-saint-etienne.fr\/fomunvse\/index.php?rest_route=\/wp\/v2\/media\/2752"}],"wp:attachment":[{"href":"https:\/\/www.fo-saint-etienne.fr\/fomunvse\/index.php?rest_route=%2Fwp%2Fv2%2Fmedia&parent=3171"}],"wp:term":[{"taxonomy":"category","embeddable":true,"href":"https:\/\/www.fo-saint-etienne.fr\/fomunvse\/index.php?rest_route=%2Fwp%2Fv2%2Fcategories&post=3171"},{"taxonomy":"post_tag","embeddable":true,"href":"https:\/\/www.fo-saint-etienne.fr\/fomunvse\/index.php?rest_route=%2Fwp%2Fv2%2Ftags&post=3171"}],"curies":[{"name":"wp","href":"https:\/\/api.w.org\/{rel}","templated":true}]}}