{"id":3213,"date":"2025-03-24T06:30:42","date_gmt":"2025-03-24T05:30:42","guid":{"rendered":"http:\/\/www.fo-saint-etienne.fr\/fomunvse\/?p=3213"},"modified":"2025-03-18T12:13:37","modified_gmt":"2025-03-18T11:13:37","slug":"fonction-publique-a-quand-des-moyens-pour-reconstruire-lattractivite","status":"publish","type":"post","link":"https:\/\/www.fo-saint-etienne.fr\/fomunvse\/?p=3213","title":{"rendered":"Fonction publique : A quand des moyens pour reconstruire \u00ab l\u2019attractivit\u00e9 \u00bb ?"},"content":{"rendered":"<h4><span style=\"color: #993366;\"><strong>Tandis que le nouveau ministre, Laurent Marcangeli dit souhaiter que la Fonction publique retrouve de l\u2019attractivit\u00e9, France strat\u00e9gie pointe une situation de d\u00e9samour inqui\u00e9tante et souligne par un rapport et une note d\u2019analyse tout le \u00ab d\u00e9fi \u00bb \u00e0 relever. Reste que le gouvernement n\u2019actionne toujours pas le levier salarial, essentiel cependant pour rendre de nouveau les carri\u00e8res publiques attractives.<\/strong><\/span><\/h4>\n<p style=\"text-align: right;\"><span style=\"color: #ff0000;\"><em><strong>INFO MILITANTE Publi\u00e9 mardi 18 mars 2025 par Val\u00e9rie Forgeront, L\u2019inFO militante<\/strong><\/em><\/span><\/p>\n<h5 style=\"text-align: center;\"><span style=\"color: #008000;\"><em><strong>Vous pouvez lire ou t\u00e9l\u00e9charger ce document ci-dessous \u2026<\/strong><\/em><\/span><\/h5>\n<div class=\"df-element df-lite\"  data-slug=\"\" data-_slug=\"\" data-title=\"fonction-publique-a-quand-des-moyens-pour-reconstruire-lattractivite\" id=\"df_3211\" data-option=\"df_option_3211\" ><\/div><script class=\"df-shortcode-script\" type=\"application\/javascript\">window.df_option_3211 = {\"source\":\"http:\\\/\\\/www.fo-saint-etienne.fr\\\/fomunvse\\\/wp-content\\\/uploads\\\/2025\\\/03\\\/Fonction-publique-a-quand-les-moyens-pour-reconstruire-lattractivite.pdf\",\"viewerType\":\"flipbook\",\"height\":\"auto\",\"slug\":\"\",\"id\":3211}; if(window.DEARPDF && window.DEARPDF.parseElements){window.DEARPDF.parseElements();}<\/script>\n","protected":false},"excerpt":{"rendered":"<p>Tandis que le nouveau ministre, Laurent Marcangeli dit souhaiter que la Fonction publique retrouve de l\u2019attractivit\u00e9, France strat\u00e9gie pointe une situation de d\u00e9samour inqui\u00e9tante et [&#8230;]<\/p>\n","protected":false},"author":1,"featured_media":3215,"comment_status":"closed","ping_status":"closed","sticky":false,"template":"","format":"standard","meta":{"jetpack_post_was_ever_published":false,"_jetpack_newsletter_access":"","_jetpack_dont_email_post_to_subs":false,"_jetpack_newsletter_tier_id":0,"_jetpack_memberships_contains_paywalled_content":false,"_jetpack_memberships_contains_paid_content":false,"footnotes":""},"categories":[17],"tags":[],"class_list":["post-3213","post","type-post","status-publish","format-standard","has-post-thumbnail","hentry","category-article"],"jetpack_featured_media_url":"https:\/\/i0.wp.com\/www.fo-saint-etienne.fr\/fomunvse\/wp-content\/uploads\/2025\/03\/8.png?fit=950%2C534&ssl=1","jetpack_sharing_enabled":true,"jetpack_shortlink":"https:\/\/wp.me\/p9roQz-PP","jetpack_likes_enabled":false,"publishpress_future_action":{"enabled":false,"date":"2026-05-10 12:16:50","action":"change-status","newStatus":"draft","terms":[],"taxonomy":"category","extraData":[]},"publishpress_future_workflow_manual_trigger":{"enabledWorkflows":[]},"_links":{"self":[{"href":"https:\/\/www.fo-saint-etienne.fr\/fomunvse\/index.php?rest_route=\/wp\/v2\/posts\/3213","targetHints":{"allow":["GET"]}}],"collection":[{"href":"https:\/\/www.fo-saint-etienne.fr\/fomunvse\/index.php?rest_route=\/wp\/v2\/posts"}],"about":[{"href":"https:\/\/www.fo-saint-etienne.fr\/fomunvse\/index.php?rest_route=\/wp\/v2\/types\/post"}],"author":[{"embeddable":true,"href":"https:\/\/www.fo-saint-etienne.fr\/fomunvse\/index.php?rest_route=\/wp\/v2\/users\/1"}],"replies":[{"embeddable":true,"href":"https:\/\/www.fo-saint-etienne.fr\/fomunvse\/index.php?rest_route=%2Fwp%2Fv2%2Fcomments&post=3213"}],"version-history":[{"count":2,"href":"https:\/\/www.fo-saint-etienne.fr\/fomunvse\/index.php?rest_route=\/wp\/v2\/posts\/3213\/revisions"}],"predecessor-version":[{"id":3217,"href":"https:\/\/www.fo-saint-etienne.fr\/fomunvse\/index.php?rest_route=\/wp\/v2\/posts\/3213\/revisions\/3217"}],"wp:featuredmedia":[{"embeddable":true,"href":"https:\/\/www.fo-saint-etienne.fr\/fomunvse\/index.php?rest_route=\/wp\/v2\/media\/3215"}],"wp:attachment":[{"href":"https:\/\/www.fo-saint-etienne.fr\/fomunvse\/index.php?rest_route=%2Fwp%2Fv2%2Fmedia&parent=3213"}],"wp:term":[{"taxonomy":"category","embeddable":true,"href":"https:\/\/www.fo-saint-etienne.fr\/fomunvse\/index.php?rest_route=%2Fwp%2Fv2%2Fcategories&post=3213"},{"taxonomy":"post_tag","embeddable":true,"href":"https:\/\/www.fo-saint-etienne.fr\/fomunvse\/index.php?rest_route=%2Fwp%2Fv2%2Ftags&post=3213"}],"curies":[{"name":"wp","href":"https:\/\/api.w.org\/{rel}","templated":true}]}}