{"id":3229,"date":"2025-03-18T19:09:09","date_gmt":"2025-03-18T18:09:09","guid":{"rendered":"http:\/\/www.fo-saint-etienne.fr\/fomunvse\/?p=3229"},"modified":"2025-03-18T19:10:03","modified_gmt":"2025-03-18T18:10:03","slug":"retraites-deja-du-plomb-dans-laile-pour-le-conclave-de-la-fonction-publique","status":"publish","type":"post","link":"https:\/\/www.fo-saint-etienne.fr\/fomunvse\/?p=3229","title":{"rendered":"Retraites : d\u00e9j\u00e0 du plomb dans l\u2019aile pour le \u201cconclave\u201d de la fonction publique"},"content":{"rendered":"<h4><strong><span style=\"color: #993366;\"><em>Retraites :<\/em> <span style=\"color: #333399;\">d\u00e9j\u00e0 du plomb dans l\u2019aile pour le \u201cconclave\u201d de la fonction publique Alors que la concertation lanc\u00e9e fin f\u00e9vrier concernait principalement les retraites du secteur priv\u00e9, des discussions sp\u00e9cifiques \u00e0 la fonction publique seront lanc\u00e9es ce mercredi 19 mars. L\u2019avenir de ces \u00e9changes est n\u00e9anmoins d\u00e9j\u00e0 questionn\u00e9 apr\u00e8s que<\/span> <span style=\"color: #ff0000;\">le Premier ministre Fran\u00e7ois Bayrou a ferm\u00e9 explicitement la porte \u00e0 un retour aux <\/span><span style=\"color: #ff0000;\">62 ans<\/span>.<\/span><\/strong><\/h4>\n<h5 style=\"text-align: center;\"><span style=\"color: #008000;\"><strong>Vous pouvez lire ou t\u00e9l\u00e9charger ce document ci-dessous \u2026<\/strong><\/span><\/h5>\n<div class=\"df-element df-lite\"  data-slug=\"\" data-_slug=\"\" data-title=\"retraites-deja-du-plomb-dans-laile-pour-le-conclave-de-la-fonction-publique\" id=\"df_3227\" data-option=\"df_option_3227\" ><\/div><script class=\"df-shortcode-script\" type=\"application\/javascript\">window.df_option_3227 = {\"source\":\"http:\\\/\\\/www.fo-saint-etienne.fr\\\/fomunvse\\\/wp-content\\\/uploads\\\/2025\\\/03\\\/Retraites-Suite.doc.pdf\",\"viewerType\":\"flipbook\",\"height\":\"auto\",\"slug\":\"\",\"id\":3227}; if(window.DEARPDF && window.DEARPDF.parseElements){window.DEARPDF.parseElements();}<\/script>\n","protected":false},"excerpt":{"rendered":"<p>Retraites : d\u00e9j\u00e0 du plomb dans l\u2019aile pour le \u201cconclave\u201d de la fonction publique Alors que la concertation lanc\u00e9e fin f\u00e9vrier concernait principalement les retraites [&#8230;]<\/p>\n","protected":false},"author":1,"featured_media":3232,"comment_status":"closed","ping_status":"closed","sticky":false,"template":"","format":"standard","meta":{"jetpack_post_was_ever_published":false,"_jetpack_newsletter_access":"","_jetpack_dont_email_post_to_subs":false,"_jetpack_newsletter_tier_id":0,"_jetpack_memberships_contains_paywalled_content":false,"_jetpack_memberships_contains_paid_content":false,"footnotes":""},"categories":[17],"tags":[],"class_list":["post-3229","post","type-post","status-publish","format-standard","has-post-thumbnail","hentry","category-article"],"jetpack_featured_media_url":"https:\/\/i0.wp.com\/www.fo-saint-etienne.fr\/fomunvse\/wp-content\/uploads\/2025\/03\/Retraites.png?fit=950%2C583&ssl=1","jetpack_sharing_enabled":true,"jetpack_shortlink":"https:\/\/wp.me\/p9roQz-Q5","jetpack_likes_enabled":false,"publishpress_future_action":{"enabled":false,"date":"2026-05-10 12:37:56","action":"change-status","newStatus":"draft","terms":[],"taxonomy":"category","extraData":[]},"publishpress_future_workflow_manual_trigger":{"enabledWorkflows":[]},"_links":{"self":[{"href":"https:\/\/www.fo-saint-etienne.fr\/fomunvse\/index.php?rest_route=\/wp\/v2\/posts\/3229","targetHints":{"allow":["GET"]}}],"collection":[{"href":"https:\/\/www.fo-saint-etienne.fr\/fomunvse\/index.php?rest_route=\/wp\/v2\/posts"}],"about":[{"href":"https:\/\/www.fo-saint-etienne.fr\/fomunvse\/index.php?rest_route=\/wp\/v2\/types\/post"}],"author":[{"embeddable":true,"href":"https:\/\/www.fo-saint-etienne.fr\/fomunvse\/index.php?rest_route=\/wp\/v2\/users\/1"}],"replies":[{"embeddable":true,"href":"https:\/\/www.fo-saint-etienne.fr\/fomunvse\/index.php?rest_route=%2Fwp%2Fv2%2Fcomments&post=3229"}],"version-history":[{"count":3,"href":"https:\/\/www.fo-saint-etienne.fr\/fomunvse\/index.php?rest_route=\/wp\/v2\/posts\/3229\/revisions"}],"predecessor-version":[{"id":3233,"href":"https:\/\/www.fo-saint-etienne.fr\/fomunvse\/index.php?rest_route=\/wp\/v2\/posts\/3229\/revisions\/3233"}],"wp:featuredmedia":[{"embeddable":true,"href":"https:\/\/www.fo-saint-etienne.fr\/fomunvse\/index.php?rest_route=\/wp\/v2\/media\/3232"}],"wp:attachment":[{"href":"https:\/\/www.fo-saint-etienne.fr\/fomunvse\/index.php?rest_route=%2Fwp%2Fv2%2Fmedia&parent=3229"}],"wp:term":[{"taxonomy":"category","embeddable":true,"href":"https:\/\/www.fo-saint-etienne.fr\/fomunvse\/index.php?rest_route=%2Fwp%2Fv2%2Fcategories&post=3229"},{"taxonomy":"post_tag","embeddable":true,"href":"https:\/\/www.fo-saint-etienne.fr\/fomunvse\/index.php?rest_route=%2Fwp%2Fv2%2Ftags&post=3229"}],"curies":[{"name":"wp","href":"https:\/\/api.w.org\/{rel}","templated":true}]}}