{"id":3257,"date":"2025-03-19T17:16:06","date_gmt":"2025-03-19T16:16:06","guid":{"rendered":"http:\/\/www.fo-saint-etienne.fr\/fomunvse\/?p=3257"},"modified":"2025-03-19T17:19:15","modified_gmt":"2025-03-19T16:19:15","slug":"communique-de-presse-reunion-retraites-declaration-liminaire","status":"publish","type":"post","link":"https:\/\/www.fo-saint-etienne.fr\/fomunvse\/?p=3257","title":{"rendered":"Communiqu\u00e9 de presse &#8211; R\u00e9union retraites : D\u00e9claration liminaire"},"content":{"rendered":"<h4><em><span style=\"color: #993366;\"><strong>Secteur de l\u2019Emploi et des Retraites : <\/strong><\/span><\/em><strong><em><span style=\"color: #993366;\">Communiqu\u00e9 de presse<\/span>\u00a0<\/em><\/strong><\/h4>\n<h4><span style=\"color: #333399;\"><strong>Le 20 f\u00e9vrier, les organisations syndicales ont re\u00e7u le rapport de la Cour des comptes <\/strong><\/span><span style=\"color: #333399;\"><strong>sur les retraites. Ce rapport confirme que la r\u00e9forme des retraites de 2023 est injuste, <\/strong><\/span><span style=\"color: #333399;\"><strong>brutale et injustifi\u00e9e. Pour autant, la Conf\u00e9d\u00e9ration Force ouvri\u00e8re est convi\u00e9e \u00e0 une <\/strong><\/span><span style=\"color: #333399;\"><strong>premi\u00e8re r\u00e9union d\u2019\u00e9change sur les retraites ce\u00a0 jeudi 27 f\u00e9vrier.<br \/>\n<\/strong><\/span><br \/>\n<span style=\"color: #333399;\"><strong>Concernant la concertation sur les retraites, Force Ouvri\u00e8re l\u2019a dit depuis le d\u00e9but :<\/strong><\/span><br \/>\n<span style=\"color: #333399;\"><strong>\u00ab Ni le format, ni le p\u00e9rim\u00e8tre, ni la m\u00e9thode ne nous conviennent ! \u00bb.<br \/>\nNous n\u2019avons <\/strong><\/span><span style=\"color: #333399;\"><strong>pas \u00e9t\u00e9 entendus. La revendication de Force Ouvri\u00e8re est et reste l\u2019abrogation de la <\/strong><\/span><span style=\"color: #333399;\"><strong>r\u00e9forme des retraites de 2023.<\/strong><\/span><\/h4>\n<h4><span style=\"color: #333399;\"><strong>Or l\u2019ex\u00e9cutif, depuis le 20 f\u00e9vrier, communique en disant que l\u2019on ne peut pas<\/strong><\/span><br \/>\n<span style=\"color: #333399;\"><strong>toucher aux 64 ans ni au p\u00e9rim\u00e8tre financier.<\/strong><\/span><\/h4>\n<h5 style=\"text-align: center;\"><a href=\"http:\/\/www.fo-saint-etienne.fr\/fomunvse\/wp-content\/uploads\/2025\/03\/Reunion-retraites-Declaration-liminaire.pdf\" target=\"_blank\" rel=\"noopener\"><span style=\"color: #008000;\"><em><strong>Vous pouvez lire ou t\u00e9l\u00e9charger ce document ci-dessous \u2026<\/strong><\/em><\/span><\/a><\/h5>\n<div class=\"df-element df-lite\"  data-slug=\"\" data-_slug=\"\" data-title=\"reunion-retraites-declaration-liminaire\" id=\"df_3251\" data-option=\"df_option_3251\" ><\/div><script class=\"df-shortcode-script\" type=\"application\/javascript\">window.df_option_3251 = {\"source\":\"http:\\\/\\\/www.fo-saint-etienne.fr\\\/fomunvse\\\/wp-content\\\/uploads\\\/2025\\\/03\\\/Reunion-retraites-Declaration-liminaire.pdf\",\"viewerType\":\"flipbook\",\"height\":\"auto\",\"slug\":\"\",\"id\":3251}; if(window.DEARPDF && window.DEARPDF.parseElements){window.DEARPDF.parseElements();}<\/script>\n","protected":false},"excerpt":{"rendered":"<p>Secteur de l\u2019Emploi et des Retraites : Communiqu\u00e9 de presse\u00a0 Le 20 f\u00e9vrier, les organisations syndicales ont re\u00e7u le rapport de la Cour des comptes [&#8230;]<\/p>\n","protected":false},"author":1,"featured_media":2839,"comment_status":"closed","ping_status":"closed","sticky":false,"template":"","format":"standard","meta":{"jetpack_post_was_ever_published":false,"_jetpack_newsletter_access":"","_jetpack_dont_email_post_to_subs":false,"_jetpack_newsletter_tier_id":0,"_jetpack_memberships_contains_paywalled_content":false,"_jetpack_memberships_contains_paid_content":false,"footnotes":""},"categories":[17],"tags":[],"class_list":["post-3257","post","type-post","status-publish","format-standard","has-post-thumbnail","hentry","category-article"],"jetpack_featured_media_url":"https:\/\/i0.wp.com\/www.fo-saint-etienne.fr\/fomunvse\/wp-content\/uploads\/2025\/02\/FO-communique-de-presse.png?fit=900%2C174&ssl=1","jetpack_sharing_enabled":true,"jetpack_shortlink":"https:\/\/wp.me\/p9roQz-Qx","jetpack_likes_enabled":false,"publishpress_future_action":{"enabled":false,"date":"2026-05-10 12:39:51","action":"change-status","newStatus":"draft","terms":[],"taxonomy":"category","extraData":[]},"publishpress_future_workflow_manual_trigger":{"enabledWorkflows":[]},"_links":{"self":[{"href":"https:\/\/www.fo-saint-etienne.fr\/fomunvse\/index.php?rest_route=\/wp\/v2\/posts\/3257","targetHints":{"allow":["GET"]}}],"collection":[{"href":"https:\/\/www.fo-saint-etienne.fr\/fomunvse\/index.php?rest_route=\/wp\/v2\/posts"}],"about":[{"href":"https:\/\/www.fo-saint-etienne.fr\/fomunvse\/index.php?rest_route=\/wp\/v2\/types\/post"}],"author":[{"embeddable":true,"href":"https:\/\/www.fo-saint-etienne.fr\/fomunvse\/index.php?rest_route=\/wp\/v2\/users\/1"}],"replies":[{"embeddable":true,"href":"https:\/\/www.fo-saint-etienne.fr\/fomunvse\/index.php?rest_route=%2Fwp%2Fv2%2Fcomments&post=3257"}],"version-history":[{"count":5,"href":"https:\/\/www.fo-saint-etienne.fr\/fomunvse\/index.php?rest_route=\/wp\/v2\/posts\/3257\/revisions"}],"predecessor-version":[{"id":3262,"href":"https:\/\/www.fo-saint-etienne.fr\/fomunvse\/index.php?rest_route=\/wp\/v2\/posts\/3257\/revisions\/3262"}],"wp:featuredmedia":[{"embeddable":true,"href":"https:\/\/www.fo-saint-etienne.fr\/fomunvse\/index.php?rest_route=\/wp\/v2\/media\/2839"}],"wp:attachment":[{"href":"https:\/\/www.fo-saint-etienne.fr\/fomunvse\/index.php?rest_route=%2Fwp%2Fv2%2Fmedia&parent=3257"}],"wp:term":[{"taxonomy":"category","embeddable":true,"href":"https:\/\/www.fo-saint-etienne.fr\/fomunvse\/index.php?rest_route=%2Fwp%2Fv2%2Fcategories&post=3257"},{"taxonomy":"post_tag","embeddable":true,"href":"https:\/\/www.fo-saint-etienne.fr\/fomunvse\/index.php?rest_route=%2Fwp%2Fv2%2Ftags&post=3257"}],"curies":[{"name":"wp","href":"https:\/\/api.w.org\/{rel}","templated":true}]}}