{"id":3269,"date":"2025-03-24T08:15:52","date_gmt":"2025-03-24T07:15:52","guid":{"rendered":"http:\/\/www.fo-saint-etienne.fr\/fomunvse\/?p=3269"},"modified":"2025-03-20T09:08:43","modified_gmt":"2025-03-20T08:08:43","slug":"formation-des-policiers-municipaux-qui-va-payer","status":"publish","type":"post","link":"https:\/\/www.fo-saint-etienne.fr\/fomunvse\/?p=3269","title":{"rendered":"Formation des policiers municipaux : qui va payer ?"},"content":{"rendered":"<h4><span style=\"color: #993366;\">Face \u00e0 la hausse des besoins de formation des PM, le pr\u00e9sident du CNFPT sugg\u00e8re une surcotisation. Elus et syndicats s&rsquo;y opposent.<\/span><\/h4>\n<h4><span style=\"color: #333399;\"><strong>C\u2019est un pav\u00e9 dans la mare qui n\u2019a gu\u00e8re plu aux \u00e9lus et aux organisations syndicales. Alors que le Beauvau des polices municipales a repris fin f\u00e9vrier, le pr\u00e9sident du CNFPT, Yohann N\u00e9d\u00e9lec, revient sur l\u2019\u00e9pineuse question du financement de la formation des PM et sugg\u00e8re la cr\u00e9ation d\u2019une \u00ab cotisation additionnelle sp\u00e9cifique \u00bb. \u00ab La police municipale repr\u00e9sente environ 1,2 % des effectifs de la fonction publique territoriale, mais 15 % de la d\u00e9pense du CNFPT dans le cadre de la formation, argumente-t-il. Il faudra ouvrir les portes du d\u00e9bat, y compris sur une cotisation additionnelle sp\u00e9cifique <\/strong><\/span><span style=\"color: #333399;\"><strong>pour les polices municipales afin de ne pas p\u00e9naliser l\u2019int\u00e9gralit\u00e9 des communes. \u00bb<\/strong><\/span><\/h4>\n<h5 style=\"text-align: center;\"><a href=\"http:\/\/www.fo-saint-etienne.fr\/fomunvse\/wp-content\/uploads\/2025\/03\/Formation-des-policiers-municipaux-qui-va-paye.pdf\" target=\"_blank\" rel=\"noopener\"><span style=\"color: #008000;\"><strong>Vous pouvez lire ou t\u00e9l\u00e9charger ce document ci-dessous \u2026<\/strong><\/span><\/a><\/h5>\n<div class=\"df-element df-lite\"  data-slug=\"\" data-_slug=\"\" data-title=\"formation-des-policiers-municipaux-qui-va-payer\" id=\"df_3267\" data-option=\"df_option_3267\" ><\/div><script class=\"df-shortcode-script\" type=\"application\/javascript\">window.df_option_3267 = {\"source\":\"http:\\\/\\\/www.fo-saint-etienne.fr\\\/fomunvse\\\/wp-content\\\/uploads\\\/2025\\\/03\\\/Formation-des-policiers-municipaux-qui-va-paye.pdf\",\"viewerType\":\"flipbook\",\"height\":\"auto\",\"slug\":\"\",\"id\":3267}; if(window.DEARPDF && window.DEARPDF.parseElements){window.DEARPDF.parseElements();}<\/script>\n","protected":false},"excerpt":{"rendered":"<p>Face \u00e0 la hausse des besoins de formation des PM, le pr\u00e9sident du CNFPT sugg\u00e8re une surcotisation. Elus et syndicats s&rsquo;y opposent. C\u2019est un pav\u00e9 [&#8230;]<\/p>\n","protected":false},"author":1,"featured_media":2713,"comment_status":"closed","ping_status":"closed","sticky":false,"template":"","format":"standard","meta":{"jetpack_post_was_ever_published":false,"_jetpack_newsletter_access":"","_jetpack_dont_email_post_to_subs":false,"_jetpack_newsletter_tier_id":0,"_jetpack_memberships_contains_paywalled_content":false,"_jetpack_memberships_contains_paid_content":false,"footnotes":""},"categories":[17],"tags":[],"class_list":["post-3269","post","type-post","status-publish","format-standard","has-post-thumbnail","hentry","category-article"],"jetpack_featured_media_url":"https:\/\/i0.wp.com\/www.fo-saint-etienne.fr\/fomunvse\/wp-content\/uploads\/2025\/01\/La-gazette-des-communes2.png?fit=761%2C70&ssl=1","jetpack_sharing_enabled":true,"jetpack_shortlink":"https:\/\/wp.me\/p9roQz-QJ","jetpack_likes_enabled":false,"publishpress_future_action":{"enabled":false,"date":"2026-05-10 11:14:09","action":"change-status","newStatus":"draft","terms":[],"taxonomy":"category","extraData":[]},"publishpress_future_workflow_manual_trigger":{"enabledWorkflows":[]},"_links":{"self":[{"href":"https:\/\/www.fo-saint-etienne.fr\/fomunvse\/index.php?rest_route=\/wp\/v2\/posts\/3269","targetHints":{"allow":["GET"]}}],"collection":[{"href":"https:\/\/www.fo-saint-etienne.fr\/fomunvse\/index.php?rest_route=\/wp\/v2\/posts"}],"about":[{"href":"https:\/\/www.fo-saint-etienne.fr\/fomunvse\/index.php?rest_route=\/wp\/v2\/types\/post"}],"author":[{"embeddable":true,"href":"https:\/\/www.fo-saint-etienne.fr\/fomunvse\/index.php?rest_route=\/wp\/v2\/users\/1"}],"replies":[{"embeddable":true,"href":"https:\/\/www.fo-saint-etienne.fr\/fomunvse\/index.php?rest_route=%2Fwp%2Fv2%2Fcomments&post=3269"}],"version-history":[{"count":5,"href":"https:\/\/www.fo-saint-etienne.fr\/fomunvse\/index.php?rest_route=\/wp\/v2\/posts\/3269\/revisions"}],"predecessor-version":[{"id":3274,"href":"https:\/\/www.fo-saint-etienne.fr\/fomunvse\/index.php?rest_route=\/wp\/v2\/posts\/3269\/revisions\/3274"}],"wp:featuredmedia":[{"embeddable":true,"href":"https:\/\/www.fo-saint-etienne.fr\/fomunvse\/index.php?rest_route=\/wp\/v2\/media\/2713"}],"wp:attachment":[{"href":"https:\/\/www.fo-saint-etienne.fr\/fomunvse\/index.php?rest_route=%2Fwp%2Fv2%2Fmedia&parent=3269"}],"wp:term":[{"taxonomy":"category","embeddable":true,"href":"https:\/\/www.fo-saint-etienne.fr\/fomunvse\/index.php?rest_route=%2Fwp%2Fv2%2Fcategories&post=3269"},{"taxonomy":"post_tag","embeddable":true,"href":"https:\/\/www.fo-saint-etienne.fr\/fomunvse\/index.php?rest_route=%2Fwp%2Fv2%2Ftags&post=3269"}],"curies":[{"name":"wp","href":"https:\/\/api.w.org\/{rel}","templated":true}]}}