{"id":3278,"date":"2025-03-27T07:00:03","date_gmt":"2025-03-27T06:00:03","guid":{"rendered":"http:\/\/www.fo-saint-etienne.fr\/fomunvse\/?p=3278"},"modified":"2025-03-27T10:21:49","modified_gmt":"2025-03-27T09:21:49","slug":"pas-dassouplissement-en-vue-des-regles-sur-le-cumul-emploi-retraite-pour-les-fonctionnaires","status":"publish","type":"post","link":"https:\/\/www.fo-saint-etienne.fr\/fomunvse\/?p=3278","title":{"rendered":"Application des nouvelles r\u00e8gles d\u2019indemnisation des trois premiers mois de cong\u00e9 de maladie ordinaire"},"content":{"rendered":"<h4 style=\"color: #993366;\">1\/ En premier lieu, il convient de rappeler que les dispositions de l&rsquo;article L. 822-3 du code g\u00e9n\u00e9ral de la fonction publique &#8211; pr\u00e9voyant d\u00e9sormais le maintien de 90 % du traitement pendant les trois\u00a0 premiers mois du cong\u00e9 de maladie ordinaire &#8211; s\u2019imposent aux employeurs.<\/p>\n<p><span style=\"color: #000080;\"> 2\/ S\u2019agissant des cons\u00e9quences de la r\u00e9forme sur la validation des trimestres pris en compte en liquidation, nous vous confirmons qu\u2019aux termes de l\u2019article 13 du d\u00e9cret n\u00b0 2003-1306 du 26 d\u00e9cembre 2003, les p\u00e9riodes de cong\u00e9s de maladie, bien qu\u2019elles ne comportent pas l\u2019accomplissement de services effectifs, sont prises en compte dans la constitution du droit \u00e0 pension. La nouvelle r\u00e8gle d\u2019indemnisation des trois premiers mois du cong\u00e9 de maladie ordinaire est donc sans effet sur le nombre de trimestres comptabilis\u00e9s en liquidation.<\/span><\/h4>\n<h5 style=\"text-align: center;\"><a href=\"http:\/\/www.fo-saint-etienne.fr\/fomunvse\/wp-content\/uploads\/2025\/03\/Fiches-DGCL-Indemnisation-des-3-premiers-mois-de-CMO.pdf\" target=\"_blank\" rel=\"noopener\"><span style=\"color: #008000;\"><strong>Vous pouvez lire ou t\u00e9l\u00e9charger ce document ci-dessous \u2026<\/strong><\/span><\/a><\/h5>\n<div class=\"df-element df-lite\"  data-slug=\"\" data-_slug=\"\" data-title=\"indemnisation-des-trois-premiers-mois-de-conge-de-maladie-ordinaire\" id=\"df_3283\" data-option=\"df_option_3283\" ><\/div><script class=\"df-shortcode-script\" type=\"application\/javascript\">window.df_option_3283 = {\"source\":\"http:\\\/\\\/www.fo-saint-etienne.fr\\\/fomunvse\\\/wp-content\\\/uploads\\\/2025\\\/03\\\/Fiches-DGCL-Indemnisation-des-3-premiers-mois-de-CMO.pdf\",\"viewerType\":\"flipbook\",\"height\":\"auto\",\"slug\":\"\",\"id\":3283}; if(window.DEARPDF && window.DEARPDF.parseElements){window.DEARPDF.parseElements();}<\/script>\n<p>&nbsp;<\/p>\n","protected":false},"excerpt":{"rendered":"<p>1\/ En premier lieu, il convient de rappeler que les dispositions de l&rsquo;article L. 822-3 du code g\u00e9n\u00e9ral de la fonction publique &#8211; pr\u00e9voyant d\u00e9sormais [&#8230;]<\/p>\n","protected":false},"author":1,"featured_media":2513,"comment_status":"closed","ping_status":"closed","sticky":false,"template":"","format":"standard","meta":{"jetpack_post_was_ever_published":false,"_jetpack_newsletter_access":"","_jetpack_dont_email_post_to_subs":false,"_jetpack_newsletter_tier_id":0,"_jetpack_memberships_contains_paywalled_content":false,"_jetpack_memberships_contains_paid_content":false,"footnotes":""},"categories":[17],"tags":[],"class_list":["post-3278","post","type-post","status-publish","format-standard","has-post-thumbnail","hentry","category-article"],"jetpack_featured_media_url":"https:\/\/i0.wp.com\/www.fo-saint-etienne.fr\/fomunvse\/wp-content\/uploads\/2025\/01\/arret_maladie.jpg?fit=920%2C520&ssl=1","jetpack_sharing_enabled":true,"jetpack_shortlink":"https:\/\/wp.me\/p9roQz-QS","jetpack_likes_enabled":false,"publishpress_future_action":{"enabled":false,"date":"2026-05-10 11:12:31","action":"change-status","newStatus":"draft","terms":[],"taxonomy":"category","extraData":[]},"publishpress_future_workflow_manual_trigger":{"enabledWorkflows":[]},"_links":{"self":[{"href":"https:\/\/www.fo-saint-etienne.fr\/fomunvse\/index.php?rest_route=\/wp\/v2\/posts\/3278","targetHints":{"allow":["GET"]}}],"collection":[{"href":"https:\/\/www.fo-saint-etienne.fr\/fomunvse\/index.php?rest_route=\/wp\/v2\/posts"}],"about":[{"href":"https:\/\/www.fo-saint-etienne.fr\/fomunvse\/index.php?rest_route=\/wp\/v2\/types\/post"}],"author":[{"embeddable":true,"href":"https:\/\/www.fo-saint-etienne.fr\/fomunvse\/index.php?rest_route=\/wp\/v2\/users\/1"}],"replies":[{"embeddable":true,"href":"https:\/\/www.fo-saint-etienne.fr\/fomunvse\/index.php?rest_route=%2Fwp%2Fv2%2Fcomments&post=3278"}],"version-history":[{"count":9,"href":"https:\/\/www.fo-saint-etienne.fr\/fomunvse\/index.php?rest_route=\/wp\/v2\/posts\/3278\/revisions"}],"predecessor-version":[{"id":3290,"href":"https:\/\/www.fo-saint-etienne.fr\/fomunvse\/index.php?rest_route=\/wp\/v2\/posts\/3278\/revisions\/3290"}],"wp:featuredmedia":[{"embeddable":true,"href":"https:\/\/www.fo-saint-etienne.fr\/fomunvse\/index.php?rest_route=\/wp\/v2\/media\/2513"}],"wp:attachment":[{"href":"https:\/\/www.fo-saint-etienne.fr\/fomunvse\/index.php?rest_route=%2Fwp%2Fv2%2Fmedia&parent=3278"}],"wp:term":[{"taxonomy":"category","embeddable":true,"href":"https:\/\/www.fo-saint-etienne.fr\/fomunvse\/index.php?rest_route=%2Fwp%2Fv2%2Fcategories&post=3278"},{"taxonomy":"post_tag","embeddable":true,"href":"https:\/\/www.fo-saint-etienne.fr\/fomunvse\/index.php?rest_route=%2Fwp%2Fv2%2Ftags&post=3278"}],"curies":[{"name":"wp","href":"https:\/\/api.w.org\/{rel}","templated":true}]}}