{"id":3285,"date":"2025-03-31T07:00:20","date_gmt":"2025-03-31T06:00:20","guid":{"rendered":"http:\/\/www.fo-saint-etienne.fr\/fomunvse\/?p=3285"},"modified":"2025-03-27T10:24:02","modified_gmt":"2025-03-27T09:24:02","slug":"pas-dassouplissement-en-vue-des-regles-sur-le-cumul-emploi-retraite-pour-les-fonctionnaires-2","status":"publish","type":"post","link":"https:\/\/www.fo-saint-etienne.fr\/fomunvse\/?p=3285","title":{"rendered":"Pas d\u2019assouplissement en vue des r\u00e8gles sur le cumul emploi-retraite pour les fonctionnaires"},"content":{"rendered":"<h4 style=\"color: #993366;\">Le gouvernement Bayrou vient d\u2019opposer une fin de non-recevoir \u00e0 la demande du d\u00e9put\u00e9 Renaissance St\u00e9phane Mazars de modifier la r\u00e8gle d\u2019\u00e9cr\u00eatement et les modalit\u00e9s de d\u00e9termination du plafond d\u2019\u00e9ligibilit\u00e9 au cumul emploi-retraite dans la fonction publique. Ces d\u00e9parts anticip\u00e9s \u201crel\u00e8vent d\u2019un choix de l\u2019assur\u00e9\u201d et ce dispositif d\u2019\u00e9cr\u00eatement vise \u00e0 encourager la poursuite d\u2019activit\u00e9 jusqu\u2019\u00e0 l\u2019acquisition des droits \u00e0 une pension compl\u00e8te, explique l\u2019ex\u00e9cutif.<\/h4>\n<h4 style=\"color: #993366;\"><span style=\"color: #000080;\">Le gouvernement Bayrou va-t-il assouplir les modalit\u00e9s de recours au cumul emploi-retraites dans la fonction publique en raison, notamment, de\u00a0 l&rsquo;augmentation du co\u00fbt de la vie observ\u00e9e ces derni\u00e8res ann\u00e9es ?<\/span><\/h4>\n<h5 style=\"text-align: center;\"><a href=\"http:\/\/www.fo-saint-etienne.fr\/fomunvse\/wp-content\/uploads\/2025\/03\/Cumul-emploi-retraite.pdf\" target=\"_blank\" rel=\"noopener\"><span style=\"color: #008000;\"><strong>Vous pouvez lire ou t\u00e9l\u00e9charger ce document ci-dessous \u2026<\/strong><\/span><\/a><\/h5>\n<div class=\"df-element df-lite\"  data-slug=\"\" data-_slug=\"\" data-title=\"pas-dassouplissement-en-vue-des-regles-sur-le-cumul-emploi-retraite-pour-les-fonctionnaires\" id=\"df_3276\" data-option=\"df_option_3276\" ><\/div><script class=\"df-shortcode-script\" type=\"application\/javascript\">window.df_option_3276 = {\"source\":\"http:\\\/\\\/www.fo-saint-etienne.fr\\\/fomunvse\\\/wp-content\\\/uploads\\\/2025\\\/03\\\/Cumul-emploi-retraite.pdf\",\"viewerType\":\"flipbook\",\"height\":\"auto\",\"slug\":\"\",\"id\":3276}; if(window.DEARPDF && window.DEARPDF.parseElements){window.DEARPDF.parseElements();}<\/script>\n","protected":false},"excerpt":{"rendered":"<p>Le gouvernement Bayrou vient d\u2019opposer une fin de non-recevoir \u00e0 la demande du d\u00e9put\u00e9 Renaissance St\u00e9phane Mazars de modifier la r\u00e8gle d\u2019\u00e9cr\u00eatement et les modalit\u00e9s [&#8230;]<\/p>\n","protected":false},"author":1,"featured_media":3097,"comment_status":"closed","ping_status":"closed","sticky":false,"template":"","format":"standard","meta":{"jetpack_post_was_ever_published":false,"_jetpack_newsletter_access":"","_jetpack_dont_email_post_to_subs":false,"_jetpack_newsletter_tier_id":0,"_jetpack_memberships_contains_paywalled_content":false,"_jetpack_memberships_contains_paid_content":false,"footnotes":""},"categories":[17],"tags":[],"class_list":["post-3285","post","type-post","status-publish","format-standard","has-post-thumbnail","hentry","category-article"],"jetpack_featured_media_url":"https:\/\/i0.wp.com\/www.fo-saint-etienne.fr\/fomunvse\/wp-content\/uploads\/2025\/03\/retraite.jpg?fit=950%2C534&ssl=1","jetpack_sharing_enabled":true,"jetpack_shortlink":"https:\/\/wp.me\/p9roQz-QZ","jetpack_likes_enabled":false,"publishpress_future_action":{"enabled":false,"date":"2026-05-10 11:03:22","action":"change-status","newStatus":"draft","terms":[],"taxonomy":"category","extraData":[]},"publishpress_future_workflow_manual_trigger":{"enabledWorkflows":[]},"_links":{"self":[{"href":"https:\/\/www.fo-saint-etienne.fr\/fomunvse\/index.php?rest_route=\/wp\/v2\/posts\/3285","targetHints":{"allow":["GET"]}}],"collection":[{"href":"https:\/\/www.fo-saint-etienne.fr\/fomunvse\/index.php?rest_route=\/wp\/v2\/posts"}],"about":[{"href":"https:\/\/www.fo-saint-etienne.fr\/fomunvse\/index.php?rest_route=\/wp\/v2\/types\/post"}],"author":[{"embeddable":true,"href":"https:\/\/www.fo-saint-etienne.fr\/fomunvse\/index.php?rest_route=\/wp\/v2\/users\/1"}],"replies":[{"embeddable":true,"href":"https:\/\/www.fo-saint-etienne.fr\/fomunvse\/index.php?rest_route=%2Fwp%2Fv2%2Fcomments&post=3285"}],"version-history":[{"count":1,"href":"https:\/\/www.fo-saint-etienne.fr\/fomunvse\/index.php?rest_route=\/wp\/v2\/posts\/3285\/revisions"}],"predecessor-version":[{"id":3291,"href":"https:\/\/www.fo-saint-etienne.fr\/fomunvse\/index.php?rest_route=\/wp\/v2\/posts\/3285\/revisions\/3291"}],"wp:featuredmedia":[{"embeddable":true,"href":"https:\/\/www.fo-saint-etienne.fr\/fomunvse\/index.php?rest_route=\/wp\/v2\/media\/3097"}],"wp:attachment":[{"href":"https:\/\/www.fo-saint-etienne.fr\/fomunvse\/index.php?rest_route=%2Fwp%2Fv2%2Fmedia&parent=3285"}],"wp:term":[{"taxonomy":"category","embeddable":true,"href":"https:\/\/www.fo-saint-etienne.fr\/fomunvse\/index.php?rest_route=%2Fwp%2Fv2%2Fcategories&post=3285"},{"taxonomy":"post_tag","embeddable":true,"href":"https:\/\/www.fo-saint-etienne.fr\/fomunvse\/index.php?rest_route=%2Fwp%2Fv2%2Ftags&post=3285"}],"curies":[{"name":"wp","href":"https:\/\/api.w.org\/{rel}","templated":true}]}}