{"id":3294,"date":"2025-03-31T07:05:29","date_gmt":"2025-03-31T06:05:29","guid":{"rendered":"http:\/\/www.fo-saint-etienne.fr\/fomunvse\/?p=3294"},"modified":"2025-03-27T10:32:03","modified_gmt":"2025-03-27T09:32:03","slug":"fonction-publique-ce-que-prepare-le-gouvernement-bayrou-2","status":"publish","type":"post","link":"https:\/\/www.fo-saint-etienne.fr\/fomunvse\/?p=3294","title":{"rendered":"Fonction publique : ce que pr\u00e9pare le gouvernement Bayrou"},"content":{"rendered":"<h4 style=\"color: #993366;\">Acteurs publics s\u2019est procur\u00e9 le projet d\u2019agenda social que le minist\u00e8re de la Fonction publique vient de transmettre aux syndicats. Le ministre Laurent Marcangeli souhaite mettre plusieurs \u201cth\u00e9matiques\u201d au c\u0153ur des discussions des prochains mois dont, notamment, les r\u00e9mun\u00e9rations et la politique salariale, les conditions de travail, l\u2019\u00e9galit\u00e9 professionnelle, le handicap ou encore le logement des agents publics.<\/h4>\n<h5 style=\"text-align: center;\"><a href=\"http:\/\/www.fo-saint-etienne.fr\/fomunvse\/wp-content\/uploads\/2025\/03\/Fonction-publique-1.pdf\" target=\"_blank\" rel=\"noopener\"><span style=\"color: #008000;\"><strong>Vous pouvez lire ou t\u00e9l\u00e9charger ce document ci-dessous \u2026<\/strong><\/span><\/a><\/h5>\n<div class=\"df-element df-lite\"  data-slug=\"\" data-_slug=\"\" data-title=\"fonction-publique-ce-que-prepare-le-gouvernement-bayrou\" id=\"df_3292\" data-option=\"df_option_3292\" ><\/div><script class=\"df-shortcode-script\" type=\"application\/javascript\">window.df_option_3292 = {\"source\":\"http:\\\/\\\/www.fo-saint-etienne.fr\\\/fomunvse\\\/wp-content\\\/uploads\\\/2025\\\/03\\\/Fonction-publique-1.pdf\",\"viewerType\":\"flipbook\",\"height\":\"auto\",\"slug\":\"\",\"id\":3292}; if(window.DEARPDF && window.DEARPDF.parseElements){window.DEARPDF.parseElements();}<\/script>\n<p>&nbsp;<\/p>\n","protected":false},"excerpt":{"rendered":"<p>Acteurs publics s\u2019est procur\u00e9 le projet d\u2019agenda social que le minist\u00e8re de la Fonction publique vient de transmettre aux syndicats. Le ministre Laurent Marcangeli souhaite [&#8230;]<\/p>\n","protected":false},"author":1,"featured_media":2416,"comment_status":"closed","ping_status":"closed","sticky":false,"template":"","format":"standard","meta":{"jetpack_post_was_ever_published":false,"_jetpack_newsletter_access":"","_jetpack_dont_email_post_to_subs":false,"_jetpack_newsletter_tier_id":0,"_jetpack_memberships_contains_paywalled_content":false,"_jetpack_memberships_contains_paid_content":false,"footnotes":""},"categories":[17],"tags":[],"class_list":["post-3294","post","type-post","status-publish","format-standard","has-post-thumbnail","hentry","category-article"],"jetpack_featured_media_url":"https:\/\/i0.wp.com\/www.fo-saint-etienne.fr\/fomunvse\/wp-content\/uploads\/2025\/01\/Laurent-Marcangeli.png?fit=920%2C520&ssl=1","jetpack_sharing_enabled":true,"jetpack_shortlink":"https:\/\/wp.me\/p9roQz-R8","jetpack_likes_enabled":false,"publishpress_future_action":{"enabled":false,"date":"2026-05-10 11:11:17","action":"change-status","newStatus":"draft","terms":[],"taxonomy":"category","extraData":[]},"publishpress_future_workflow_manual_trigger":{"enabledWorkflows":[]},"_links":{"self":[{"href":"https:\/\/www.fo-saint-etienne.fr\/fomunvse\/index.php?rest_route=\/wp\/v2\/posts\/3294","targetHints":{"allow":["GET"]}}],"collection":[{"href":"https:\/\/www.fo-saint-etienne.fr\/fomunvse\/index.php?rest_route=\/wp\/v2\/posts"}],"about":[{"href":"https:\/\/www.fo-saint-etienne.fr\/fomunvse\/index.php?rest_route=\/wp\/v2\/types\/post"}],"author":[{"embeddable":true,"href":"https:\/\/www.fo-saint-etienne.fr\/fomunvse\/index.php?rest_route=\/wp\/v2\/users\/1"}],"replies":[{"embeddable":true,"href":"https:\/\/www.fo-saint-etienne.fr\/fomunvse\/index.php?rest_route=%2Fwp%2Fv2%2Fcomments&post=3294"}],"version-history":[{"count":3,"href":"https:\/\/www.fo-saint-etienne.fr\/fomunvse\/index.php?rest_route=\/wp\/v2\/posts\/3294\/revisions"}],"predecessor-version":[{"id":3297,"href":"https:\/\/www.fo-saint-etienne.fr\/fomunvse\/index.php?rest_route=\/wp\/v2\/posts\/3294\/revisions\/3297"}],"wp:featuredmedia":[{"embeddable":true,"href":"https:\/\/www.fo-saint-etienne.fr\/fomunvse\/index.php?rest_route=\/wp\/v2\/media\/2416"}],"wp:attachment":[{"href":"https:\/\/www.fo-saint-etienne.fr\/fomunvse\/index.php?rest_route=%2Fwp%2Fv2%2Fmedia&parent=3294"}],"wp:term":[{"taxonomy":"category","embeddable":true,"href":"https:\/\/www.fo-saint-etienne.fr\/fomunvse\/index.php?rest_route=%2Fwp%2Fv2%2Fcategories&post=3294"},{"taxonomy":"post_tag","embeddable":true,"href":"https:\/\/www.fo-saint-etienne.fr\/fomunvse\/index.php?rest_route=%2Fwp%2Fv2%2Ftags&post=3294"}],"curies":[{"name":"wp","href":"https:\/\/api.w.org\/{rel}","templated":true}]}}