{"id":3330,"date":"2025-03-28T10:56:04","date_gmt":"2025-03-28T09:56:04","guid":{"rendered":"http:\/\/www.fo-saint-etienne.fr\/fomunvse\/?p=3330"},"modified":"2025-03-28T11:12:44","modified_gmt":"2025-03-28T10:12:44","slug":"fo-les-chiffres-utiles-2","status":"publish","type":"post","link":"https:\/\/www.fo-saint-etienne.fr\/fomunvse\/?p=3330","title":{"rendered":"La S\u00e9cu a 80 ans"},"content":{"rendered":"<div class=\"row\">\n<div class=\"col-12 col-sm-9 col-md-8 offset-sm-1\">\n<div class=\"crayon rubrique-texte-11 chapo\">\n<h4><span style=\"color: #800080;\">Quatre-vingts ans. Une vieille dame. Pourtant la S\u00e9cu n\u2019a jamais \u00e9t\u00e9 aussi moderne qu\u2019aujourd\u2019hui, dans un monde qui nous l\u2019envie. En France, elle est un amortisseur de toutes les crises.<\/span><\/h4>\n<h4><span style=\"color: #000080;\"><strong>Pour les Fran\u00e7ais, sans le savoir ou le percevoir, elle est pr\u00e9sente dans nos vies quotidiennes. Qui pense encore \u00e0 la \u00ab<small class=\"fine d-inline\">\u00a0<\/small>S\u00e9cu<small class=\"fine d-inline\">\u00a0<\/small>\u00bb en sortant de chez le m\u00e9decin<small class=\"fine d-inline\">\u00a0<\/small>? Qui n\u2019a pas pratiqu\u00e9 le tiers payant, sans avoir eu besoin de sortir un seul euro, apr\u00e8s avoir mis dans le lecteur sa carte vitale plut\u00f4t que sa carte bancaire<small class=\"fine d-inline\">\u00a0<\/small>? Qui se demande, en sortant de la pharmacie, \u00e0 combien se monte sa facture de m\u00e9dicaments<small class=\"fine d-inline\">\u00a0<\/small>? La S\u00e9cu est bien l\u00e0, pourtant invisible, dans notre quotidien<\/strong><\/span><\/h4>\n<h4><span style=\"color: #800080;\"><em><strong>Maladie, famille, retraite, accidents du travail et maladies professionnelles, mais aussi autonomie, la S\u00e9cu est avec nous dans toutes les \u00e9tapes de notre vie et nous l\u2019utilisons selon nos besoins apr\u00e8s y avoir contribu\u00e9 selon nos moyens.<\/strong><\/em><\/span><\/h4>\n<h5 style=\"text-align: center;\"><a href=\"https:\/\/www.force-ouvriere.fr\/la-secu-a-80-ans\" target=\"_blank\" rel=\"noopener\"><strong>Vous pouvez lire l&rsquo;article complet en cliquant sur l&rsquo;image ci-dessous \u2026<\/strong><\/a><\/h5>\n<\/div>\n<\/div>\n<\/div>\n<h4 style=\"color: #993366; text-align: center;\"><a href=\"https:\/\/www.force-ouvriere.fr\/la-secu-a-80-ans\" target=\"_blank\" rel=\"noopener\"><img data-recalc-dims=\"1\" loading=\"lazy\" decoding=\"async\" data-attachment-id=\"3332\" data-permalink=\"https:\/\/www.fo-saint-etienne.fr\/fomunvse\/?attachment_id=3332\" data-orig-file=\"https:\/\/i0.wp.com\/www.fo-saint-etienne.fr\/fomunvse\/wp-content\/uploads\/2025\/03\/La-secu-80-ans.png?fit=950%2C166&amp;ssl=1\" data-orig-size=\"950,166\" data-comments-opened=\"1\" data-image-meta=\"{&quot;aperture&quot;:&quot;0&quot;,&quot;credit&quot;:&quot;&quot;,&quot;camera&quot;:&quot;&quot;,&quot;caption&quot;:&quot;&quot;,&quot;created_timestamp&quot;:&quot;0&quot;,&quot;copyright&quot;:&quot;&quot;,&quot;focal_length&quot;:&quot;0&quot;,&quot;iso&quot;:&quot;0&quot;,&quot;shutter_speed&quot;:&quot;0&quot;,&quot;title&quot;:&quot;&quot;,&quot;orientation&quot;:&quot;0&quot;}\" data-image-title=\"La secu 80 ans\" data-image-description=\"\" data-image-caption=\"\" data-large-file=\"https:\/\/i0.wp.com\/www.fo-saint-etienne.fr\/fomunvse\/wp-content\/uploads\/2025\/03\/La-secu-80-ans.png?fit=860%2C150&amp;ssl=1\" class=\"size-medium wp-image-3332 aligncenter\" src=\"https:\/\/i0.wp.com\/www.fo-saint-etienne.fr\/fomunvse\/wp-content\/uploads\/2025\/03\/La-secu-80-ans.png?resize=600%2C105\" alt=\"\" width=\"600\" height=\"105\" srcset=\"https:\/\/i0.wp.com\/www.fo-saint-etienne.fr\/fomunvse\/wp-content\/uploads\/2025\/03\/La-secu-80-ans.png?resize=600%2C105&amp;ssl=1 600w, https:\/\/i0.wp.com\/www.fo-saint-etienne.fr\/fomunvse\/wp-content\/uploads\/2025\/03\/La-secu-80-ans.png?resize=768%2C134&amp;ssl=1 768w, https:\/\/i0.wp.com\/www.fo-saint-etienne.fr\/fomunvse\/wp-content\/uploads\/2025\/03\/La-secu-80-ans.png?w=950&amp;ssl=1 950w\" sizes=\"auto, (max-width: 600px) 100vw, 600px\" \/><\/a><a href=\"http:\/\/www.fo-saint-etienne.fr\/fomunvse\/wp-content\/uploads\/2025\/03\/FO-Territoriaux.pdf\" target=\"_blank\" rel=\"noopener\"><span style=\"color: #008000;\">T\u00e9l\u00e9charger l&rsquo;Article<\/span><\/a><\/h4>\n<h4 style=\"color: #993366; text-align: center;\"><a href=\"http:\/\/www.fo-saint-etienne.fr\/fomunvse\/wp-content\/uploads\/2025\/03\/FO-Territoriaux.pdf\" target=\"_blank\" rel=\"noopener\"><img data-recalc-dims=\"1\" loading=\"lazy\" decoding=\"async\" data-attachment-id=\"3342\" data-permalink=\"https:\/\/www.fo-saint-etienne.fr\/fomunvse\/?attachment_id=3342\" data-orig-file=\"https:\/\/i0.wp.com\/www.fo-saint-etienne.fr\/fomunvse\/wp-content\/uploads\/2025\/03\/80-ans-secu.jpg?fit=960%2C960&amp;ssl=1\" data-orig-size=\"960,960\" data-comments-opened=\"1\" data-image-meta=\"{&quot;aperture&quot;:&quot;0&quot;,&quot;credit&quot;:&quot;&quot;,&quot;camera&quot;:&quot;&quot;,&quot;caption&quot;:&quot;&quot;,&quot;created_timestamp&quot;:&quot;0&quot;,&quot;copyright&quot;:&quot;&quot;,&quot;focal_length&quot;:&quot;0&quot;,&quot;iso&quot;:&quot;0&quot;,&quot;shutter_speed&quot;:&quot;0&quot;,&quot;title&quot;:&quot;&quot;,&quot;orientation&quot;:&quot;0&quot;}\" data-image-title=\"80 ans s\u00e9cu\" data-image-description=\"\" data-image-caption=\"\" data-large-file=\"https:\/\/i0.wp.com\/www.fo-saint-etienne.fr\/fomunvse\/wp-content\/uploads\/2025\/03\/80-ans-secu.jpg?fit=860%2C860&amp;ssl=1\" class=\"alignnone wp-image-3342\" src=\"https:\/\/i0.wp.com\/www.fo-saint-etienne.fr\/fomunvse\/wp-content\/uploads\/2025\/03\/80-ans-secu.jpg?resize=197%2C197\" alt=\"\" width=\"197\" height=\"197\" srcset=\"https:\/\/i0.wp.com\/www.fo-saint-etienne.fr\/fomunvse\/wp-content\/uploads\/2025\/03\/80-ans-secu.jpg?resize=600%2C600&amp;ssl=1 600w, https:\/\/i0.wp.com\/www.fo-saint-etienne.fr\/fomunvse\/wp-content\/uploads\/2025\/03\/80-ans-secu.jpg?resize=150%2C150&amp;ssl=1 150w, https:\/\/i0.wp.com\/www.fo-saint-etienne.fr\/fomunvse\/wp-content\/uploads\/2025\/03\/80-ans-secu.jpg?resize=768%2C768&amp;ssl=1 768w, https:\/\/i0.wp.com\/www.fo-saint-etienne.fr\/fomunvse\/wp-content\/uploads\/2025\/03\/80-ans-secu.jpg?w=960&amp;ssl=1 960w\" sizes=\"auto, (max-width: 197px) 100vw, 197px\" \/><\/a><\/h4>\n<p>&nbsp;<\/p>\n","protected":false},"excerpt":{"rendered":"<p>Quatre-vingts ans. Une vieille dame. Pourtant la S\u00e9cu n\u2019a jamais \u00e9t\u00e9 aussi moderne qu\u2019aujourd\u2019hui, dans un monde qui nous l\u2019envie. En France, elle est un [&#8230;]<\/p>\n","protected":false},"author":1,"featured_media":3332,"comment_status":"closed","ping_status":"closed","sticky":false,"template":"","format":"standard","meta":{"jetpack_post_was_ever_published":false,"_jetpack_newsletter_access":"","_jetpack_dont_email_post_to_subs":false,"_jetpack_newsletter_tier_id":0,"_jetpack_memberships_contains_paywalled_content":false,"_jetpack_memberships_contains_paid_content":false,"footnotes":""},"categories":[17],"tags":[],"class_list":["post-3330","post","type-post","status-publish","format-standard","has-post-thumbnail","hentry","category-article"],"jetpack_featured_media_url":"https:\/\/i0.wp.com\/www.fo-saint-etienne.fr\/fomunvse\/wp-content\/uploads\/2025\/03\/La-secu-80-ans.png?fit=950%2C166&ssl=1","jetpack_sharing_enabled":true,"jetpack_shortlink":"https:\/\/wp.me\/p9roQz-RI","jetpack_likes_enabled":false,"publishpress_future_action":{"enabled":false,"date":"2026-05-10 11:00:21","action":"change-status","newStatus":"draft","terms":[],"taxonomy":"category","extraData":[]},"publishpress_future_workflow_manual_trigger":{"enabledWorkflows":[]},"_links":{"self":[{"href":"https:\/\/www.fo-saint-etienne.fr\/fomunvse\/index.php?rest_route=\/wp\/v2\/posts\/3330","targetHints":{"allow":["GET"]}}],"collection":[{"href":"https:\/\/www.fo-saint-etienne.fr\/fomunvse\/index.php?rest_route=\/wp\/v2\/posts"}],"about":[{"href":"https:\/\/www.fo-saint-etienne.fr\/fomunvse\/index.php?rest_route=\/wp\/v2\/types\/post"}],"author":[{"embeddable":true,"href":"https:\/\/www.fo-saint-etienne.fr\/fomunvse\/index.php?rest_route=\/wp\/v2\/users\/1"}],"replies":[{"embeddable":true,"href":"https:\/\/www.fo-saint-etienne.fr\/fomunvse\/index.php?rest_route=%2Fwp%2Fv2%2Fcomments&post=3330"}],"version-history":[{"count":8,"href":"https:\/\/www.fo-saint-etienne.fr\/fomunvse\/index.php?rest_route=\/wp\/v2\/posts\/3330\/revisions"}],"predecessor-version":[{"id":3343,"href":"https:\/\/www.fo-saint-etienne.fr\/fomunvse\/index.php?rest_route=\/wp\/v2\/posts\/3330\/revisions\/3343"}],"wp:featuredmedia":[{"embeddable":true,"href":"https:\/\/www.fo-saint-etienne.fr\/fomunvse\/index.php?rest_route=\/wp\/v2\/media\/3332"}],"wp:attachment":[{"href":"https:\/\/www.fo-saint-etienne.fr\/fomunvse\/index.php?rest_route=%2Fwp%2Fv2%2Fmedia&parent=3330"}],"wp:term":[{"taxonomy":"category","embeddable":true,"href":"https:\/\/www.fo-saint-etienne.fr\/fomunvse\/index.php?rest_route=%2Fwp%2Fv2%2Fcategories&post=3330"},{"taxonomy":"post_tag","embeddable":true,"href":"https:\/\/www.fo-saint-etienne.fr\/fomunvse\/index.php?rest_route=%2Fwp%2Fv2%2Ftags&post=3330"}],"curies":[{"name":"wp","href":"https:\/\/api.w.org\/{rel}","templated":true}]}}