{"id":3344,"date":"2025-03-31T07:30:25","date_gmt":"2025-03-31T06:30:25","guid":{"rendered":"http:\/\/www.fo-saint-etienne.fr\/fomunvse\/?p=3344"},"modified":"2025-03-28T11:24:22","modified_gmt":"2025-03-28T10:24:22","slug":"retraites-je-suis-favorable-a-une-part-de-capitalisation","status":"publish","type":"post","link":"https:\/\/www.fo-saint-etienne.fr\/fomunvse\/?p=3344","title":{"rendered":"Retraites : \u00ab\u00a0Je suis favorable \u00e0 une part de capitalisation\u00a0\u00bb"},"content":{"rendered":"<div class=\"row\">\n<div class=\"col-12 col-sm-9 col-md-8 offset-sm-1\">\n<div class=\"crayon rubrique-texte-11 chapo\">\n<h4><span style=\"color: #800080;\">Sur la question des retraites, le ministre affirme une position claire : \u00ab\u00a0Je suis<br \/>\nfavorable \u00e0 une part de capitalisation, nous ne devons pas avoir de totem.\u00a0\u00bb Pour Laurent Marcangeli, le syst\u00e8me actuel par r\u00e9partition doit \u00eatre \u00ab\u00a0soutenable \u00e9conomiquement\u00a0\u00bb, citant un rapport de la Cour des Comptes qui pr\u00e9voit un d\u00e9rapage d\u2019ici 2045. Il plaide pour la libert\u00e9 : \u00ab\u00a0Les Fran\u00e7ais qui souhaitent mettre de l\u2019argent de c\u00f4t\u00e9 pour leur retraite ne peuvent pas \u00eatre bl\u00e2m\u00e9s.\u00a0\u00bb<br \/>\nS\u2019il se garde de critiquer le conclave des retraites lanc\u00e9 par le gouvernement, il rappelle avoir particip\u00e9 \u00e0 la r\u00e9forme de 2023 et reste attach\u00e9 au dialogue social. Concernant l\u2019\u00e2ge de d\u00e9part, il estime que le d\u00e9bat ne peut \u00eatre tranch\u00e9 qu\u2019apr\u00e8s discussions avec les partenaires sociaux. Mais il ne cache pas son soutien \u00e0 la r\u00e9forme.<\/span><\/h4>\n<h5 style=\"text-align: center;\"><a href=\"http:\/\/www.fo-saint-etienne.fr\/fomunvse\/wp-content\/uploads\/2025\/03\/Laurent-Marcangeli-SUD-RADIO.pdf\" target=\"_blank\" rel=\"noopener\"><strong>Vous pouvez lire l&rsquo;article complet en cliquant sur l&rsquo;image ci-dessous \u2026<\/strong><\/a><\/h5>\n<\/div>\n<\/div>\n<\/div>\n<div class=\"df-element df-lite\"  data-slug=\"\" data-_slug=\"\" data-title=\"retraites-je-suis-favorable-a-une-part-de-capitalisation\" id=\"df_3350\" data-option=\"df_option_3350\" ><\/div><script class=\"df-shortcode-script\" type=\"application\/javascript\">window.df_option_3350 = {\"source\":\"http:\\\/\\\/www.fo-saint-etienne.fr\\\/fomunvse\\\/wp-content\\\/uploads\\\/2025\\\/03\\\/Laurent-Marcangeli-SUD-RADIO.pdf\",\"viewerType\":\"flipbook\",\"height\":\"auto\",\"slug\":\"\",\"id\":3350}; if(window.DEARPDF && window.DEARPDF.parseElements){window.DEARPDF.parseElements();}<\/script>\n","protected":false},"excerpt":{"rendered":"<p>Sur la question des retraites, le ministre affirme une position claire : \u00ab\u00a0Je suis favorable \u00e0 une part de capitalisation, nous ne devons pas avoir [&#8230;]<\/p>\n","protected":false},"author":1,"featured_media":3347,"comment_status":"closed","ping_status":"closed","sticky":false,"template":"","format":"standard","meta":{"jetpack_post_was_ever_published":false,"_jetpack_newsletter_access":"","_jetpack_dont_email_post_to_subs":false,"_jetpack_newsletter_tier_id":0,"_jetpack_memberships_contains_paywalled_content":false,"_jetpack_memberships_contains_paid_content":false,"footnotes":""},"categories":[17],"tags":[],"class_list":["post-3344","post","type-post","status-publish","format-standard","has-post-thumbnail","hentry","category-article"],"jetpack_featured_media_url":"https:\/\/i0.wp.com\/www.fo-saint-etienne.fr\/fomunvse\/wp-content\/uploads\/2025\/03\/Laurent-Marcangeli-SUD-RADIO-2.png?fit=950%2C550&ssl=1","jetpack_sharing_enabled":true,"jetpack_shortlink":"https:\/\/wp.me\/p9roQz-RW","jetpack_likes_enabled":false,"publishpress_future_action":{"enabled":false,"date":"2026-05-10 11:15:28","action":"change-status","newStatus":"draft","terms":[],"taxonomy":"category","extraData":[]},"publishpress_future_workflow_manual_trigger":{"enabledWorkflows":[]},"_links":{"self":[{"href":"https:\/\/www.fo-saint-etienne.fr\/fomunvse\/index.php?rest_route=\/wp\/v2\/posts\/3344","targetHints":{"allow":["GET"]}}],"collection":[{"href":"https:\/\/www.fo-saint-etienne.fr\/fomunvse\/index.php?rest_route=\/wp\/v2\/posts"}],"about":[{"href":"https:\/\/www.fo-saint-etienne.fr\/fomunvse\/index.php?rest_route=\/wp\/v2\/types\/post"}],"author":[{"embeddable":true,"href":"https:\/\/www.fo-saint-etienne.fr\/fomunvse\/index.php?rest_route=\/wp\/v2\/users\/1"}],"replies":[{"embeddable":true,"href":"https:\/\/www.fo-saint-etienne.fr\/fomunvse\/index.php?rest_route=%2Fwp%2Fv2%2Fcomments&post=3344"}],"version-history":[{"count":4,"href":"https:\/\/www.fo-saint-etienne.fr\/fomunvse\/index.php?rest_route=\/wp\/v2\/posts\/3344\/revisions"}],"predecessor-version":[{"id":3353,"href":"https:\/\/www.fo-saint-etienne.fr\/fomunvse\/index.php?rest_route=\/wp\/v2\/posts\/3344\/revisions\/3353"}],"wp:featuredmedia":[{"embeddable":true,"href":"https:\/\/www.fo-saint-etienne.fr\/fomunvse\/index.php?rest_route=\/wp\/v2\/media\/3347"}],"wp:attachment":[{"href":"https:\/\/www.fo-saint-etienne.fr\/fomunvse\/index.php?rest_route=%2Fwp%2Fv2%2Fmedia&parent=3344"}],"wp:term":[{"taxonomy":"category","embeddable":true,"href":"https:\/\/www.fo-saint-etienne.fr\/fomunvse\/index.php?rest_route=%2Fwp%2Fv2%2Fcategories&post=3344"},{"taxonomy":"post_tag","embeddable":true,"href":"https:\/\/www.fo-saint-etienne.fr\/fomunvse\/index.php?rest_route=%2Fwp%2Fv2%2Ftags&post=3344"}],"curies":[{"name":"wp","href":"https:\/\/api.w.org\/{rel}","templated":true}]}}