{"id":3354,"date":"2025-03-31T07:15:12","date_gmt":"2025-03-31T06:15:12","guid":{"rendered":"http:\/\/www.fo-saint-etienne.fr\/fomunvse\/?p=3354"},"modified":"2025-03-28T11:42:33","modified_gmt":"2025-03-28T10:42:33","slug":"fonction-publique-le-gouvernement-ne-ferme-pas-a-la-porte-a-une-negociation-salariale","status":"publish","type":"post","link":"https:\/\/www.fo-saint-etienne.fr\/fomunvse\/?p=3354","title":{"rendered":"Fonction publique : le gouvernement ne ferme pas \u00e0 la porte \u00e0 une n\u00e9gociation salariale"},"content":{"rendered":"<div class=\"row\">\n<div class=\"col-12 col-sm-9 col-md-8 offset-sm-1\">\n<div class=\"crayon rubrique-texte-11 chapo\">\n<h4><span style=\"color: #800080;\"><em><strong><span style=\"color: #000080;\">\u201cLa porte \u00e0 une n\u00e9gociation salariale n\u2019a pas \u00e9t\u00e9 ferm\u00e9e\u201d, explique le minist\u00e8re de la Fonction publique apr\u00e8s la r\u00e9union multilat\u00e9rale avec les syndicats du mardi 18 mars.<\/span><\/strong><\/em><\/span><\/h4>\n<h4><span style=\"color: #800080;\">Celle-ci, pr\u00e9cise-t-on, \u201cd\u00e9pendra de plusieurs facteurs\u201d, et notamment de la<br \/>\npr\u00e9paration du budget 2026. Un contexte budg\u00e9taire qui inqui\u00e8te les syndicats sur les perspectives salariales possibles pour les agents publics.<\/span><\/h4>\n<h4><span style=\"color: #800080;\"><strong>Le gouvernement Bayrou pr\u00e9cise ses priorit\u00e9s pour la fonction publique. Les syndicats ont \u00e9t\u00e9 re\u00e7us le mardi 18 mars par le directeur de cabinet du ministre Laurent Marcangeli, Arnaud Lacaze, qui leur a pr\u00e9sent\u00e9 les \u201cth\u00e9matiques\u201d de discussions que l\u2019ex\u00e9cutif souhaite \u00e9voquer au cours des prochains mois.<\/strong><\/span><\/h4>\n<h4><span style=\"color: #333333;\">\u201c<\/span><span style=\"color: #800080;\"><span style=\"color: #333333;\">Le but de la r\u00e9union \u00e9tait d\u2019\u00e9tablir un agenda social et une version amend\u00e9e sera renvoy\u00e9e sous 10 jours pour tenir compte des \u00e9changes avec les syndicats\u201d, explique-t-on au minist\u00e8re. \u00c0 l\u2019occasion de cette multilat\u00e9rale, poursuit-on, le DirCab\u2019 a insist\u00e9 sur \u201cla n\u00e9cessit\u00e9 d\u2019introduire dans les travaux une approche de long terme\u201d. Dans nos <\/span><span style=\"color: #333333;\">colonnes, il y a peu, le ministre \u00e9voquait d\u00e9j\u00e0 la n\u00e9cessit\u00e9 de \u201ccommencer \u00e0 r\u00e9fl\u00e9chir \u00e0 ce que sera ou ce que doit \u00eatre la fonction publique \u00e0 l\u2019horizon de 2050\u201d.<\/span><\/span><\/h4>\n<h4><span style=\"color: #000080;\"><strong>Parmi les chantiers pr\u00e9vus dans les prochains mois figure notamment la question des r\u00e9mun\u00e9rations et de la politique salariale dans la fonction publique.<\/strong><\/span><\/h4>\n<h5 style=\"text-align: center;\"><a href=\"http:\/\/www.fo-saint-etienne.fr\/fomunvse\/wp-content\/uploads\/2025\/03\/Negociation-salariale.pdf\" target=\"_blank\" rel=\"noopener\"><strong>Vous pouvez lire le document complet en cliquant sur l&rsquo;image ci-dessous \u2026<\/strong><\/a><\/h5>\n<\/div>\n<\/div>\n<\/div>\n<div class=\"df-element df-lite\"  data-slug=\"\" data-_slug=\"\" data-title=\"fonction-publique-le-gouvernement-ne-ferme-pas-a-la-porte-a-une-negociation-salariale\" id=\"df_3357\" data-option=\"df_option_3357\" ><\/div><script class=\"df-shortcode-script\" type=\"application\/javascript\">window.df_option_3357 = {\"source\":\"http:\\\/\\\/www.fo-saint-etienne.fr\\\/fomunvse\\\/wp-content\\\/uploads\\\/2025\\\/03\\\/Negociation-salariale.pdf\",\"viewerType\":\"flipbook\",\"height\":\"auto\",\"slug\":\"\",\"id\":3357}; if(window.DEARPDF && window.DEARPDF.parseElements){window.DEARPDF.parseElements();}<\/script>\n","protected":false},"excerpt":{"rendered":"<p>\u201cLa porte \u00e0 une n\u00e9gociation salariale n\u2019a pas \u00e9t\u00e9 ferm\u00e9e\u201d, explique le minist\u00e8re de la Fonction publique apr\u00e8s la r\u00e9union multilat\u00e9rale avec les syndicats du [&#8230;]<\/p>\n","protected":false},"author":1,"featured_media":2418,"comment_status":"closed","ping_status":"closed","sticky":false,"template":"","format":"standard","meta":{"jetpack_post_was_ever_published":false,"_jetpack_newsletter_access":"","_jetpack_dont_email_post_to_subs":false,"_jetpack_newsletter_tier_id":0,"_jetpack_memberships_contains_paywalled_content":false,"_jetpack_memberships_contains_paid_content":false,"footnotes":""},"categories":[17],"tags":[],"class_list":["post-3354","post","type-post","status-publish","format-standard","has-post-thumbnail","hentry","category-article"],"jetpack_featured_media_url":"https:\/\/i0.wp.com\/www.fo-saint-etienne.fr\/fomunvse\/wp-content\/uploads\/2025\/01\/Prime-de-pouvoir-dachat.png?fit=920%2C520&ssl=1","jetpack_sharing_enabled":true,"jetpack_shortlink":"https:\/\/wp.me\/p9roQz-S6","jetpack_likes_enabled":false,"publishpress_future_action":{"enabled":false,"date":"2026-05-10 11:16:24","action":"change-status","newStatus":"draft","terms":[],"taxonomy":"category","extraData":[]},"publishpress_future_workflow_manual_trigger":{"enabledWorkflows":[]},"_links":{"self":[{"href":"https:\/\/www.fo-saint-etienne.fr\/fomunvse\/index.php?rest_route=\/wp\/v2\/posts\/3354","targetHints":{"allow":["GET"]}}],"collection":[{"href":"https:\/\/www.fo-saint-etienne.fr\/fomunvse\/index.php?rest_route=\/wp\/v2\/posts"}],"about":[{"href":"https:\/\/www.fo-saint-etienne.fr\/fomunvse\/index.php?rest_route=\/wp\/v2\/types\/post"}],"author":[{"embeddable":true,"href":"https:\/\/www.fo-saint-etienne.fr\/fomunvse\/index.php?rest_route=\/wp\/v2\/users\/1"}],"replies":[{"embeddable":true,"href":"https:\/\/www.fo-saint-etienne.fr\/fomunvse\/index.php?rest_route=%2Fwp%2Fv2%2Fcomments&post=3354"}],"version-history":[{"count":4,"href":"https:\/\/www.fo-saint-etienne.fr\/fomunvse\/index.php?rest_route=\/wp\/v2\/posts\/3354\/revisions"}],"predecessor-version":[{"id":3360,"href":"https:\/\/www.fo-saint-etienne.fr\/fomunvse\/index.php?rest_route=\/wp\/v2\/posts\/3354\/revisions\/3360"}],"wp:featuredmedia":[{"embeddable":true,"href":"https:\/\/www.fo-saint-etienne.fr\/fomunvse\/index.php?rest_route=\/wp\/v2\/media\/2418"}],"wp:attachment":[{"href":"https:\/\/www.fo-saint-etienne.fr\/fomunvse\/index.php?rest_route=%2Fwp%2Fv2%2Fmedia&parent=3354"}],"wp:term":[{"taxonomy":"category","embeddable":true,"href":"https:\/\/www.fo-saint-etienne.fr\/fomunvse\/index.php?rest_route=%2Fwp%2Fv2%2Fcategories&post=3354"},{"taxonomy":"post_tag","embeddable":true,"href":"https:\/\/www.fo-saint-etienne.fr\/fomunvse\/index.php?rest_route=%2Fwp%2Fv2%2Ftags&post=3354"}],"curies":[{"name":"wp","href":"https:\/\/api.w.org\/{rel}","templated":true}]}}