{"id":3376,"date":"2025-04-01T08:58:13","date_gmt":"2025-04-01T07:58:13","guid":{"rendered":"http:\/\/www.fo-saint-etienne.fr\/fomunvse\/?p=3376"},"modified":"2025-04-01T08:58:54","modified_gmt":"2025-04-01T07:58:54","slug":"fiche-baisse-de-lindemnisation-des-conges-de-maladie-ordinaire-cmo","status":"publish","type":"post","link":"https:\/\/www.fo-saint-etienne.fr\/fomunvse\/?p=3376","title":{"rendered":"Fiche &#8211; Baisse de l\u2019indemnisation des Cong\u00e9s de Maladie Ordinaire (CMO)"},"content":{"rendered":"<h4 style=\"color: #993366;\">La baisse de l\u2019indemnisation des cong\u00e9s maladie ordinaires (CMO) \u00e0 90 % \u00e0 compter du 1er mars 2025.<\/h4>\n<h4><span style=\"color: #000080;\"><em><strong>Depuis le 1er mars 2025, une r\u00e9forme r\u00e9duit l\u2019indemnisation des fonctionnaires et contractuels en cong\u00e9 de maladie ordinaire (CMO) de 100 % \u00e0 90 % de leur r\u00e9mun\u00e9ration pour les trois premiers mois d\u2019arr\u00eat. Cette mesure, issue de la loi de Finances 2025 (n\u00b0 2025-127 du 14 f\u00e9vrier 2025, article 189), modifie l\u2019article L.822-3 du Code g\u00e9n\u00e9ral de la fonction publique..<\/strong><\/em><\/span><\/h4>\n<p style=\"text-align: center;\"><a href=\"http:\/\/www.fo-saint-etienne.fr\/fomunvse\/wp-content\/uploads\/2025\/04\/FICHE-\u2013-Baisse-de-lindemnisation-des-arrets-maladie-CMO.doc.pdf\" target=\"_blank\" rel=\"noopener\"><span style=\"color: #008000;\"><strong>Vous pouvez lire ou t\u00e9l\u00e9charger ce document ci-dessous \u2026<\/strong><\/span><\/a><\/p>\n<div class=\"df-element df-lite\"  data-slug=\"\" data-_slug=\"\" data-title=\"baisse-de-lindemnisation-des-conges-de-maladie-ordinaire-cmo\" id=\"df_3373\" data-option=\"df_option_3373\" ><\/div><script class=\"df-shortcode-script\" type=\"application\/javascript\">window.df_option_3373 = {\"source\":\"http:\\\/\\\/www.fo-saint-etienne.fr\\\/fomunvse\\\/wp-content\\\/uploads\\\/2025\\\/04\\\/FICHE-\\u2013-Baisse-de-lindemnisation-des-arrets-maladie-CMO.doc.pdf\",\"viewerType\":\"flipbook\",\"height\":\"auto\",\"slug\":\"\",\"id\":3373}; if(window.DEARPDF && window.DEARPDF.parseElements){window.DEARPDF.parseElements();}<\/script>\n","protected":false},"excerpt":{"rendered":"<p>La baisse de l\u2019indemnisation des cong\u00e9s maladie ordinaires (CMO) \u00e0 90 % \u00e0 compter du 1er mars 2025. Depuis le 1er mars 2025, une r\u00e9forme [&#8230;]<\/p>\n","protected":false},"author":1,"featured_media":2513,"comment_status":"closed","ping_status":"closed","sticky":false,"template":"","format":"standard","meta":{"jetpack_post_was_ever_published":false,"_jetpack_newsletter_access":"","_jetpack_dont_email_post_to_subs":false,"_jetpack_newsletter_tier_id":0,"_jetpack_memberships_contains_paywalled_content":false,"_jetpack_memberships_contains_paid_content":false,"footnotes":""},"categories":[17],"tags":[],"class_list":["post-3376","post","type-post","status-publish","format-standard","has-post-thumbnail","hentry","category-article"],"jetpack_featured_media_url":"https:\/\/i0.wp.com\/www.fo-saint-etienne.fr\/fomunvse\/wp-content\/uploads\/2025\/01\/arret_maladie.jpg?fit=920%2C520&ssl=1","jetpack_sharing_enabled":true,"jetpack_shortlink":"https:\/\/wp.me\/p9roQz-Ss","jetpack_likes_enabled":false,"publishpress_future_action":{"enabled":false,"date":"2026-05-10 11:02:02","action":"change-status","newStatus":"draft","terms":[],"taxonomy":"category","extraData":[]},"publishpress_future_workflow_manual_trigger":{"enabledWorkflows":[]},"_links":{"self":[{"href":"https:\/\/www.fo-saint-etienne.fr\/fomunvse\/index.php?rest_route=\/wp\/v2\/posts\/3376","targetHints":{"allow":["GET"]}}],"collection":[{"href":"https:\/\/www.fo-saint-etienne.fr\/fomunvse\/index.php?rest_route=\/wp\/v2\/posts"}],"about":[{"href":"https:\/\/www.fo-saint-etienne.fr\/fomunvse\/index.php?rest_route=\/wp\/v2\/types\/post"}],"author":[{"embeddable":true,"href":"https:\/\/www.fo-saint-etienne.fr\/fomunvse\/index.php?rest_route=\/wp\/v2\/users\/1"}],"replies":[{"embeddable":true,"href":"https:\/\/www.fo-saint-etienne.fr\/fomunvse\/index.php?rest_route=%2Fwp%2Fv2%2Fcomments&post=3376"}],"version-history":[{"count":6,"href":"https:\/\/www.fo-saint-etienne.fr\/fomunvse\/index.php?rest_route=\/wp\/v2\/posts\/3376\/revisions"}],"predecessor-version":[{"id":3382,"href":"https:\/\/www.fo-saint-etienne.fr\/fomunvse\/index.php?rest_route=\/wp\/v2\/posts\/3376\/revisions\/3382"}],"wp:featuredmedia":[{"embeddable":true,"href":"https:\/\/www.fo-saint-etienne.fr\/fomunvse\/index.php?rest_route=\/wp\/v2\/media\/2513"}],"wp:attachment":[{"href":"https:\/\/www.fo-saint-etienne.fr\/fomunvse\/index.php?rest_route=%2Fwp%2Fv2%2Fmedia&parent=3376"}],"wp:term":[{"taxonomy":"category","embeddable":true,"href":"https:\/\/www.fo-saint-etienne.fr\/fomunvse\/index.php?rest_route=%2Fwp%2Fv2%2Fcategories&post=3376"},{"taxonomy":"post_tag","embeddable":true,"href":"https:\/\/www.fo-saint-etienne.fr\/fomunvse\/index.php?rest_route=%2Fwp%2Fv2%2Ftags&post=3376"}],"curies":[{"name":"wp","href":"https:\/\/api.w.org\/{rel}","templated":true}]}}