{"id":3385,"date":"2025-04-01T13:08:00","date_gmt":"2025-04-01T12:08:00","guid":{"rendered":"http:\/\/www.fo-saint-etienne.fr\/fomunvse\/?p=3385"},"modified":"2025-04-01T13:10:43","modified_gmt":"2025-04-01T12:10:43","slug":"retraite-et-allocation-temporaire-dinvalidite","status":"publish","type":"post","link":"https:\/\/www.fo-saint-etienne.fr\/fomunvse\/?p=3385","title":{"rendered":"Retraite et Allocation Temporaire d&rsquo;Invalidit\u00e9"},"content":{"rendered":"<h4 style=\"color: #993366;\"><span style=\"color: #000080;\">Le droit<\/span> \u00e0 <span style=\"color: #ff0000;\">A<\/span>llocation <span style=\"color: #ff0000;\">T<\/span>emporaire d&rsquo;<span style=\"color: #ff0000;\">I<\/span>nvalidit\u00e9 est reconnu si la demande d&rsquo;allocation <span style=\"color: #000080;\">est pr\u00e9sent\u00e9e dans l&rsquo;ann\u00e9e<\/span> qui suit la date de constatation officielle de la consolidation de la blessure ou de son \u00e9tat de sant\u00e9 <span style=\"color: #000080;\">avant le d\u00e9part retraite<\/span>.<\/h4>\n<p style=\"text-align: center;\"><a href=\"http:\/\/www.fo-saint-etienne.fr\/fomunvse\/wp-content\/uploads\/2025\/04\/Retraite-et-Allocation-Temporaire-dinvalididte.pdf\" target=\"_blank\" rel=\"noopener\"><span style=\"color: #008000;\"><strong>Vous pouvez lire ou t\u00e9l\u00e9charger ce document ci-dessous \u2026<\/strong><\/span><\/a><\/p>\n<div class=\"df-element df-lite\"  data-slug=\"\" data-_slug=\"\" data-title=\"retraite-et-allocation-temporaire-dinvalidite\" id=\"df_3383\" data-option=\"df_option_3383\" ><\/div><script class=\"df-shortcode-script\" type=\"application\/javascript\">window.df_option_3383 = {\"source\":\"http:\\\/\\\/www.fo-saint-etienne.fr\\\/fomunvse\\\/wp-content\\\/uploads\\\/2025\\\/04\\\/Retraite-et-Allocation-Temporaire-dinvalididte.pdf\",\"viewerType\":\"flipbook\",\"height\":\"auto\",\"slug\":\"\",\"id\":3383}; if(window.DEARPDF && window.DEARPDF.parseElements){window.DEARPDF.parseElements();}<\/script>\n","protected":false},"excerpt":{"rendered":"<p>Le droit \u00e0 Allocation Temporaire d&rsquo;Invalidit\u00e9 est reconnu si la demande d&rsquo;allocation est pr\u00e9sent\u00e9e dans l&rsquo;ann\u00e9e qui suit la date de constatation officielle de la [&#8230;]<\/p>\n","protected":false},"author":1,"featured_media":2568,"comment_status":"closed","ping_status":"closed","sticky":false,"template":"","format":"standard","meta":{"jetpack_post_was_ever_published":false,"_jetpack_newsletter_access":"","_jetpack_dont_email_post_to_subs":false,"_jetpack_newsletter_tier_id":0,"_jetpack_memberships_contains_paywalled_content":false,"_jetpack_memberships_contains_paid_content":false,"footnotes":""},"categories":[17],"tags":[],"class_list":["post-3385","post","type-post","status-publish","format-standard","has-post-thumbnail","hentry","category-article"],"jetpack_featured_media_url":"https:\/\/i0.wp.com\/www.fo-saint-etienne.fr\/fomunvse\/wp-content\/uploads\/2025\/01\/legifrance_2.jpg?fit=796%2C128&ssl=1","jetpack_sharing_enabled":true,"jetpack_shortlink":"https:\/\/wp.me\/p9roQz-SB","jetpack_likes_enabled":false,"publishpress_future_action":{"enabled":false,"date":"2026-05-10 11:12:36","action":"change-status","newStatus":"draft","terms":[],"taxonomy":"category","extraData":[]},"publishpress_future_workflow_manual_trigger":{"enabledWorkflows":[]},"_links":{"self":[{"href":"https:\/\/www.fo-saint-etienne.fr\/fomunvse\/index.php?rest_route=\/wp\/v2\/posts\/3385","targetHints":{"allow":["GET"]}}],"collection":[{"href":"https:\/\/www.fo-saint-etienne.fr\/fomunvse\/index.php?rest_route=\/wp\/v2\/posts"}],"about":[{"href":"https:\/\/www.fo-saint-etienne.fr\/fomunvse\/index.php?rest_route=\/wp\/v2\/types\/post"}],"author":[{"embeddable":true,"href":"https:\/\/www.fo-saint-etienne.fr\/fomunvse\/index.php?rest_route=\/wp\/v2\/users\/1"}],"replies":[{"embeddable":true,"href":"https:\/\/www.fo-saint-etienne.fr\/fomunvse\/index.php?rest_route=%2Fwp%2Fv2%2Fcomments&post=3385"}],"version-history":[{"count":4,"href":"https:\/\/www.fo-saint-etienne.fr\/fomunvse\/index.php?rest_route=\/wp\/v2\/posts\/3385\/revisions"}],"predecessor-version":[{"id":3389,"href":"https:\/\/www.fo-saint-etienne.fr\/fomunvse\/index.php?rest_route=\/wp\/v2\/posts\/3385\/revisions\/3389"}],"wp:featuredmedia":[{"embeddable":true,"href":"https:\/\/www.fo-saint-etienne.fr\/fomunvse\/index.php?rest_route=\/wp\/v2\/media\/2568"}],"wp:attachment":[{"href":"https:\/\/www.fo-saint-etienne.fr\/fomunvse\/index.php?rest_route=%2Fwp%2Fv2%2Fmedia&parent=3385"}],"wp:term":[{"taxonomy":"category","embeddable":true,"href":"https:\/\/www.fo-saint-etienne.fr\/fomunvse\/index.php?rest_route=%2Fwp%2Fv2%2Fcategories&post=3385"},{"taxonomy":"post_tag","embeddable":true,"href":"https:\/\/www.fo-saint-etienne.fr\/fomunvse\/index.php?rest_route=%2Fwp%2Fv2%2Ftags&post=3385"}],"curies":[{"name":"wp","href":"https:\/\/api.w.org\/{rel}","templated":true}]}}