{"id":3392,"date":"2025-04-07T07:00:24","date_gmt":"2025-04-07T06:00:24","guid":{"rendered":"http:\/\/www.fo-saint-etienne.fr\/fomunvse\/?p=3392"},"modified":"2025-04-03T09:04:33","modified_gmt":"2025-04-03T08:04:33","slug":"les-contractuels-inscrits-au-menu-de-lagenda-social-de-la-fonction-publique","status":"publish","type":"post","link":"https:\/\/www.fo-saint-etienne.fr\/fomunvse\/?p=3392","title":{"rendered":"Les contractuels inscrits au menu de l\u2019agenda social de la fonction publique"},"content":{"rendered":"<h4 style=\"color: #993366;\"><span style=\"color: #000080;\">Le minist\u00e8re de la Fonction publique vient d\u2019adresser une nouvelle version de l\u2019agenda social aux syndicats. La question des personnels contractuels. Autre th\u00e8me que le\u00a0 gouvernement souhaite traiter prioritairement : <strong><span style=\"color: #993366;\"><span style=\"color: #333399;\">les<\/span> <\/span><\/strong><em><strong><span style=\"color: #993366;\">\u201cpistes d\u2019am\u00e9lioration de la r\u00e9mun\u00e9ration des fonctionnaires\u201d<\/span><\/strong><\/em>. En effet, la question sensible des personnels contractuels, dont la place ne cesse d\u2019augmenter dans la fonction publique.<\/span><\/h4>\n<p style=\"text-align: center;\"><a href=\"http:\/\/www.fo-saint-etienne.fr\/fomunvse\/wp-content\/uploads\/2025\/04\/Contractuels-inscrits-au-menu-de-lagenda-social.doc.pdf\" target=\"_blank\" rel=\"noopener\"><span style=\"color: #008000;\"><strong>Vous pouvez lire ou t\u00e9l\u00e9charger ce document ci-dessous \u2026<\/strong><\/span><\/a><\/p>\n<div class=\"df-element df-lite\"  data-slug=\"\" data-_slug=\"\" data-title=\"les-contractuels-inscrits-au-menu-de-lagenda-social-de-la-fonction-publique\" id=\"df_3390\" data-option=\"df_option_3390\" ><\/div><script class=\"df-shortcode-script\" type=\"application\/javascript\">window.df_option_3390 = {\"source\":\"http:\\\/\\\/www.fo-saint-etienne.fr\\\/fomunvse\\\/wp-content\\\/uploads\\\/2025\\\/04\\\/Contractuels-inscrits-au-menu-de-lagenda-social.doc.pdf\",\"viewerType\":\"flipbook\",\"height\":\"auto\",\"slug\":\"\",\"id\":3390}; if(window.DEARPDF && window.DEARPDF.parseElements){window.DEARPDF.parseElements();}<\/script>\n","protected":false},"excerpt":{"rendered":"<p>Le minist\u00e8re de la Fonction publique vient d\u2019adresser une nouvelle version de l\u2019agenda social aux syndicats. La question des personnels contractuels. Autre th\u00e8me que le\u00a0 [&#8230;]<\/p>\n","protected":false},"author":1,"featured_media":3396,"comment_status":"closed","ping_status":"closed","sticky":false,"template":"","format":"standard","meta":{"jetpack_post_was_ever_published":false,"_jetpack_newsletter_access":"","_jetpack_dont_email_post_to_subs":false,"_jetpack_newsletter_tier_id":0,"_jetpack_memberships_contains_paywalled_content":false,"_jetpack_memberships_contains_paid_content":false,"footnotes":""},"categories":[17],"tags":[],"class_list":["post-3392","post","type-post","status-publish","format-standard","has-post-thumbnail","hentry","category-article"],"jetpack_featured_media_url":"https:\/\/i0.wp.com\/www.fo-saint-etienne.fr\/fomunvse\/wp-content\/uploads\/2025\/04\/Contractuels.png?fit=950%2C582&ssl=1","jetpack_sharing_enabled":true,"jetpack_shortlink":"https:\/\/wp.me\/p9roQz-SI","jetpack_likes_enabled":false,"publishpress_future_action":{"enabled":false,"date":"2026-05-10 11:15:18","action":"change-status","newStatus":"draft","terms":[],"taxonomy":"category","extraData":[]},"publishpress_future_workflow_manual_trigger":{"enabledWorkflows":[]},"_links":{"self":[{"href":"https:\/\/www.fo-saint-etienne.fr\/fomunvse\/index.php?rest_route=\/wp\/v2\/posts\/3392","targetHints":{"allow":["GET"]}}],"collection":[{"href":"https:\/\/www.fo-saint-etienne.fr\/fomunvse\/index.php?rest_route=\/wp\/v2\/posts"}],"about":[{"href":"https:\/\/www.fo-saint-etienne.fr\/fomunvse\/index.php?rest_route=\/wp\/v2\/types\/post"}],"author":[{"embeddable":true,"href":"https:\/\/www.fo-saint-etienne.fr\/fomunvse\/index.php?rest_route=\/wp\/v2\/users\/1"}],"replies":[{"embeddable":true,"href":"https:\/\/www.fo-saint-etienne.fr\/fomunvse\/index.php?rest_route=%2Fwp%2Fv2%2Fcomments&post=3392"}],"version-history":[{"count":3,"href":"https:\/\/www.fo-saint-etienne.fr\/fomunvse\/index.php?rest_route=\/wp\/v2\/posts\/3392\/revisions"}],"predecessor-version":[{"id":3395,"href":"https:\/\/www.fo-saint-etienne.fr\/fomunvse\/index.php?rest_route=\/wp\/v2\/posts\/3392\/revisions\/3395"}],"wp:featuredmedia":[{"embeddable":true,"href":"https:\/\/www.fo-saint-etienne.fr\/fomunvse\/index.php?rest_route=\/wp\/v2\/media\/3396"}],"wp:attachment":[{"href":"https:\/\/www.fo-saint-etienne.fr\/fomunvse\/index.php?rest_route=%2Fwp%2Fv2%2Fmedia&parent=3392"}],"wp:term":[{"taxonomy":"category","embeddable":true,"href":"https:\/\/www.fo-saint-etienne.fr\/fomunvse\/index.php?rest_route=%2Fwp%2Fv2%2Fcategories&post=3392"},{"taxonomy":"post_tag","embeddable":true,"href":"https:\/\/www.fo-saint-etienne.fr\/fomunvse\/index.php?rest_route=%2Fwp%2Fv2%2Ftags&post=3392"}],"curies":[{"name":"wp","href":"https:\/\/api.w.org\/{rel}","templated":true}]}}